{"id":25289,"date":"2018-01-10T10:49:37","date_gmt":"2018-01-10T16:49:37","guid":{"rendered":"https:\/\/radiozapatista.org\/?p=25289"},"modified":"2018-01-10T10:49:37","modified_gmt":"2018-01-10T16:49:37","slug":"gira-del-cig-y-su-vocera-marichuy-en-los-caracoles-zapatistas-video","status":"publish","type":"post","link":"https:\/\/radiozapatista.org\/?p=25289","title":{"rendered":"Gira del CIG y su vocera Marichuy en los Caracoles Zapatistas (Video)"},"content":{"rendered":"<p>La visita de la vocera, Marichuy, del Concejo Ind\u00edgena de Gobierno a los 5 Caracoles Zapatistas es un momento clave en la historia del movimiento ind\u00edgena en M\u00e9xico y de las luchas altermundistas en el mundo. En este video podr\u00e1s escuchar y ver a las bases zapatistas, lxs solidarios y los medios libres que recibieron y acompa\u00f1aron el caminar de los concejales del CIG nombrados por sus comunidades para caminar la dignidad, la rebeld\u00eda, la resistencia, la autonom\u00eda y la esperanza en el marco del proceso electoral mexicano 2017-2018.<\/p>\n<p><iframe loading=\"lazy\" width=\"560\" height=\"315\" src=\"https:\/\/www.youtube.com\/embed\/1FdQgkds78Q\" frameborder=\"0\" allow=\"autoplay; encrypted-media\" allowfullscreen><\/iframe><\/p>","protected":false},"excerpt":{"rendered":"<p>La visita de la vocera, Marichuy, del Concejo Ind\u00edgena de Gobierno a los 5 Caracoles Zapatistas es un momento clave en la historia del movimiento ind\u00edgena en M\u00e9xico y de las luchas altermundistas en el mundo. En este video podr\u00e1s escuchar y ver a las bases zapatistas, lxs solidarios y los medios libres que recibieron [&hellip;]<\/p>\n","protected":false},"author":1,"featured_media":23454,"comment_status":"open","ping_status":"closed","sticky":false,"template":"","format":"standard","meta":{"footnotes":""},"categories":[957,6,1024,1095,955,826,961,222],"tags":[1164,79,1151,63,926,1130,41,545],"class_list":["post-25289","post","type-post","status-publish","format-standard","has-post-thumbnail","hentry","category-autonomia","category-chiapas","category-cni-temas","category-concejo-indigena-de-gobierno","category-ezln-temas","category-medios-libres-2","category-mujeres","category-video","tag-recorridocig","tag-autonomia","tag-cig","tag-cni","tag-ezln","tag-marichuy","tag-mujeres","tag-pueblos-indigenas"],"_links":{"self":[{"href":"https:\/\/radiozapatista.org\/index.php?rest_route=\/wp\/v2\/posts\/25289","targetHints":{"allow":["GET"]}}],"collection":[{"href":"https:\/\/radiozapatista.org\/index.php?rest_route=\/wp\/v2\/posts"}],"about":[{"href":"https:\/\/radiozapatista.org\/index.php?rest_route=\/wp\/v2\/types\/post"}],"author":[{"embeddable":true,"href":"https:\/\/radiozapatista.org\/index.php?rest_route=\/wp\/v2\/users\/1"}],"replies":[{"embeddable":true,"href":"https:\/\/radiozapatista.org\/index.php?rest_route=%2Fwp%2Fv2%2Fcomments&post=25289"}],"version-history":[{"count":0,"href":"https:\/\/radiozapatista.org\/index.php?rest_route=\/wp\/v2\/posts\/25289\/revisions"}],"wp:featuredmedia":[{"embeddable":true,"href":"https:\/\/radiozapatista.org\/index.php?rest_route=\/wp\/v2\/media\/23454"}],"wp:attachment":[{"href":"https:\/\/radiozapatista.org\/index.php?rest_route=%2Fwp%2Fv2%2Fmedia&parent=25289"}],"wp:term":[{"taxonomy":"category","embeddable":true,"href":"https:\/\/radiozapatista.org\/index.php?rest_route=%2Fwp%2Fv2%2Fcategories&post=25289"},{"taxonomy":"post_tag","embeddable":true,"href":"https:\/\/radiozapatista.org\/index.php?rest_route=%2Fwp%2Fv2%2Ftags&post=25289"}],"curies":[{"name":"wp","href":"https:\/\/api.w.org\/{rel}","templated":true}]}}