{"id":25286,"date":"2018-01-09T10:27:08","date_gmt":"2018-01-09T16:27:08","guid":{"rendered":"https:\/\/radiozapatista.org\/?p=25286"},"modified":"2018-01-10T10:39:15","modified_gmt":"2018-01-10T16:39:15","slug":"detienen-e-incomunican-a-mas-de-30-policias-comunitarios-de-la-concepcion-acapulco-y-ejecutan-a-tres","status":"publish","type":"post","link":"https:\/\/radiozapatista.org\/?p=25286","title":{"rendered":"Detienen e incomunican a m\u00e1s de 30 polic\u00edas comunitarios de La Concepci\u00f3n, Acapulco y ejecutan a tres"},"content":{"rendered":"<p><\/p>\n<p style=\"text-align: center;\"><a href=\"https:\/\/radiozapatista.org\/wp-content\/uploads\/2018\/01\/agresioncrac.jpg\"><img loading=\"lazy\" decoding=\"async\" class=\"aligncenter size-medium wp-image-25287\" src=\"https:\/\/radiozapatista.org\/wp-content\/uploads\/2018\/01\/agresioncrac-350x236.jpg\" alt=\"\" width=\"350\" height=\"236\" srcset=\"https:\/\/radiozapatista.org\/wp-content\/uploads\/2018\/01\/agresioncrac-350x236.jpg 350w, https:\/\/radiozapatista.org\/wp-content\/uploads\/2018\/01\/agresioncrac-768x517.jpg 768w, https:\/\/radiozapatista.org\/wp-content\/uploads\/2018\/01\/agresioncrac.jpg 800w\" sizes=\"auto, (max-width: 350px) 100vw, 350px\" \/><\/a><\/p>\n<p><strong>Acapulco, Guerrero a 08 de enero de 2018.-<\/strong> Ayer por la madrugada, miembros de la Coordinadora Regional de Autoridades Comunitarias \u2013 Polic\u00eda Comunitaria (CRAC-PC) del poblado de La Concepci\u00f3n, municipio de Acapulco, fueron emboscados por personas desconocidas. Los hechos tuvieron lugar cuando los polic\u00edas comunitarios pasaban por la Comisar\u00eda Municipal de La Concepci\u00f3n como parte de los rondines de seguridad para resguardar un baile que se celebr\u00f3 en el pueblo con motivo de una fiesta local. Esta acci\u00f3n violenta dej\u00f3 un saldo de dos polic\u00edas comunitarios asesinados y seis miembros del grupo agresor. Alrededor de las diez de la ma\u00f1ana, el gobierno del estado de Guerrero mont\u00f3 un operativo de m\u00e1s de 100 elementos de fuerzas de seguridad conformado por polic\u00edas ministeriales y estatales, as\u00ed como por el ej\u00e9rcito para realizar el levantamiento de los cuerpos e iniciar las primeras diligencias. En el marco de este operativo, las fuerzas de seguridad se desplegaron en comunidades circunvecinas con el fin de catear las casas de los miembros del Consejo de Ejidos y Comunidades Opositores a la Presa La Parota (CECOP), sin ninguna orden legal expedida por autoridad competente.<\/p>\n<p><strong>Al momento de que un helic\u00f3ptero sobrevolaba el lugar de los hechos, un polic\u00eda del estado accion\u00f3 su arma, desencadenando un tiroteo que ocasion\u00f3 la ejecuci\u00f3n extrajudicial de tres polic\u00edas comunitarios. En ese instante se aglomeraron todas las fuerzas policiales con el fin de detener a Marco Antonio Su\u00e1stegui Mu\u00f1oz y Vicente Su\u00e1stegui Mu\u00f1oz, dirigentes del CECOP, as\u00ed como a m\u00e1s de 30 polic\u00edas comunitarios.<\/strong> Alrededor de las 5 de la tarde, elementos de la polic\u00eda ministerial trasladaron a Marco Antonio Su\u00e1stegui fuera de la Fiscal\u00eda con sede en Acapulco sin que hasta el momento sus familiares tengan conocimiento de su paradero.<\/p>\n<p>Las autoridades del estado han negado cualquier informaci\u00f3n sobre la situaci\u00f3n jur\u00eddica de Marco Antonio Su\u00e1stegui Mu\u00f1oz. Asimismo, la Fiscal\u00eda General del Estado de Guerrero realiza las investigaciones y diligencias en total opacidad manteniendo a los detenidos incomunicados y sin que se garantice un debido proceso.<\/p>\n<p>El gran temor de sus familiares es que puedan ser trasladados a penales de m\u00e1xima seguridad fuera de la entidad, donde su estado de incomunicaci\u00f3n aumentar\u00eda el riesgo de que sean v\u00edctimas de graves violaciones a derechos humanos, como tortura, tratos crueles, inhumanos o degradantes, desaparici\u00f3n forzada o ejecuci\u00f3n extrajudicial.<br \/>\n<strong><br \/>\nPor estos hechos expresamos nuestra gran preocupaci\u00f3n por que las autoridades ministeriales violen de manera flagrante sus derechos a la vida, a la seguridad personal e integridad f\u00edsica, a la personalidad jur\u00eddica, al acceso a la justicia y a un juicio justo y los principios del debido proceso. Se han cometido 30 detenciones arbitrarias y la ejecuci\u00f3n extrajudicial de tres polic\u00edas comunitarios; se ha hecho uso letal de la fuerza como \u00fanico recurso para dirimir un conflicto de alta intensidad; se han realizado cateos sin una orden de autoridad competente por parte de las diferentes corporaciones policiales en los domicilios de los miembros del CECOP; y se ha incomunicado a los detenidos y se les ha negado una defensa adecuada al impedir que sus abogados puedan entrevistarse con ellos.<\/strong><\/p>\n<p><strong>Por todo lo anterior solicitamos enviar comunicaciones a las siguientes autoridades, de modo que se garantice el debido proceso y se proporcione informaci\u00f3n tanto a sus familiares como a sus abogados sobre el paradero y la situaci\u00f3n jur\u00eddica de las personas detenidas. En particular, debido al trabajo de Marco Antonio Su\u00e1stegui Mu\u00f1oz como defensor comunitario y a la criminalizaci\u00f3n y ataques de que ha sido objeto anteriormente, solicitamos hacer \u00e9nfasis en que se garantice en todo momento su integridad f\u00edsica y psicol\u00f3gica. Adem\u00e1s, hacemos un llamado para replicar esta acci\u00f3n urgente y realizar pronunciamientos p\u00fablicos sobre su situaci\u00f3n y la de todas las personas detenidas.<\/strong><\/p>\n<p><!--more-->a) \u00a0 \u00a0 \u00a0 Gobernador del Estado de Guerrero, H\u00e9ctor Astudillo Flores<br \/>\nTel\u00e9fono: \u00a0+52 1 747 4719801 ext. 9801<br \/>\nCorreo electr\u00f3nico: <a href=\"mailto:gobernador@guerrero.gob.mx\">gobernador@guerrero.gob.mx<\/a>, <a href=\"mailto:secretariageneral@guerrero.gob.mx\">secretariageneral@guerrero.gob.mx<\/a>, <a href=\"mailto:cesar.armenta@guerrero.gob.mx\">cesar.armenta@guerrero.gob.mx<\/a><\/p>\n<p>b) \u00a0 \u00a0 \u00a0 Fiscal General del Estado, Javier Ignacio Olea Pel\u00e1ez<br \/>\nTel\u00e9fono: +52 1 494 2999 ext. 1002<br \/>\nCorreo electr\u00f3nico: <a href=\"mailto:edgar.vaca@fiscaliaguerrero.gob.mx\">edgar.vaca@fiscaliaguerrero.gob.mx<\/a>, <a href=\"mailto:aurora.solano@fiscaliaguerrero.gob.mx\">aurora.solano@fiscaliaguerrero.gob.mx<\/a><\/p>\n<p>c) \u00a0 \u00a0 \u00a0 Secretario de Seguridad P\u00fablica, Pedro Almaz\u00e1n Cervantes<br \/>\nTel\u00e9fono: +52 1 747 471973<br \/>\nCorreo electr\u00f3nico: <a href=\"mailto:sspypc@guerrero.gob.mx\">sspypc@guerrero.gob.mx<\/a><\/p>\n<p>d) \u00a0 \u00a0 \u00a0 Presidente del Tribunal Superior de Justicia, Alberto L\u00f3pez Celis<br \/>\nTel\u00e9fono: +52 1 747 4943200<br \/>\nCorreo electr\u00f3nico: <a href=\"mailto:presidencia@tsj-guerrero.gob.mx\">presidencia@tsj-guerrero.gob.mx<\/a><\/p>\n<p>&nbsp;<\/p>\n<p style=\"text-align: center;\"><strong>ATENTAMENTE<\/strong><\/p>\n<p style=\"text-align: center;\"><strong>Centro de Derechos Humanos de la Monta\u00f1a Tlachinollan<\/strong><\/p>\n<p><\/p>","protected":false},"excerpt":{"rendered":"<p>Acapulco, Guerrero a 08 de enero de 2018.- Ayer por la madrugada, miembros de la Coordinadora Regional de Autoridades Comunitarias \u2013 Polic\u00eda Comunitaria (CRAC-PC) del poblado de La Concepci\u00f3n, municipio de Acapulco, fueron emboscados por personas desconocidas. Los hechos tuvieron lugar cuando los polic\u00edas comunitarios pasaban por la Comisar\u00eda Municipal de La Concepci\u00f3n como parte [&hellip;]<\/p>\n","protected":false},"author":1,"featured_media":0,"comment_status":"open","ping_status":"closed","sticky":false,"template":"","format":"standard","meta":{"footnotes":""},"categories":[957,958,183],"tags":[79,554,832,567,78,87],"class_list":["post-25286","post","type-post","status-publish","format-standard","hentry","category-autonomia","category-megaproyectos","category-blog","tag-autonomia","tag-crac","tag-la-parota","tag-megaproyectos","tag-policia-comunitaria","tag-represion"],"_links":{"self":[{"href":"https:\/\/radiozapatista.org\/index.php?rest_route=\/wp\/v2\/posts\/25286","targetHints":{"allow":["GET"]}}],"collection":[{"href":"https:\/\/radiozapatista.org\/index.php?rest_route=\/wp\/v2\/posts"}],"about":[{"href":"https:\/\/radiozapatista.org\/index.php?rest_route=\/wp\/v2\/types\/post"}],"author":[{"embeddable":true,"href":"https:\/\/radiozapatista.org\/index.php?rest_route=\/wp\/v2\/users\/1"}],"replies":[{"embeddable":true,"href":"https:\/\/radiozapatista.org\/index.php?rest_route=%2Fwp%2Fv2%2Fcomments&post=25286"}],"version-history":[{"count":0,"href":"https:\/\/radiozapatista.org\/index.php?rest_route=\/wp\/v2\/posts\/25286\/revisions"}],"wp:attachment":[{"href":"https:\/\/radiozapatista.org\/index.php?rest_route=%2Fwp%2Fv2%2Fmedia&parent=25286"}],"wp:term":[{"taxonomy":"category","embeddable":true,"href":"https:\/\/radiozapatista.org\/index.php?rest_route=%2Fwp%2Fv2%2Fcategories&post=25286"},{"taxonomy":"post_tag","embeddable":true,"href":"https:\/\/radiozapatista.org\/index.php?rest_route=%2Fwp%2Fv2%2Ftags&post=25286"}],"curies":[{"name":"wp","href":"https:\/\/api.w.org\/{rel}","templated":true}]}}