{"id":25282,"date":"2018-01-10T10:22:01","date_gmt":"2018-01-10T16:22:01","guid":{"rendered":"https:\/\/radiozapatista.org\/?p=25282"},"modified":"2018-01-10T10:24:19","modified_gmt":"2018-01-10T16:24:19","slug":"pronunciamiento-sobre-la-agresion-en-cacahuatepec-guerrero","status":"publish","type":"post","link":"https:\/\/radiozapatista.org\/?p=25282","title":{"rendered":"Concejo Ind\u00edgena de Gobierno denuncia agresi\u00f3n en Cacahuatepec, Guerrero"},"content":{"rendered":"<p><\/p>\n<h4 style=\"text-align: center;\">Pronunciamiento sobre la agresi\u00f3n en Cacahuatepec, Guerrero<\/h4>\n<p style=\"text-align: center;\"><a href=\"https:\/\/radiozapatista.org\/wp-content\/uploads\/2018\/01\/crac-pc.jpg\"><img loading=\"lazy\" decoding=\"async\" class=\"aligncenter wp-image-25283 size-medium\" src=\"https:\/\/radiozapatista.org\/wp-content\/uploads\/2018\/01\/crac-pc-350x263.jpg\" alt=\"\" width=\"350\" height=\"263\" srcset=\"https:\/\/radiozapatista.org\/wp-content\/uploads\/2018\/01\/crac-pc-350x263.jpg 350w, https:\/\/radiozapatista.org\/wp-content\/uploads\/2018\/01\/crac-pc.jpg 664w\" sizes=\"auto, (max-width: 350px) 100vw, 350px\" \/><\/a><br \/>\n<small>Foto: Agencia EFE<\/small><\/p>\n<p>Hermanas y hermanos de la comunidad de Cacahuatepec, Guerrero,<br \/>\nHermanas y hermanos del Concejo de Ejidos y Comunidades Opositoras a la Presa la Parota,<br \/>\nHermanas y hermanos de M\u00e9xico y el mundo.<\/p>\n<p>Desde estas tierras de los pueblos originarios del norte de M\u00e9xico, les enviamos nuestro apoyo y solidaridad ante la cobarde agresi\u00f3n por parte de la polic\u00eda del estado de Guerrero, apoyada por el Ej\u00e9rcito Mexicano y la Marina Armada de M\u00e9xico; condenamos y repudiamos este ataque de quienes se hacen llamar militares, polic\u00edas, sicarios o paramilitares, y en el que perdieron la vida 11 personas, entre ellas 5 polic\u00edas comunitarios de Cacahuatepec pertenecientes a la CRAC-PC; y fueron secuestrados y torturados por el mal gobierno 38 polic\u00edas comunitarios.<\/p>\n<p>Los militares y los polic\u00edas, que se quieren hacer gobierno por encima de los pueblos de todo M\u00e9xico y que son de nuestros pueblos, dicen que fue un enfrentamiento entre civiles armados y polic\u00edas comunitarios. Nosotros decimos que el compa\u00f1ero Marco Antonio Su\u00e1stegui y los pueblos del CECOP defienden su tierra para que no se la adue\u00f1en las empresas trasnacionales para hacer la presa Hidroel\u00e9ctrica la Parota, que defienden su seguridad de los narcoparamilitares del gobierno y que defienden su autonom\u00eda porque el mal gobierno es asesino, mentiroso y traidor.<\/p>\n<p><!--more-->Nosotros no nos creemos las mentiras del mal gobierno aunque las repita muchas veces en todos sus medios de comunicaci\u00f3n, no somos los pueblos los que nos estamos matando entre nosotros, no somos los pueblos los que tenemos paramilitares para hacer la guerra, no somos los pueblos los que queremos destruir y privatizar la tierra. En cambio, somos los que tenemos y protegemos la tierra, somos los que ya acumulamos tanto luto, dolor y rabia, que no queda espacio ni tiempo para el miedo, sino la urgencia de tumbar este monstruo, esta enfermedad letal para la vida que se llama capitalismo.<\/p>\n<p>Hermanos, hermanas del CECOP, nuestro coraz\u00f3n que hoy camina por todo el pa\u00eds est\u00e1 con ustedes, su dolor es nuestro, su rabia es nuestra y aunque los malos gobiernos quieran verlos solos, divididos y con miedo, nosotras y nosotros del Concejo Ind\u00edgena de Gobierno y del Congreso Nacional Ind\u00edgena seguiremos caminando nuestra palabra y nuestro coraz\u00f3n hasta sus tierras en el tiempo y modo que ustedes nos propongan, manifestando que, si bien, el encuentro que ten\u00edamos previamente acordado para este d\u00eda 26 de enero de 2018 queda abierto para nuevas fechas ante la violencia del Estado y la urgencia que tiene para la defensa de sus comunidades, seguiremos sembrando, en medio de la guerra, puentes con ustedes para construir la justicia y la verdad.<\/p>\n<p style=\"text-align: center;\">A 9 de enero de 2018<br \/>\nDesde el Territorio de la Naci\u00f3n Comcaac, Sonora<\/p>\n<p style=\"text-align: center;\">POR LA RECONSTITUCI\u00d3N INTEGRAL DE NUESTROS PUEBLOS<br \/>\nNUNCA M\u00c1S UN M\u00c9XICO SIN NOSOSTROS<\/p>\n<p style=\"text-align: center;\">MARIA DE JESUS PATRICIO<br \/>\nVOCERA DEL CONCEJO IND\u00cdGENA DE GOBIERNO\/CONGRESO NACIONAL IND\u00cdGENA<\/p>\n<p>Fuente: <a href=\"http:\/\/www.congresonacionalindigena.org\/2018\/01\/10\/pronunciamiento-la-agresion-cacahuatepec-guerrero\/\" rel=\"noopener\" target=\"_blank\">Congreso Nacional Ind\u00edgena<\/a><br \/>\n&nbsp;<\/p>","protected":false},"excerpt":{"rendered":"<p>Pronunciamiento sobre la agresi\u00f3n en Cacahuatepec, Guerrero Foto: Agencia EFE Hermanas y hermanos de la comunidad de Cacahuatepec, Guerrero, Hermanas y hermanos del Concejo de Ejidos y Comunidades Opositoras a la Presa la Parota, Hermanas y hermanos de M\u00e9xico y el mundo. Desde estas tierras de los pueblos originarios del norte de M\u00e9xico, les enviamos [&hellip;]<\/p>\n","protected":false},"author":1,"featured_media":25283,"comment_status":"open","ping_status":"closed","sticky":false,"template":"","format":"standard","meta":{"footnotes":""},"categories":[1024,943,1095,958,954],"tags":[79,554,77,989,832,567,147,23,531,78,87],"class_list":["post-25282","post","type-post","status-publish","format-standard","has-post-thumbnail","hentry","category-cni-temas","category-cni","category-concejo-indigena-de-gobierno","category-megaproyectos","category-mexico","tag-autonomia","tag-crac","tag-guerrero","tag-hidroelectricas","tag-la-parota","tag-megaproyectos","tag-militarizacion","tag-paramilitares","tag-policia","tag-policia-comunitaria","tag-represion"],"_links":{"self":[{"href":"https:\/\/radiozapatista.org\/index.php?rest_route=\/wp\/v2\/posts\/25282","targetHints":{"allow":["GET"]}}],"collection":[{"href":"https:\/\/radiozapatista.org\/index.php?rest_route=\/wp\/v2\/posts"}],"about":[{"href":"https:\/\/radiozapatista.org\/index.php?rest_route=\/wp\/v2\/types\/post"}],"author":[{"embeddable":true,"href":"https:\/\/radiozapatista.org\/index.php?rest_route=\/wp\/v2\/users\/1"}],"replies":[{"embeddable":true,"href":"https:\/\/radiozapatista.org\/index.php?rest_route=%2Fwp%2Fv2%2Fcomments&post=25282"}],"version-history":[{"count":0,"href":"https:\/\/radiozapatista.org\/index.php?rest_route=\/wp\/v2\/posts\/25282\/revisions"}],"wp:featuredmedia":[{"embeddable":true,"href":"https:\/\/radiozapatista.org\/index.php?rest_route=\/wp\/v2\/media\/25283"}],"wp:attachment":[{"href":"https:\/\/radiozapatista.org\/index.php?rest_route=%2Fwp%2Fv2%2Fmedia&parent=25282"}],"wp:term":[{"taxonomy":"category","embeddable":true,"href":"https:\/\/radiozapatista.org\/index.php?rest_route=%2Fwp%2Fv2%2Fcategories&post=25282"},{"taxonomy":"post_tag","embeddable":true,"href":"https:\/\/radiozapatista.org\/index.php?rest_route=%2Fwp%2Fv2%2Ftags&post=25282"}],"curies":[{"name":"wp","href":"https:\/\/api.w.org\/{rel}","templated":true}]}}