{"id":2507,"date":"2011-04-12T12:07:05","date_gmt":"2011-04-12T17:07:05","guid":{"rendered":"https:\/\/radiozapatista.org\/?p=2507"},"modified":"2019-03-26T09:40:28","modified_gmt":"2019-03-26T15:40:28","slug":"audios-de-companeros-de-san-sebastian-bachajon-11-abril-2011","status":"publish","type":"post","link":"https:\/\/radiozapatista.org\/?p=2507","title":{"rendered":"Audios de compa\u00f1eros de San Sebasti\u00e1n Bachaj\u00f3n &#8211; 11 abril 2011"},"content":{"rendered":"<p>El dia de hoy lunes 11 de abril a dos dias de ser nuevamente desalojados de sus tierras, los compa\u00f1eros del ejido San Sebasti\u00e1n Bachaj\u00f3n comparten su palabra para con todos los compa\u00f1eros que se han solidarizado con su problem\u00e1tica. En las cascadas de Agua Azul dentro del ejido Bachaj\u00f3n se vive una tensa calma devido a la presencia de polic\u00edas y ej\u00e9rcito. Los compa\u00f1eros reafirman su compromiso de seguir en su lucha y hacen un llamado a la comunidad nacional e internacional a estar atentos a lo que les pueda ocurrir.<\/p>\n<p>[podcast]http:\/\/www.pozol.org\/audios\/2011\/BACHAJON\/BACHAJON-11-ABRIL-1.mp3[\/podcast]<br \/>\n[podcast]http:\/\/www.pozol.org\/audios\/2011\/BACHAJON\/BACHAJON-11-ABRIL-2.mp3[\/podcast]<br \/>\n[podcast]http:\/\/www.pozol.org\/audios\/2011\/BACHAJON\/bachaj%c3%b3n-11-abril-5.mp3[\/podcast]<br \/>\n[podcast]http:\/\/www.pozol.org\/audios\/2011\/BACHAJON\/BACHAJON-11-ABRIL-6.mp3[\/podcast]<br \/>\n[podcast]http:\/\/www.pozol.org\/audios\/2011\/BACHAJON\/BACHAJON-11-ABRIL-4.mp3[\/podcast]<br \/>\n<!--more--><\/p>\n<dl>\n<dt> <a title=\"Imagen1318\" href=\"http:\/\/www.pozol.org\/?attachment_id=422\"><img loading=\"lazy\" decoding=\"async\" title=\"Imagen1318\" src=\"http:\/\/www.pozol.org\/wp-content\/uploads\/2011\/04\/Imagen1318-150x150.jpg\" alt=\"Imagen1318\" width=\"150\" height=\"150\" \/><\/a> <\/dt>\n<\/dl>\n<dl>\n<dt> <a title=\"Imagen1320\" href=\"http:\/\/www.pozol.org\/?attachment_id=423\"><img loading=\"lazy\" decoding=\"async\" title=\"Imagen1320\" src=\"http:\/\/www.pozol.org\/wp-content\/uploads\/2011\/04\/Imagen1320-150x150.jpg\" alt=\"Imagen1320\" width=\"150\" height=\"150\" \/><\/a> <\/dt>\n<\/dl>\n<dl>\n<dt> <a title=\"Imagen1316\" href=\"http:\/\/www.pozol.org\/?attachment_id=424\"><img loading=\"lazy\" decoding=\"async\" title=\"Imagen1316\" src=\"http:\/\/www.pozol.org\/wp-content\/uploads\/2011\/04\/Imagen1316-150x150.jpg\" alt=\"Imagen1316\" width=\"150\" height=\"150\" \/><\/a> <\/dt>\n<\/dl>\n<dl>\n<dt> <a title=\"Imagen1296\" href=\"http:\/\/www.pozol.org\/?attachment_id=425\"><img loading=\"lazy\" decoding=\"async\" title=\"Imagen1296\" src=\"http:\/\/www.pozol.org\/wp-content\/uploads\/2011\/04\/Imagen1296-150x150.jpg\" alt=\"Imagen1296\" width=\"150\" height=\"150\" \/><\/a> <\/dt>\n<\/dl>\n<dl>\n<dt> <a title=\"Imagen1273\" href=\"http:\/\/www.pozol.org\/?attachment_id=426\"><img loading=\"lazy\" decoding=\"async\" title=\"Imagen1273\" src=\"http:\/\/www.pozol.org\/wp-content\/uploads\/2011\/04\/Imagen1273-150x150.jpg\" alt=\"Imagen1273\" width=\"150\" height=\"150\" \/><\/a> <\/dt>\n<\/dl>\n<p><\/p>","protected":false},"excerpt":{"rendered":"<p>El dia de hoy lunes 11 de abril a dos dias de ser nuevamente desalojados de sus tierras, los compa\u00f1eros del ejido San Sebasti\u00e1n Bachaj\u00f3n comparten su palabra para con todos los compa\u00f1eros que se han solidarizado con su problem\u00e1tica. En las cascadas de Agua Azul dentro del ejido Bachaj\u00f3n se vive una tensa calma [&hellip;]<\/p>\n","protected":false},"author":1,"featured_media":0,"comment_status":"open","ping_status":"open","sticky":false,"template":"","format":"standard","meta":{"footnotes":""},"categories":[1,51,6,196],"tags":[60,61,147,54,545,97],"class_list":["post-2507","post","type-post","status-publish","format-standard","hentry","category-audio","category-autor","category-chiapas","category-radio-pozol","tag-agua-azul","tag-bachajon","tag-militarizacion","tag-otra-campana","tag-pueblos-indigenas","tag-territorio"],"_links":{"self":[{"href":"https:\/\/radiozapatista.org\/index.php?rest_route=\/wp\/v2\/posts\/2507","targetHints":{"allow":["GET"]}}],"collection":[{"href":"https:\/\/radiozapatista.org\/index.php?rest_route=\/wp\/v2\/posts"}],"about":[{"href":"https:\/\/radiozapatista.org\/index.php?rest_route=\/wp\/v2\/types\/post"}],"author":[{"embeddable":true,"href":"https:\/\/radiozapatista.org\/index.php?rest_route=\/wp\/v2\/users\/1"}],"replies":[{"embeddable":true,"href":"https:\/\/radiozapatista.org\/index.php?rest_route=%2Fwp%2Fv2%2Fcomments&post=2507"}],"version-history":[{"count":1,"href":"https:\/\/radiozapatista.org\/index.php?rest_route=\/wp\/v2\/posts\/2507\/revisions"}],"predecessor-version":[{"id":31054,"href":"https:\/\/radiozapatista.org\/index.php?rest_route=\/wp\/v2\/posts\/2507\/revisions\/31054"}],"wp:attachment":[{"href":"https:\/\/radiozapatista.org\/index.php?rest_route=%2Fwp%2Fv2%2Fmedia&parent=2507"}],"wp:term":[{"taxonomy":"category","embeddable":true,"href":"https:\/\/radiozapatista.org\/index.php?rest_route=%2Fwp%2Fv2%2Fcategories&post=2507"},{"taxonomy":"post_tag","embeddable":true,"href":"https:\/\/radiozapatista.org\/index.php?rest_route=%2Fwp%2Fv2%2Ftags&post=2507"}],"curies":[{"name":"wp","href":"https:\/\/api.w.org\/{rel}","templated":true}]}}