{"id":24649,"date":"2017-12-17T08:37:03","date_gmt":"2017-12-17T14:37:03","guid":{"rendered":"https:\/\/radiozapatista.org\/?p=24649"},"modified":"2017-12-17T08:46:08","modified_gmt":"2017-12-17T14:46:08","slug":"palabras-de-maria-de-jesus-patricio-martinez-vocera-del-cig-en-chapultenango-chiapas-14-de-diciembre-de-2017","status":"publish","type":"post","link":"https:\/\/radiozapatista.org\/?p=24649","title":{"rendered":"[:es]Palabras de Mar\u00eda de Jes\u00fas Patricio Mart\u00ednez, vocera del CIG, en CHAPULTENANGO, CHIAPAS. 14 de diciembre de 2017[:]"},"content":{"rendered":"<p>[:es]<\/p>\n<p style=\"text-align: center;\"><a href=\"https:\/\/radiozapatista.org\/wp-content\/uploads\/2017\/12\/photo_2017-12-14_18-15-32.jpg\"><img loading=\"lazy\" decoding=\"async\" class=\"aligncenter wp-image-24601 size-medium\" src=\"https:\/\/radiozapatista.org\/wp-content\/uploads\/2017\/12\/photo_2017-12-14_18-15-32-350x233.jpg\" alt=\"\" width=\"350\" height=\"233\" srcset=\"https:\/\/radiozapatista.org\/wp-content\/uploads\/2017\/12\/photo_2017-12-14_18-15-32-350x233.jpg 350w, https:\/\/radiozapatista.org\/wp-content\/uploads\/2017\/12\/photo_2017-12-14_18-15-32.jpg 708w\" sizes=\"auto, (max-width: 350px) 100vw, 350px\" \/><\/a><\/p>\n<p>Escucha aqu\u00ed:\u00a0 [podcast]https:\/\/radiozapatista.org\/wp-content\/uploads\/2017\/12\/CIG_Chapultenango_dic2017_Marichuy.mp3[\/podcast]<\/p>\n<p>Buenas tardes hermanas y hermanos de Chapultenango, Concejalas y Concejales, medios que acompa\u00f1an.<\/p>\n<p>Precisamente con la participaci\u00f3n que tuvieron nuestros hermanos y hermanas concejalas y concejales, ese ha sido el caminar del Congreso Nacional Ind\u00edgena, ese Congreso Nacional Ind\u00edgena que surge en 1996, donde se platicaron los diferentes pueblos ind\u00edgenas que se dieron cita y se platicaron esos dolores que ten\u00edan en cada lugar, en cada pueblo, en cada estado, ah\u00ed fue donde nos dimos cuenta que los pueblos ind\u00edgenas estaban sufriendo. Ten\u00edamos diferentes problemas y por eso se pens\u00f3, no podemos estar separados, tenemos que caminar juntos, tenemos que buscar un espacio donde nos encontremos, donde sigamos vi\u00e9ndonos, donde sigamos pensando juntos c\u00f3mo nos hacemos fuertes para no permitir que nos sigan destruyendo, y por eso se crea el Congreso Nacional Ind\u00edgena; es un espacio donde se encuentran todos los pueblos, donde estamos juntos somos asamblea y cuando estamos separados somos red, as\u00ed como una asamblea de una comunidad, cuando est\u00e1n juntos toman acuerdos y toman decisiones, y luego ya se separan y se llevan a la pr\u00e1ctica todos esos acuerdos.<\/p>\n<p><!--more-->Entonces, ahora que se cumplieron estos veinte a\u00f1os otra vez nos volvimos a encontrar en el Quinto Congreso, y ya comentaban nuestros hermanos concejales, vimos otra vez la situaci\u00f3n de nuestras comunidades, de nuestros pueblos, de nuestras regiones y vimos que estaba peor. Aqu\u00ed nos manifestaron claramente el despojo como lo han llevado en esta comunidad, as\u00ed como est\u00e1n despoj\u00e1ndolos a ustedes de esta tierra, de estas riquezas, est\u00e1n contaminando sus aguas, les est\u00e1n cortando \u00e1rboles, as\u00ed est\u00e1 pasando en las dem\u00e1s regiones que conforman el Congreso Nacional Ind\u00edgena. Y vimos que ante los intentos organizativos hab\u00eda represi\u00f3n, hab\u00eda encarcelados, hab\u00eda muertos, hab\u00eda desaparecidos, y entonces vimos y hemos visto que est\u00e1n de la mano gobierno y crimen organizado, y que son los que han metido temor en las comunidades ante los intentos organizativos, son los que han estado de la mano para despojar a nuestras comunidades, para llevarse nuestras riquezas, para contaminar nuestras aguas, para despojarnos de esas tierras tan valiosas que se tienen en nuestras comunidades. Por eso dijimos ya no estamos de acuerdo y vamos a participar en este proceso electoral 2018, para que nuestros pueblos se vean \u00edntegros con esos problemas reales que se tienen en las comunidades, que no solamente se vea el folklore, que no solamente se vea lo bonito de los pueblos sino que se vean sus problemas, y se vea que est\u00e1n sufriendo nuestros pueblos, que ya no estamos de acuerdo que nos sigan despojando de esas riquezas, que no estamos de acuerdo que nos sigan metiendo esos megaproyectos; aqu\u00ed comentaban de los pozos petroleros que piensan poner, en este caminar que hemos dado en estos d\u00edas desde Chiapas hasta M\u00e9xico hemos escuchado los diferentes dolores de los pueblos y nos han dicho, la gente grande sobre todo, que esas tierras que les heredaron est\u00e1n para pozos petroleros, para minas, para hidroel\u00e9ctricas, para gasoductos, e\u00f3licas, presas, que quieren despojar a comunidades de sus aguas que le dan la vida.<\/p>\n<p>Hemos escuchado el dolor tambi\u00e9n de las mujeres cuando les desaparecen un hijo, una hija, cuando les encarcelan a sus familiares por defender la tierra, hemos escuchado tambi\u00e9n de compa\u00f1eros y compa\u00f1eras de las ciudades, porque en ese caminar que hemos dado tambi\u00e9n hemos visitado hermanos de la ciudad, organizaciones que est\u00e1n luchando tambi\u00e9n porque quieren seguir viviendo, quieren seguir existiendo, y hemos escuchado como hay desaparecidos, como hay encarcelados; entonces esta propuesta, hermanos y hermanas es por eso. Dec\u00edan al principio, tenemos que organizarnos, es una propuesta organizativa, es el mensaje que estamos llevando por donde vamos caminando, si no nos organizamos desde donde estamos, desde abajo, desde nuestras comunidades, desde nuestras regiones, no vamos a sobrevivir. Tenemos que reforzar nuestras comunidades, solamente nosotros podemos defender nuestra comunidad, y claro ha sido a trav\u00e9s de quienes nombramos y nos representan, pero si \u00e9ste que nombramos y nos representa no cumple la palabra de una comunidad es alguien que est\u00e1 en contra de nuestra comunidad, y tenemos que quitarlo y poner a alguien que realmente fortalezca nuestra comunidad.<\/p>\n<p>As\u00ed tambi\u00e9n este Concejo Ind\u00edgena de Gobierno es una propuesta organizativa desde nuestros pueblos, es la voz, es la presencia. Los concejales que est\u00e1n nombrados de aqu\u00ed son los que van a llevar la palabra a otras comunidades, que otras comunidades se enteren que Chapultenango tambi\u00e9n tiene problemas, que tambi\u00e9n le est\u00e1n despojando sus tierras, que tambi\u00e9n les est\u00e1n imponiendo proyectos que no est\u00e1n a favor de la vida de la comunidad, que est\u00e1n con el fin de destruir a la comunidad; entonces los concejales son esa semilla organizativa en cada regi\u00f3n, son los que van a salir a las diferentes comunidades y son los que van a ir articulando esas luchas, y juntos con el Concejo Ind\u00edgena de Gobierno a nivel nacional, son los que vamos a dar esa lucha desde abajo, que es lo que se tiene que hacer, ya no tenemos que estar confiando que va a venir de arriba la soluci\u00f3n a nuestros problemas porque lo hemos visto por a\u00f1os, ustedes mismos lo han dicho, y sigue igual la situaci\u00f3n o peor, peor porque nos est\u00e1n despojando nuestras riquezas.<\/p>\n<p>Entonces no va a venir de arriba el cambio, va a venir de abajo, pero tenemos que construirlo, tenemos que pensar c\u00f3mo le vamos a hacer para fortalecer nuestras comunidades, fortalecer nuestra regi\u00f3n, fortalecer M\u00e9xico, y en este M\u00e9xico no solamente est\u00e1n los pueblos ind\u00edgenas, tambi\u00e9n est\u00e1n nuestros hermanos que viven en la ciudad y que tambi\u00e9n est\u00e1n sufriendo, por eso creemos que tenemos que ir articulando todas esas luchas y construyendo un nuevo M\u00e9xico desde abajo, pueblos ind\u00edgenas y sociedad civil. Por eso pensamos que esta propuesta que surge desde nuestros pueblos es una propuesta para todo M\u00e9xico, y en M\u00e9xico estamos todos, hombres y mujeres, trabajadores del campo y la ciudad, maestros, doctores, artistas, todos pues.<\/p>\n<p>Entonces por eso por donde vamos caminando nuestra palabra es \u00e9sa, tenemos que organizarnos desde abajo, tenemos que construir algo fuerte desde abajo, donde participen hombres y mujeres, no pueden quedarse ya las mujeres a un lado, tienen que caminar junto. Tenemos que construir este M\u00e9xico desde abajo, juntos hombres y mujeres.<\/p>\n<p>Entonces pues es una propuesta de trabajo, por eso cada vez que vamos y visitamos las comunidades les decimos no les traemos despensas, no traemos ayudas como dan los partidos, porque nuestra propuesta no es de que vamos a llegar arriba, sino que queremos construir algo nuevo desde abajo y lo tenemos que hacer entre todos, a nuestros modos, a nuestros tiempos, a nuestras formas, consolidando la regi\u00f3n donde estamos, \u00bfentonces qu\u00e9 es lo que queremos, hermanos? Que el poder lo tenga el pueblo, que el pueblo sea el que decida y el gobierno sea el que obedezca, solamente as\u00ed va a ser posible este cambio, solamente as\u00ed vamos a lograr parar todo este despojo que est\u00e1 acabando con nuestras tierras y territorios, solamente as\u00ed vamos a poder darnos la mano y juntos construir esas comunidades, esas regiones, esos pueblos desde abajo. Entonces, lo que les traemos, hermanos y hermanas, es trabajo de que tenemos que pensar en nuestra comunidad, c\u00f3mo nos vamos a hacer fuertes para ya no permitir que nos sigan imponiendo planes, programas, proyectos que no queremos, solamente as\u00ed vamos a poder defender nuestras comunidades de que ya no sigan siendo despojadas de sus tierras, de sus aguas, de sus \u00e1rboles, que no les impongan proyectos desde fuera, que solamente han tra\u00eddo destrucci\u00f3n y muerte.<\/p>\n<p>Es lo que estamos pensando los pueblos ind\u00edgenas que hemos caminado en este espacio que es del Congreso Nacional Ind\u00edgena y que hoy lo ponemos a consideraci\u00f3n de los dem\u00e1s hermanos ind\u00edgenas, si est\u00e1n de acuerdo en que juntos caminemos y construyamos un nuevo M\u00e9xico desde abajo, y yo creo que s\u00ed lo podemos hacer, hermanos, porque una muestra es que ya tenemos m\u00e1s de 500 a\u00f1os y no nos han acabado, aqu\u00ed estamos y vamos a seguir.<\/p>\n<p>Dicen pues que los pueblos ind\u00edgenas son personas que no pueden gobernarse, que no pueden decidir, que tienen que decidir otros; hoy vamos a demostrar que somos capaces y que vamos a defender la vida, y al defender la vida vamos a defender todo lo que integra esa vida para nuestras comunidades.<\/p>\n<p>El d\u00eda que nuestra tierra se acabe nos vamos a acabar todos, por eso pensamos que si no nos organizamos y salimos adelante juntos, fortaleciendo nuestras comunidades, nadie m\u00e1s lo va a hacer, lo tenemos que hacer nosotros. Por eso en este recorrido que vamos dando, hermanos y hermanas, es \u00e9ste el mensaje, un mensaje de vida, un mensaje donde tenemos nosotros que organizarnos para defendernos nosotros mismos d\u00e1ndonos la mano, confiando en el que est\u00e1 al lado, olvid\u00e1ndonos de lo que nos han hecho perder los partidos, dividirnos; a veces estamos peleados entre familias que porque soy de un color, soy de otro, pero cuando hay una fiesta estamos todos juntos, \u00bfo no?. Eso es lo que tenemos que retomar, compa\u00f1eros, hermanos y hermanas, tenemos que reforzar nuestras comunidades, tenemos que unirnos, tenemos que olvidarnos de los diferentes partidos, porque es lo que nos han hecho, dividirnos entre nosotros, tenemos que recobrar nuestra comunidad como es. \u00bfPara qu\u00e9? Para seguir viviendo, seguir existiendo y seguir teniendo esas riquezas que tenemos y as\u00ed poderlas heredar a quienes vienen atr\u00e1s, porque si no, vamos a entregarles ya una tierra destruida, quiz\u00e1 ya ni sea nuestra si no logramos organizarnos y defender esto.<\/p>\n<p>\u00c9se es el mensaje que les traemos, es el mensaje que estamos llevando de que tenemos que organizarnos, tenemos que pensar c\u00f3mo vamos a lograr quitar ese sistema capitalista que nos est\u00e1 acabando, y s\u00ed podemos hacerlo, hermanos, por eso nuestra lucha va mucho m\u00e1s all\u00e1 del 2018, es una lucha, es una organizaci\u00f3n que tenemos que llevar despu\u00e9s del 2018, que es cuando se va a venir m\u00e1s fuerte ese despojo y destrucci\u00f3n de nuestros territorios. Entonces prepar\u00e9monos, dicen nuestros hermanos, porque ah\u00ed viene la tormenta, prepar\u00e9monos. \u00bfY cu\u00e1l es esa preparaci\u00f3n?Organizarnos, pensar desde nuestras asambleas, desde nuestras formas como tomamos decisiones, c\u00f3mo le hacemos para que ya no nos sigan despojando.<\/p>\n<p>Entonces, hermanos, esa es nuestra palabra, y esa se las dejamos, ustedes pi\u00e9nsenla, anal\u00edcenla, y si est\u00e1n de acuerdo caminemos juntos.<\/p>\n<p>Adelante hermanos.[:]<\/p>\n","protected":false},"excerpt":{"rendered":"<p>[:es] Escucha aqu\u00ed:\u00a0 [podcast]https:\/\/radiozapatista.org\/wp-content\/uploads\/2017\/12\/CIG_Chapultenango_dic2017_Marichuy.mp3[\/podcast] Buenas tardes hermanas y hermanos de Chapultenango, Concejalas y Concejales, medios que acompa\u00f1an. Precisamente con la participaci\u00f3n que tuvieron nuestros hermanos y hermanas concejalas y concejales, ese ha sido el caminar del Congreso Nacional Ind\u00edgena, ese Congreso Nacional Ind\u00edgena que surge en 1996, donde se platicaron los diferentes pueblos ind\u00edgenas que [&hellip;]<\/p>\n","protected":false},"author":1,"featured_media":0,"comment_status":"open","ping_status":"closed","sticky":false,"template":"","format":"standard","meta":{"footnotes":""},"categories":[1,957,6,943,1024,1095,183],"tags":[1151,63],"class_list":["post-24649","post","type-post","status-publish","format-standard","hentry","category-audio","category-autonomia","category-chiapas","category-cni","category-cni-temas","category-concejo-indigena-de-gobierno","category-blog","tag-cig","tag-cni"],"_links":{"self":[{"href":"https:\/\/radiozapatista.org\/index.php?rest_route=\/wp\/v2\/posts\/24649","targetHints":{"allow":["GET"]}}],"collection":[{"href":"https:\/\/radiozapatista.org\/index.php?rest_route=\/wp\/v2\/posts"}],"about":[{"href":"https:\/\/radiozapatista.org\/index.php?rest_route=\/wp\/v2\/types\/post"}],"author":[{"embeddable":true,"href":"https:\/\/radiozapatista.org\/index.php?rest_route=\/wp\/v2\/users\/1"}],"replies":[{"embeddable":true,"href":"https:\/\/radiozapatista.org\/index.php?rest_route=%2Fwp%2Fv2%2Fcomments&post=24649"}],"version-history":[{"count":0,"href":"https:\/\/radiozapatista.org\/index.php?rest_route=\/wp\/v2\/posts\/24649\/revisions"}],"wp:attachment":[{"href":"https:\/\/radiozapatista.org\/index.php?rest_route=%2Fwp%2Fv2%2Fmedia&parent=24649"}],"wp:term":[{"taxonomy":"category","embeddable":true,"href":"https:\/\/radiozapatista.org\/index.php?rest_route=%2Fwp%2Fv2%2Fcategories&post=24649"},{"taxonomy":"post_tag","embeddable":true,"href":"https:\/\/radiozapatista.org\/index.php?rest_route=%2Fwp%2Fv2%2Ftags&post=24649"}],"curies":[{"name":"wp","href":"https:\/\/api.w.org\/{rel}","templated":true}]}}