{"id":24211,"date":"2017-11-27T11:51:01","date_gmt":"2017-11-27T17:51:01","guid":{"rendered":"https:\/\/radiozapatista.org\/?p=24211"},"modified":"2017-11-27T11:51:01","modified_gmt":"2017-11-27T17:51:01","slug":"nacion-mapuche-fue-una-caceria-racista-los-fusilaron","status":"publish","type":"post","link":"https:\/\/radiozapatista.org\/?p=24211","title":{"rendered":"[:es]Naci\u00f3n Mapuche: \u201cFue una cacer\u00eda racista, los fusilaron\u201d[:]"},"content":{"rendered":"<p>[:es]Luego de que fuerzas de seguridad desalojaran el jueves pasado a la comunidad mapuche que reclama sus tierras en la zona del Lago Mascardi, se produjo hoy un nuevo cruce que termin\u00f3 con dos heridos y un muerto.<\/p>\n<p align=\"center\"><img decoding=\"async\" class=\"show-for-large-only lazyloaded\" src=\"https:\/\/images.pagina12.com.ar\/styles\/focal_16_9_960x540\/public\/2017-11\/gdedeiih_0.jpg?itok=TXORi6s8\" alt=\"\" data-src=\"https:\/\/images.pagina12.com.ar\/styles\/focal_16_9_960x540\/public\/2017-11\/gdedeiih_0.jpg?itok=TXORi6s8\" \/><br \/>\n<small>Imagen: Gentileza Diario R\u00edo Negro<\/small><\/p>\n<p>El d\u00eda en que comenz\u00f3 el velatorio de Santiago Maldonado, el joven hallado muerto en el r\u00edo Chubut 78 d\u00edas despu\u00e9s de haber desaparecido tras una represi\u00f3n de Gendarmer\u00eda en Chubut, un integrante de la comunidad mapuche Lafken Winkul Mapu muri\u00f3 en la ciudad de Bariloche tras ser baleado\u00a0por las fuerzas de seguridad federales que la\u00a0persegu\u00edan desde el jueves pasado. Ese d\u00eda, varios miembros de esa comunidad huyeron del desalojo y represi\u00f3n desatado en un predio lindero al Lago Mascardi. La v\u00edctima es Rafael Nahuel, de 27 a\u00f1os, quien falleci\u00f3 de un disparo en el est\u00f3mago. Otros dos integrantes de esa comunidad, un hombre y una mujer, fueron heridos con balas de plomo y trasladados al\u00a0Hospital Ram\u00f3n Carrillo, de esa ciudad.<\/p>\n<p>La muerte de Nahuel provoc\u00f3 la reacci\u00f3n de centenares de personas que se congregaron frente a las oficinas de Parques Nacionales, bajo cuya \u00f3rbita se encuentra el predio que la comunidad reivindica como ancestral. Durante la protesta hubo algunos incidentes. Tambi\u00e9n hubo manifestaciones en la catedral local, donde la polic\u00eda mont\u00f3 un fuerte operativo.<\/p>\n<p><!--more--><\/p>\n<p align=\"center\"><img decoding=\"async\" class=\"show-for-large-only lazyloaded\" src=\"https:\/\/images.pagina12.com.ar\/styles\/focal_16_9_960x540\/public\/2017-11\/na03fo01_22.jpg?itok=yDaYkvMh\" alt=\"\" data-src=\"https:\/\/images.pagina12.com.ar\/styles\/focal_16_9_960x540\/public\/2017-11\/na03fo01_22.jpg?itok=yDaYkvMh\" \/><\/p>\n<p>La noticia sacudi\u00f3 la calma de esa ciudad tur\u00edstica. Centenares de personas se congregaron frente a las oficinas de Parques Nacionales, bajo cuya \u00f3rbita se encuentra el predio que la comunidad reivindica como ancestral, y hubo algunos incidentes. Tambi\u00e9n hubo manifestaciones en la catedral local, donde la polic\u00eda teji\u00f3 un fuerte operativo.\u00a0En la periferia de la ciudad, los operativos de las fuerzas de seguridad se intensificaron. Varios agentes cortaron la ruta 40 y dejaron incomunicados los accesos desde Bariloche hasta la zona del Parque Nahuel Huapi,\u00a0donde ocurri\u00f3 la represi\u00f3n. Los automovilistas que pasaban por all\u00ed eran requisados.<\/p>\n<p>Hace dos d\u00edas, la Prefectura y el GEOF de la\u00a0Polic\u00eda Federal hab\u00edan dado indicios de la violencia del operativo de desalojo, en el que detuvieron y precintaron a mujeres y ni\u00f1os que hab\u00edan ocupado ese predio. En medio de la represi\u00f3n, que incluy\u00f3 disparos de balas de goma, una decena de los mapuches, en su mayor\u00eda hombres,\u00a0huy\u00f3\u00a0hacia el monte cercano para no ser atrapados.<\/p>\n<p>Desde entonces no se supo nada de ellos, hasta que esta tarde volvi\u00f3 la arremetida de gendarmes y polic\u00edas, que termin\u00f3 con dos heridos de bala y un muerto de la Lof Lafken Winkul Mapu.<\/p>\n<p>El caso est\u00e1 bajo la \u00f3rbita del juez federal Gustavo Villanueva, quien el jueves pasado dio la orden de desalojo luego de varias intimidaciones. Ese d\u00eda se intent\u00f3 poner fin a la toma iniciada el\u00a014 de septiembre pasado, fecha en que la comunidad ingres\u00f3 a ese predio.<\/p>\n<p>El operativo de hace dos d\u00edas pasado hab\u00eda tenido una inusitada intensidad. La decena de camionetas de las fuerzas de seguridad apostadas en la zona aleda\u00f1a al territorio cortaron durante varias horas la ruta 40 y hab\u00eda dejado pr\u00e1cticamente aisladas a las ciudades de Bariloche y El Bols\u00f3n. Hasta un helic\u00f3ptero sobrevol\u00f3 la zona.<\/p>\n<p>La ma\u00f1ana\u00a0de la represi\u00f3n, varios de los detenidos que fueron liberados esa misma noche y otros miembros de Lafken Winkul Mapu salieron a desvincular de la recuperaci\u00f3n del territorio a la Resistencia Ancestral Mapuche (RAM), debido a que varios medios de comunicaci\u00f3n hicieron circular el rumor de que esa agrupaci\u00f3n, demonizada desde la desaparici\u00f3n de Santiago Maldonado, estaba detr\u00e1s de la ocupaci\u00f3n.<\/p>\n<p>Luis Pilquiman, responsable zonal de la Coordinadora del Parlamento Mapuche, ratific\u00f3 que \u201ccuando desalojaron hab\u00eda solo mujeres y ni\u00f1os, porque el resto subi\u00f3 para el monte. Durante estos d\u00edas se los anduvo persiguiendo. Y les metieron balas nom\u00e1s\u201d, lament\u00f3 durante un di\u00e1logo con P\u00e1ginaI12.<\/p>\n<p>Si bien no hubo una versi\u00f3n oficial, las fuerzas de seguridad hicieron trascender que cuando los agentes llegaron al Lago Mascardi fueron agredidos con disparos de armas de fuego por parte de los mapuches. Pilquiman descart\u00f3 esa versi\u00f3n y tambi\u00e9n aquella otra que el jueves se hizo trascender sobre la participaci\u00f3n de Resistencia Ancestral Mapuche (RAM) en la ocupaci\u00f3n.<\/p>\n<p>El operativo de ese d\u00eda hab\u00eda tenido una inusitada intensidad. La decena de camionetas de las fuerzas de seguridad apostadas en la zona aleda\u00f1a al territorio cortaron durante varias horas la ruta 40 y hab\u00eda dejado pr\u00e1cticamente aisladas a las ciudades de Bariloche y El Bols\u00f3n. Hasta un helic\u00f3ptero sobrevol\u00f3 la zona.<\/p>\n<p>Natalia Anaya, abogada de la Asamblea Permanente de Derechos Humanos (APDH) local cuestion\u00f3 el procedimiento de ayer: \u201cNo sabemos qui\u00e9n orden\u00f3 ni c\u00f3mo se desencaden\u00f3 este operativo represivo, que m\u00e1s que eso es una caza, una caza racista\u201d, dijo a este diario.<\/p>\n<p>El caso est\u00e1 bajo la \u00f3rbita del juez federal Gustavo Villanueva, quien el jueves pasado dio la orden de desalojo luego de varias intimidaciones. Ese d\u00eda se intent\u00f3 poner fin a la toma iniciada el 14 de septiembre pasado, fecha en que la comunidad ingres\u00f3 a ese predio que est\u00e1 bajo jurisdicci\u00f3n de Parques Nacionales.<\/p>\n<p>El magistrado se hizo presente ayer, tras la muerte de Nahuel, en el lugar de los hechos junto a un secretario del juzgado y miembros del Ministerio P\u00fablico de R\u00edo Negro. Los abogados de APDH y los representantes de la comunidad no pudieron acercarse al lugar debido a los retenes policiales.<\/p>\n<p>Varios de los detenidos el jueves que fueron liberados esa misma noche y otros miembros de Lafken Winkul Mapu salieron a desvincular de la recuperaci\u00f3n del territorio con la RAM. \u201cEsa versi\u00f3n es una gran mentira. Los hermanos fueron a ese lugar porque necesitaban volver a un territorio propio para poder desarrollarse\u201d, defendi\u00f3 Pilquiman. Lo que ocurre, a\u00f1adi\u00f3, es que \u201cla idea es hacer creer que el pueblo mapuche es el enemigo interno\u201d. Tanto el oficialismo como algunos medios de comunicaci\u00f3n \u201cest\u00e1n haciendo todo lo posible para instalar eso para justificar la avanzada contra la comunidad\u201d.<\/p>\n<p>Lo que le cuentan los miembros de todas las comunidades que tienen representantes en el Parlamento de ese pueblo originario es que \u201cdespu\u00e9s de lo de Santiago Maldonado, el hostigamiento (de las fuerza de seguridad y la Justicia) contra la comunidad mapuche, aument\u00f3; la persecuci\u00f3n se hizo m\u00e1s fuerte\u201d.<\/p>\n<p>Lo que hay detr\u00e1s, sostuvo, son \u201cintereses inmobiliarios\u201d. Varios sectores que est\u00e1n bajo la \u00f3rbita de Parques Nacionales son explotados como emprendimientos tur\u00edsticos y comerciales. \u201cConstantemente se le est\u00e1n cediendo tierras a privados\u201d, asegur\u00f3 el dirigente ind\u00edgena. En este contexto, para Pilquiman, hechos como el asesinato de Rafael Nahuel y la represi\u00f3n en el Lago Mascardi \u201cson cosas que van a continuar, porque la lucha de nosotros por el territorio va a continuar\u201d.<\/p>\n<hr \/>\n<h3 class=\"article-prefix\"><strong>Natalia Araya, abogada de la comunidad mapuche de Mascardi<\/strong><\/h3>\n<h3 class=\"article-title\"><strong>\u201cEsto fue una cacer\u00eda racista\u201d<\/strong><\/h3>\n<h5 class=\"article-author\"><strong>Por <a href=\"https:\/\/www.pagina12.com.ar\/autores\/255-ailin-bullentini\">Ail\u00edn Bullentini<\/a><\/strong><\/h5>\n<p align=\"center\"><img decoding=\"async\" class=\"show-for-large-only lazyloaded\" src=\"https:\/\/images.pagina12.com.ar\/styles\/focal_16_9_960x540\/public\/2017-11\/201710040435391c45b3ea903ac0ea00d321bd4078914a-med.jpg?itok=P3UygNTB\" alt=\"\" data-src=\"https:\/\/images.pagina12.com.ar\/styles\/focal_16_9_960x540\/public\/2017-11\/201710040435391c45b3ea903ac0ea00d321bd4078914a-med.jpg?itok=P3UygNTB\" \/><\/p>\n<p>Natalia Araya integra la APDH de Bariloche y es abogada de la comunidad mapuche Lafken Winkul Mapu, que el jueves pasado fue desalojada violentamente del territorio en la zona de Villa Mascardi, donde se hab\u00edan establecido en reclamo de tierras. Ayer fueron nuevamente atacados. \u201cM\u00e1s que un operativo represivo esto fue una caza, una caza racista\u201d, defini\u00f3 la joven en relaci\u00f3n a la persecuci\u00f3n que despleg\u00f3 Gendarmer\u00eda ayer y que culmin\u00f3 con el asesinato de Rafael Nahuel, un joven mapuche de 27 a\u00f1os, quien recibi\u00f3 un balazo en la panza.<\/p>\n<p><strong>\u2013\u00bfSaben qui\u00e9n dio la orden del operativo?<\/strong><\/p>\n<p>\u2013No sabemos qui\u00e9n orden\u00f3 ni c\u00f3mo se desencaden\u00f3 este operativo represivo que m\u00e1s que eso es una caza, una caza racista. Nosotros hab\u00edamos presentado un h\u00e1beas corpus colectivo preventivo porque sab\u00edamos que dentro de la comunidad hab\u00eda quedado gente. Desde el juzgado federal se dio la orden a las fuerzas que hab\u00edan actuado a que en el t\u00e9rmino de 12 horas diera informaci\u00f3n sobre el procedimiento del jueves de las fuerzas especiales, acompa\u00f1ando de reportes f\u00edlmicos y fotogr\u00e1ficos que tuvieran del allanamiento. Adem\u00e1s, dispusieron un puesto de control en la zona de la fuerzas para que no vuelvan a ingresar miembros de la comunidad. \u00a0No sabemos si hay v\u00ednculos con el Ministerio de Seguridad nacional respecto de la orden de hoy (por ayer), es algo que nos tiene que decir el Juzgado. Lo que s\u00ed sabemos es que el jueves funcionarios del Ministerio estuvieron en conversaciones con el Juzgado federal antes del allanamiento y el desalojo y que actuaron los grupos especiales Albatros y Geof.<\/p>\n<p><strong>\u2013\u00bfQu\u00e9 informaci\u00f3n tienen de lo que sucedi\u00f3 en Mascardi?<\/strong><\/p>\n<p>\u2013Hoy (por ayer), a eso de las 16:30, un miembro de la comunidad (que hab\u00eda quedado en la zona) se pudo contactar telef\u00f3nicamente y manifest\u00f3 que los hab\u00edan encontrado gente de Gendarmer\u00eda y los empez\u00f3 a correr a los tiros. Ah\u00ed lesionaron a tres. Eso supimos en un primer momento. A eso de las 19, gente que encontramos en el hospital nos inform\u00f3 que hab\u00eda pasado por el camino a Mascardi y que al parecer ten\u00edan a m\u00e1s personas detenidas, que podr\u00edan llegar a estar recibiendo torturas y que podr\u00eda llegar a haber otro muerto. Nos vinimos al Mascardi pero no nos dejaron ingresar.<\/p>\n<p><strong>\u2013\u00bfPudieron confirmar si hay detenidos, si fueron agredidos?\u00a0<\/strong><\/p>\n<p>\u2013En el juzgado no nos quisieron dar ninguna informaci\u00f3n. El prosecretario nos dijo que como el juez federal (Gustavo Villanueva) y el secretario est\u00e1n en la zona de Mascardi sin se\u00f1al, no tiene \u00f3rdenes. Presentamos un h\u00e1beas corpus por las personas que est\u00e1n protestando en la Catedral y en el Hospital (Ram\u00f3n Carrillo, donde est\u00e1n los heridos)<\/p>\n<p><strong>\u2013\u00bfC\u00f3mo est\u00e1 la gente de la comunidad?<\/strong><\/p>\n<p>\u2013Totalmente consternada. El disparo que tiene el pe\u00f1i da cuenta de que tiraron a matar. Como vienen diciendo la gente de la comunidad esto no es un allanamiento sino que es directamente una caza racista del pueblo mapuche. Hay dos personas heridas de bala. Una es una mujer. Est\u00e1n en el hospital, pero all\u00ed tampoco nadie dice nada.<\/p>\n<p>&nbsp;[:]<\/p>\n","protected":false},"excerpt":{"rendered":"<p>[:es]Luego de que fuerzas de seguridad desalojaran el jueves pasado a la comunidad mapuche que reclama sus tierras en la zona del Lago Mascardi, se produjo hoy un nuevo cruce que termin\u00f3 con dos heridos y un muerto. Imagen: Gentileza Diario R\u00edo Negro El d\u00eda en que comenz\u00f3 el velatorio de Santiago Maldonado, el joven [&hellip;]<\/p>\n","protected":false},"author":1,"featured_media":24212,"comment_status":"open","ping_status":"closed","sticky":false,"template":"","format":"standard","meta":{"footnotes":""},"categories":[826],"tags":[85,1097,545,87],"class_list":["post-24211","post","type-post","status-publish","format-standard","has-post-thumbnail","hentry","category-medios-libres-2","tag-chile","tag-mapuches","tag-pueblos-indigenas","tag-represion"],"_links":{"self":[{"href":"https:\/\/radiozapatista.org\/index.php?rest_route=\/wp\/v2\/posts\/24211","targetHints":{"allow":["GET"]}}],"collection":[{"href":"https:\/\/radiozapatista.org\/index.php?rest_route=\/wp\/v2\/posts"}],"about":[{"href":"https:\/\/radiozapatista.org\/index.php?rest_route=\/wp\/v2\/types\/post"}],"author":[{"embeddable":true,"href":"https:\/\/radiozapatista.org\/index.php?rest_route=\/wp\/v2\/users\/1"}],"replies":[{"embeddable":true,"href":"https:\/\/radiozapatista.org\/index.php?rest_route=%2Fwp%2Fv2%2Fcomments&post=24211"}],"version-history":[{"count":0,"href":"https:\/\/radiozapatista.org\/index.php?rest_route=\/wp\/v2\/posts\/24211\/revisions"}],"wp:featuredmedia":[{"embeddable":true,"href":"https:\/\/radiozapatista.org\/index.php?rest_route=\/wp\/v2\/media\/24212"}],"wp:attachment":[{"href":"https:\/\/radiozapatista.org\/index.php?rest_route=%2Fwp%2Fv2%2Fmedia&parent=24211"}],"wp:term":[{"taxonomy":"category","embeddable":true,"href":"https:\/\/radiozapatista.org\/index.php?rest_route=%2Fwp%2Fv2%2Fcategories&post=24211"},{"taxonomy":"post_tag","embeddable":true,"href":"https:\/\/radiozapatista.org\/index.php?rest_route=%2Fwp%2Fv2%2Ftags&post=24211"}],"curies":[{"name":"wp","href":"https:\/\/api.w.org\/{rel}","templated":true}]}}