{"id":24206,"date":"2017-11-27T11:31:27","date_gmt":"2017-11-27T17:31:27","guid":{"rendered":"https:\/\/radiozapatista.org\/?p=24206"},"modified":"2020-01-25T08:00:45","modified_gmt":"2020-01-25T14:00:45","slug":"otro-mapuche-asesinado-para-que-los-terratenientes-vivan-en-paz","status":"publish","type":"post","link":"https:\/\/radiozapatista.org\/?p=24206","title":{"rendered":"Otro mapuche asesinado para que los terratenientes \u201cvivan en paz\u201d"},"content":{"rendered":"<p><\/p>\n<p style=\"text-align: center;\"><img loading=\"lazy\" decoding=\"async\" class=\"alignnone\" src=\"http:\/\/www.resumenlatinoamericano.org\/wp-content\/uploads\/2017\/11\/5a1a14b175d60_1004x565-1-620x400.jpg\" alt=\"\" width=\"620\" height=\"400\" \/><\/p>\n<p>Carlos Azn\u00e1rez &#8211; <a href=\"http:\/\/www.resumenlatinoamericano.org\/2017\/11\/26\/otro-mapuche-asesinado-para-que-los-terratenientes-vivan-en-paz-por-carlos-aznarez\/\" target=\"_blank\">Resumen Latinoamericano<\/a>, 26 noviembre 2017<\/p>\n<p>&nbsp;<\/p>\n<p>Un nuevo comunero mapuche asesinado. Se llama Rafael Nahuel y su nombre se suma al de Santiago Maldonado y una larga lista de luchadores y luchadoras marcados a fuego por el Sistema. Esta vez no podr\u00e1 haber pistas falsas ni ocultamiento durante meses de lo sucedido. Los uniformados que operaron a las \u00f3rdenes del juez lo hicieron a la luz del d\u00eda. Pertenecen al temible grupo de la Prefectura Naval, los Albatros, que durante la dictadura militar y en otros episodios ligados al golpismo que sufri\u00f3 Argentina durante d\u00e9cadas, actuaban con total impunidad cazando y asesinando militantes pol\u00edticos. Como ahora, exactamente como ahora, en que las \u00f3rdenes las reciben de un gobierno que se dice \u201cdemocr\u00e1tico\u201d y poco a poco va instalando una aut\u00e9ntica dictadura militar. Para ello cuenta con prefectos, gendarmes, polic\u00edas de distintos uniformes y tambi\u00e9n con la complicidad de muchos y muchas que llegado el momento de repudiarlos, los votan. O sea, impunidad para sus cr\u00edmenes con aval \u201cpopular\u201d, que es lo peor que le puede suceder a un pueblo.<\/p>\n<p>Lo que est\u00e1 ocurriendo en el sur, en la Patagonia mapuche es muy grave. L\u00e9ase que no escribo \u201cargentina\u201d cuando me refiero a ese territorio, porque fueron los antecesores de estos que gobiernan actualmente, los que les arrebataron esas tierras ancestrales a sus leg\u00edtimos due\u00f1os, el pueblo mapuche. En realidad, es un calco de lo que ocurre en casi todo el continente que en sus mejores momentos (cuando no hab\u00edan llegado \u201cellos\u201d) se denominaba Abya Yala.<br \/>\nSon precisamente en esas tierras en disputa, donde el gobierno de los ricos, el de Macri, en el plano pol\u00edtico y Patricia Bullrich (la ministra de Seguridad) en el quehacer represivo cotidiano, desea asegurar una paz de los cementerios para que sus amigos que hoy las poseen, los Benetton, los Lewis y una larga lista de terratenientes millonarios puedan seguir usufructuando de las mismas. Esos mismos y siniestros personajes que nucleados en la C\u00e1mara de Comercio o en la Sociedad Rural de Bariloche, Rio Negro o Neuqu\u00e9n, sal\u00edan a festejar el asesinato de Nahuel al grito de \u201cun indio menos\u201d. Claro que Macri podr\u00e1 argumentar que el problema no comenz\u00f3 con \u00e9l, sino que fueron todos los gobiernos que le precedieron los que abrieron el camino de entregar la Patagonia a las trasnacionales y al latifundismo, es cierto, pero es el actual presidente el que hoy ha decidido aplicar un plan de exterminio contra los aut\u00e9nticos y originarios habitantes de esas tierras. Desde que lleg\u00f3 a la Casa Rosada, puso a rodar la data de que en el sur \u201coperan grupos terroristas\u201d, potenci\u00f3 el nombre de la RAM (Resistencia Ancestral Mapuche) en grados superlativos, imagin\u00f3 junto a su ministra de Seguridad que all\u00ed tambi\u00e9n hay \u201cgente de las FARC, los Montoneros y hasta de ETA\u201d. Suena imb\u00e9cil pero hay muchos que por desgracia, lo creen de la A a la Z porque \u201clo dice la tele\u201d. Armaron entonces toda una ensalada de siglas con el \u00fanico objetivo de generar el clima en la poblaci\u00f3n de que \u201ca esos indios hay que matarlos a todos\u201d, como suele leerse en las redes o en los foros de los medios hegem\u00f3nicos. Medios estos que ayudan a poner en la superficie este tipo de conjeturas y mentiras, y que luego cuando ocurre un crimen como el actual, son los que titulan \u201cmapuche muerto en un enfrentamiento\u201d e insultan el sentido com\u00fan, apuntando que \u201cse resisti\u00f3 con piedras\u201d, pero no remarcan que el joven mapuche fue ametrallado.<\/p>\n<p>Para \u201cpacificar a estos salvajes\u201d, como en alg\u00fan momento de nuestra historia sentenci\u00f3 y llev\u00f3 a la pr\u00e1ctica el genocida general Julio A.Roca entra en juego la idea de Bullrich de militarizar ese territorio, igual que lo viene haciendo durante todo su mandato Michelle Bachelet en Chile. Quien hoy quiera recorrer esa zona a ambos lados de la Cordillera se encontrar\u00e1 con cientos de gendarmes, prefectos, polic\u00edas, carabineros, y hasta soldados israel\u00edes (que vienen a vacacionar al sur del mundo para descansar de sus continuas masacres del pueblo palestino). No olvidar que al Estado terrorista sionista, siempre, desde Teodoro Herzl en adelante, le interes\u00f3 la Patagonia como objetivo de vida futura. Es l\u00f3gico, all\u00ed hay agua, hay minerales, hay excelente explotaci\u00f3n tur\u00edstica, y hasta petr\u00f3leo.<\/p>\n<p>De all\u00ed que no asombre lo que ahora est\u00e1 ocurriendo. El plan imperial y de la oligarqu\u00eda local, al igual que lo que ocurre con los palestinos o con los zapatistas, consiste en expulsar de sus tierras a los Mapuche, ponerlos en la mira de la criminalizaci\u00f3n constante, difamarlos, estigmatizarlos y luego comenzar a cazarlos como animales. Y a todo aquel que los apoye o se solidarice, tambi\u00e9n meterle el terror o la muerte en la piel, como ocurriera con Santiago. Coincidentemente con esos operativos de guerra contra un enemigo construido desde los medios, tambi\u00e9n el Gobierno desarrolla otra tarea \u201cnecesaria\u201d para sus fines. Amedrentar a la poblaci\u00f3n en general, golpearla con medidas de capitalismo salvaje, que desde que Macri llegara al poder se vienen aplicando un d\u00eda s\u00ed y otro tambi\u00e9n: despidos, cierre de f\u00e1bricas, inflaci\u00f3n galopante, eliminaci\u00f3n de conquistas sociales logradas a fuerza de lucha, impunidad y puerta abierta de las c\u00e1rceles para los genocidas de la dictadura militar, apag\u00f3n informativo para que las medidas neoliberales se deslicen sin oposici\u00f3n, cooptaci\u00f3n de dirigentes sindicales y persecuci\u00f3n a sus pares que no bajan los brazos, ataques judiciales y encarcelamiento de luchadores y luchadoras, aprietes a la luz del d\u00eda para lograr que quienes deber\u00edan convocar a la movilizaci\u00f3n pacten bajar su discurso y propongan \u201casegurar la gobernabilidad\u201d.<\/p>\n<p>Son mil y uno los ataques a las posibilidades de reacci\u00f3n popular, pero sin embargo no pueden ni podr\u00e1n ocultar lo que se ha hecho evidente.Este Gobierno es parte fundamental de la escalada imperialista en Sudam\u00e9rica, responde al FMI y al Banco Mundial, y como tal busca amordazar con hambre y represi\u00f3n la respuesta de un pueblo que hasta en las peores circunstancias dio muestras claras de resistencia y lucha. De eso se trata, de que las calles, las plazas y los confines m\u00e1s remotos de este pa\u00eds, muestren el repudio al terror, a los cr\u00edmenes contra el pueblo mapuche, a las pol\u00edticas de exterminio social contra el resto de la poblaci\u00f3n. Si no se hace ahora, ellos seguir\u00e1n ganando terreno y despu\u00e9s no servir\u00e1 de nada quejarse del estado de destrucci\u00f3n social al que se ha conducido al pa\u00eds. Ya se vivi\u00f3 con la dictadura, con Menem y con De la R\u00faa. Es cuesti\u00f3n de autodefensa no permitir que se repita.<\/p>","protected":false},"excerpt":{"rendered":"<p>Carlos Azn\u00e1rez &#8211; Resumen Latinoamericano, 26 noviembre 2017 &nbsp; Un nuevo comunero mapuche asesinado. Se llama Rafael Nahuel y su nombre se suma al de Santiago Maldonado y una larga lista de luchadores y luchadoras marcados a fuego por el Sistema. Esta vez no podr\u00e1 haber pistas falsas ni ocultamiento durante meses de lo sucedido. [&hellip;]<\/p>\n","protected":false},"author":1,"featured_media":0,"comment_status":"open","ping_status":"closed","sticky":false,"template":"","format":"standard","meta":{"footnotes":""},"categories":[1284,826,183],"tags":[85,1097,545,87],"class_list":["post-24206","post","type-post","status-publish","format-standard","hentry","category-latinoamerica","category-medios-libres-2","category-blog","tag-chile","tag-mapuches","tag-pueblos-indigenas","tag-represion"],"_links":{"self":[{"href":"https:\/\/radiozapatista.org\/index.php?rest_route=\/wp\/v2\/posts\/24206","targetHints":{"allow":["GET"]}}],"collection":[{"href":"https:\/\/radiozapatista.org\/index.php?rest_route=\/wp\/v2\/posts"}],"about":[{"href":"https:\/\/radiozapatista.org\/index.php?rest_route=\/wp\/v2\/types\/post"}],"author":[{"embeddable":true,"href":"https:\/\/radiozapatista.org\/index.php?rest_route=\/wp\/v2\/users\/1"}],"replies":[{"embeddable":true,"href":"https:\/\/radiozapatista.org\/index.php?rest_route=%2Fwp%2Fv2%2Fcomments&post=24206"}],"version-history":[{"count":1,"href":"https:\/\/radiozapatista.org\/index.php?rest_route=\/wp\/v2\/posts\/24206\/revisions"}],"predecessor-version":[{"id":33898,"href":"https:\/\/radiozapatista.org\/index.php?rest_route=\/wp\/v2\/posts\/24206\/revisions\/33898"}],"wp:attachment":[{"href":"https:\/\/radiozapatista.org\/index.php?rest_route=%2Fwp%2Fv2%2Fmedia&parent=24206"}],"wp:term":[{"taxonomy":"category","embeddable":true,"href":"https:\/\/radiozapatista.org\/index.php?rest_route=%2Fwp%2Fv2%2Fcategories&post=24206"},{"taxonomy":"post_tag","embeddable":true,"href":"https:\/\/radiozapatista.org\/index.php?rest_route=%2Fwp%2Fv2%2Ftags&post=24206"}],"curies":[{"name":"wp","href":"https:\/\/api.w.org\/{rel}","templated":true}]}}