{"id":24132,"date":"2017-11-25T17:35:40","date_gmt":"2017-11-25T23:35:40","guid":{"rendered":"https:\/\/radiozapatista.org\/?p=24132"},"modified":"2017-12-09T09:22:03","modified_gmt":"2017-12-09T15:22:03","slug":"palabras-de-maria-de-jesus-patricio-martinez-vocera-del-cig-en-tepoztlan-21-de-noviembre-de-2017","status":"publish","type":"post","link":"https:\/\/radiozapatista.org\/?p=24132","title":{"rendered":"Palabras de Mar\u00eda de Jes\u00fas Patricio Mart\u00ednez, vocera del CIG, en Tepoztl\u00e1n. 21 de noviembre de 2017"},"content":{"rendered":"<p><\/p>\n<p align=\"center\"><a href=\"https:\/\/3.bp.blogspot.com\/-9Anb31_tWNM\/Whgw2tjV90I\/AAAAAAAAAU0\/FyubynZwlG4YYzZJjX6SLR1rxUQ0WNNwwCLcBGAs\/s1600\/Tepoztlan.jpg\"><img loading=\"lazy\" decoding=\"async\" src=\"https:\/\/3.bp.blogspot.com\/-9Anb31_tWNM\/Whgw2tjV90I\/AAAAAAAAAU0\/FyubynZwlG4YYzZJjX6SLR1rxUQ0WNNwwCLcBGAs\/s640\/Tepoztlan.jpg\" alt=\"\" width=\"640\" height=\"480\" border=\"0\" data-original-height=\"960\" data-original-width=\"1280\" \/><\/a><\/p>\n<p>Hermanos y hermanas de este lugar tan bonito, Tepoztl\u00e1n, primero m\u00e1s que nada quiero iniciar sobre todo referirme a aquellos que todav\u00eda no les queda claro de d\u00f3nde venimos, de d\u00f3nde surgimos, por qu\u00e9 estamos aqu\u00ed parados ante a ustedes.<\/p>\n<p>Les quiero comentar que en 1996, un 12 de octubre, los diferentes pueblos ind\u00edgenas de M\u00e9xico nos dimos cita en la Ciudad de M\u00e9xico y conformamos lo que se le llam\u00f3 el Congreso Nacional Ind\u00edgena, un espacio de encuentro de los diferentes pueblos ind\u00edgenas de M\u00e9xico, un espacio que se construy\u00f3 porque se vio la necesidad de estar juntos, de platicarnos, de analizarlos este caminar de nuestros pueblos y nuestras comunidades, y pensamos que era necesario seguirnos encontrando, seguirnos viendo y seguir pensando juntos por d\u00f3nde entrarle para hacernos fuertes y poder hacer un frente ante esta destrucci\u00f3n de nuestras tierras y territorios. Y por eso se tuvo tambi\u00e9n la presencia de la comandanta Ramona como parte de nuestros hermanos del Ej\u00e9rcito Zapatista de Liberaci\u00f3n Nacional, que ellos tambi\u00e9n forman parte de este espacio, un espacio que no es una organizaci\u00f3n, sino que es un espacio donde le llegan los diferentes pueblos ind\u00edgenas de M\u00e9xico y se sienten como su casa, una asamblea as\u00ed como se hacen en las comunidades, donde nadie es m\u00e1s ni nadie es menos, sino que todos son igual.<\/p>\n<p>Entonces este espacio que se construy\u00f3 hace veinte a\u00f1os, ahora que estuvimos reunidos, al cumplir estos veinte a\u00f1os, celebramos el quinto congreso. Otra vez nos juntamos, otra vez platicamos, otra vez analizamos y vimos que la situaci\u00f3n en nuestras comunidades y pueblos ind\u00edgenas estaba peor, que hab\u00eda m\u00e1s destrucci\u00f3n en nuestros territorios, y ustedes nos lo acaban de decir, les est\u00e1n destruyendo esos cerros sagrados, lugares sagrados que solamente lo entienden los pueblos originarios, y as\u00ed en diferentes lugares. Se vio que hab\u00eda m\u00e1s despojo, m\u00e1s robo de esa riqueza de las comunidades, m\u00e1s contaminaci\u00f3n de las aguas, r\u00edos, m\u00e1s deforestaci\u00f3n, m\u00e1s muerte de los animales, de las plantas y ante los intentos de impedir que esto se realice hab\u00eda m\u00e1s represi\u00f3n, m\u00e1s encarcelamientos, m\u00e1s muertos, m\u00e1s desaparecidos.<\/p>\n<p>Entonces dijimos, y quiero decirlo otra vez, que fueron nuestros hermanos del Ejercito Zapatista de Liberaci\u00f3n Nacional los que nos plantean participar en este proceso 2018. Ah\u00ed algunos dijimos \u201cbueno, es que no \u00edbamos por ah\u00ed, nosotros hab\u00edamos dicho que \u00edbamos a ser independientes de partidos, que ten\u00edamos que organizarnos como comunidades\u201d, y nos volvieron a aclarar \u201ces que la propuesta no es de que se van a ir y se van a poner ah\u00ed arriba a ocupar la silla, sino que es un pretexto para organizarnos, de poder llegar a los diferentes pueblos ind\u00edgenas de M\u00e9xico, a todos esos pueblos que est\u00e1n all\u00e1 abandonados, olvidados, que no son vistos, no son o\u00eddos, pero s\u00ed para robarles sus riquezas, s\u00ed para contaminar las aguas, s\u00ed para reprimirlos si ellos dicen que no est\u00e1n de acuerdo, para eso va a ser para que se vean los problemas que tienen los diferentes pueblos ind\u00edgenas y a la vez organizarnos para defendernos entre todos, porque no va a venir de arriba quien nos va a defendernos, tiene que surgir de abajo, desde nuestras comunidades, desde nuestras regiones y todos juntos tenemos que organizarnos, para eso va a ser la propuesta\u201d.<\/p>\n<p>Y entonces los que est\u00e1bamos ah\u00ed dijimos, despu\u00e9s de discutir dos d\u00edas y ponernos de acuerdo, dijimos \u201cest\u00e1 bien, le entramos, pero vamos a ir preguntar a nuestras comunidades para ver qu\u00e9 piensan, qu\u00e9 opinan\u201d, y entonces nos fuimos a preguntarles a nuestras comunidades y les preguntamos a 523 comunidades y la mayor\u00eda nos contestan que s\u00ed estaban de acuerdo, que no le ve\u00edan por otro lado, que era una forma de hacer visibles esos problemas que se tienen en las comunidades y que era necesario ir a visitar a las diferentes comunidades, que a veces no nos conocemos, estamos en un lugar y no nos damos cuenta de las otras comunidades hermanas.<\/p>\n<p>Entonces ese ser\u00eda el prop\u00f3sito y dijimos \u201cle vamos a entrar, vamos a participar pero va a ser a trav\u00e9s de un Concejo Ind\u00edgena de Gobierno\u201d, un Concejo Ind\u00edgena de Gobierno que estar\u00eda conformado por diferentes hermanos ind\u00edgenas de diferentes pueblos ind\u00edgenas del pa\u00eds y que ser\u00edan ellos la voz de esas comunidades, la voz de esas regiones, porque ellos son los que conocen la problem\u00e1tica de su comunidad, problem\u00e1tica de su regi\u00f3n. Este gran Concejo Ind\u00edgena de Gobierno ser\u00eda el concejo que mande obedeciendo al pueblo, al pueblo organizado, al pueblo que ya no est\u00e1 de acuerdo en que le sigan robando, en que le sigan contaminando aguas, en que le sigan imponiendo proyectos que solamente han tra\u00eddo destrucci\u00f3n y muerte.<\/p>\n<p>\u00c9sa es la tarea del Concejo Ind\u00edgena de Gobierno, llevar la voz, pero tambi\u00e9n van a ser esa semilla en cada lugar, una semilla organizativa que es la que va a ir a visitar a las diferentes comunidades cercanas, la regi\u00f3n, y juntos todas las regiones a nivel nacional organizados desde abajo, por eso los diferentes concejales son mandatados desde sus regiones, desde sus comunidades, desde sus pueblos, para conformar este gran Concejo Ind\u00edgena de Gobierno y las mismas comunidades estar\u00edan vigilando su caminar. El d\u00eda que alguno de los concejales, incluida la vocera, no cumpla con los mandatos que le dicen, la misma comunidad, la misma asamblea nos puede quitar y poner a alguien que realmente cumpla esos prop\u00f3sitos por los cuales se les propuso, entonces por eso nos hemos dado a la tarea de caminar, de ir visitando las diferentes comunidades, diferentes pueblos, ir escuchando sus dolores que tienen, ir escuchando tambi\u00e9n sus procesos organizativos que se tienen y tambi\u00e9n dando nosotros nuestra palabra, y sobre todo explicando por qu\u00e9 andamos visitando a los diferentes pueblos y comunidades.<\/p>\n<p>Entonces esta propuesta no es electoral, es una propuesta organizativa y esa organizaci\u00f3n tiene que surgir de abajo, desde las comunidades, desde la regi\u00f3n, tenemos que voltear a ver a nuestros lados, con los que est\u00e9n a nuestro lado empezar a platicarnos, empezar a pensar juntos c\u00f3mo le vamos a hacer para defender el lugar donde estamos viviendo, y entonces ya juntos con m\u00e1s comunidades se hace algo m\u00e1s grande y se defiende ya organizados, porque solamente as\u00ed vamos a lograr parar toda esta destrucci\u00f3n y muerte en nuestras comunidades, por eso nuestra lucha no es de aqu\u00ed al 2018.<\/p>\n<p>Nuestra lucha es despu\u00e9s del 2018. \u00bfPor qu\u00e9? Porque despu\u00e9s del 2018 se va a venir esta guerra m\u00e1s fuerte contra nuestras comunidades porque ya casi todas las tierras est\u00e1n concesionadas, ya casi todos los r\u00edos se van a dar a ciertas empresas y lo que van a dejar es contaminaci\u00f3n de nuestras aguas y por eso no les importa la vida de los habitantes, porque el gran capitalismo ya tiene claro qu\u00e9 es lo que quiere. \u00bfEntonces qu\u00e9 es lo que nos toca a nosotros? Pensar por nuestras comunidades, pensar por lo que tenemos alrededor de nuestras comunidades, que nos toca ponernos de acuerdo, organizarnos y hacernos fuertes, y juntos quitar ese sistema capitalista que est\u00e1 acabando con todos.<\/p>\n<p>Entonces en esta propuesta no solamente son hombres, tambi\u00e9n van mujeres, y creemos que en este M\u00e9xico que es necesario reconstruir desde abajo si no participan las mujeres no va a haber una reconstrucci\u00f3n integral, por eso es muy importante la lucha de las mujeres, es muy importante que las mujeres piensen que no solamente tenemos que quedarnos en la casa cuidando hijos, cuidando al marido, tenemos que participar m\u00e1s all\u00e1, tenemos que reconstruir algo nuevo desde abajo pero juntos, juntos hombres y mujeres, juntos tenemos que pensar c\u00f3mo nos vamos a hacernos fuertes si realmente queremos seguir viviendo, si realmente queremos que haya vida para los dem\u00e1s.<\/p>\n<p>Porque la propuesta que se tiene desde los pueblos ind\u00edgenas es una propuesta para todos los mexicanos, porque sabemos que no solamente los problemas est\u00e1n en nuestras comunidades, tambi\u00e9n est\u00e1n en las ciudades y cada vez est\u00e1 peor, por eso ya cada quien se est\u00e1 quedando en su partecita, porque la misma situaci\u00f3n nos est\u00e1 obligando a ser individuales.<\/p>\n<p>\u00bfEntonces qu\u00e9 es lo que nos toca? Organizarnos, esa es la palabra que traemos, por si pensaban que tra\u00edamos despensas, cachuchas, no s\u00e9 qu\u00e9 m\u00e1s, todo lo que les traen, pues no. Nosotros traemos trabajo, tenemos que organizarnos si queremos que todo lo que tenemos a nuestro alrededor se siga conservando sin contaminantes, sin despojo, sin desprecio, sin abandono, sin olvido. Entonces lo que nos toca es empezar a reflexionar c\u00f3mo nos vamos a reorganizar desde abajo, desde los que est\u00e1n a nuestro lado y luego como regi\u00f3n, y luego ya juntos a nivel nacional.<\/p>\n<p>Es todo de mi parte compa\u00f1eros, adelante.<\/p>","protected":false},"excerpt":{"rendered":"<p>Hermanos y hermanas de este lugar tan bonito, Tepoztl\u00e1n, primero m\u00e1s que nada quiero iniciar sobre todo referirme a aquellos que todav\u00eda no les queda claro de d\u00f3nde venimos, de d\u00f3nde surgimos, por qu\u00e9 estamos aqu\u00ed parados ante a ustedes. Les quiero comentar que en 1996, un 12 de octubre, los diferentes pueblos ind\u00edgenas de [&hellip;]<\/p>\n","protected":false},"author":1,"featured_media":0,"comment_status":"open","ping_status":"closed","sticky":false,"template":"","format":"standard","meta":{"footnotes":""},"categories":[943,1095,183],"tags":[1151,63,1130],"class_list":["post-24132","post","type-post","status-publish","format-standard","hentry","category-cni","category-concejo-indigena-de-gobierno","category-blog","tag-cig","tag-cni","tag-marichuy"],"_links":{"self":[{"href":"https:\/\/radiozapatista.org\/index.php?rest_route=\/wp\/v2\/posts\/24132","targetHints":{"allow":["GET"]}}],"collection":[{"href":"https:\/\/radiozapatista.org\/index.php?rest_route=\/wp\/v2\/posts"}],"about":[{"href":"https:\/\/radiozapatista.org\/index.php?rest_route=\/wp\/v2\/types\/post"}],"author":[{"embeddable":true,"href":"https:\/\/radiozapatista.org\/index.php?rest_route=\/wp\/v2\/users\/1"}],"replies":[{"embeddable":true,"href":"https:\/\/radiozapatista.org\/index.php?rest_route=%2Fwp%2Fv2%2Fcomments&post=24132"}],"version-history":[{"count":0,"href":"https:\/\/radiozapatista.org\/index.php?rest_route=\/wp\/v2\/posts\/24132\/revisions"}],"wp:attachment":[{"href":"https:\/\/radiozapatista.org\/index.php?rest_route=%2Fwp%2Fv2%2Fmedia&parent=24132"}],"wp:term":[{"taxonomy":"category","embeddable":true,"href":"https:\/\/radiozapatista.org\/index.php?rest_route=%2Fwp%2Fv2%2Fcategories&post=24132"},{"taxonomy":"post_tag","embeddable":true,"href":"https:\/\/radiozapatista.org\/index.php?rest_route=%2Fwp%2Fv2%2Ftags&post=24132"}],"curies":[{"name":"wp","href":"https:\/\/api.w.org\/{rel}","templated":true}]}}