{"id":24092,"date":"2017-11-25T10:28:22","date_gmt":"2017-11-25T16:28:22","guid":{"rendered":"https:\/\/radiozapatista.org\/?p=24092"},"modified":"2017-11-26T09:45:03","modified_gmt":"2017-11-26T15:45:03","slug":"presentan-libro-acteal-resistencias-memoria-y-verdad","status":"publish","type":"post","link":"https:\/\/radiozapatista.org\/?p=24092","title":{"rendered":"Presentan libro &#8220;Acteal: Resistencias, Memoria y Verdad&#8221;"},"content":{"rendered":"<p><div class=\"slider js_slider\">\n\t                <div class=\"frame js_frame\">\n\t                    <ul class=\"slides js_slides\"><li class=\"js_slide\"><img loading=\"lazy\" decoding=\"async\" width=\"500\" height=\"333\" src=\"https:\/\/radiozapatista.org\/wp-content\/uploads\/2017\/11\/lupi-500x333.jpg\" class=\"attachment- size-\" alt=\"\" srcset=\"https:\/\/radiozapatista.org\/wp-content\/uploads\/2017\/11\/lupi-500x333.jpg 500w, https:\/\/radiozapatista.org\/wp-content\/uploads\/2017\/11\/lupi-500x333-350x233.jpg 350w\" sizes=\"auto, (max-width: 500px) 100vw, 500px\" \/><\/li><li class=\"js_slide\"><img loading=\"lazy\" decoding=\"async\" width=\"500\" height=\"350\" src=\"https:\/\/radiozapatista.org\/wp-content\/uploads\/2017\/11\/lona-500x350.jpg\" class=\"attachment- size-\" alt=\"\" srcset=\"https:\/\/radiozapatista.org\/wp-content\/uploads\/2017\/11\/lona-500x350.jpg 500w, https:\/\/radiozapatista.org\/wp-content\/uploads\/2017\/11\/lona-500x350-350x245.jpg 350w\" sizes=\"auto, (max-width: 500px) 100vw, 500px\" \/><\/li><li class=\"js_slide\"><img loading=\"lazy\" decoding=\"async\" width=\"500\" height=\"290\" src=\"https:\/\/radiozapatista.org\/wp-content\/uploads\/2017\/11\/coro-500x290.jpg\" class=\"attachment- size-\" alt=\"\" srcset=\"https:\/\/radiozapatista.org\/wp-content\/uploads\/2017\/11\/coro-500x290.jpg 500w, https:\/\/radiozapatista.org\/wp-content\/uploads\/2017\/11\/coro-500x290-350x203.jpg 350w\" sizes=\"auto, (max-width: 500px) 100vw, 500px\" \/><\/li><li class=\"js_slide\"><img loading=\"lazy\" decoding=\"async\" width=\"500\" height=\"281\" src=\"https:\/\/radiozapatista.org\/wp-content\/uploads\/2017\/11\/23972501_824627977710001_861014405_n-500x281.jpg\" class=\"attachment- size-\" alt=\"\" srcset=\"https:\/\/radiozapatista.org\/wp-content\/uploads\/2017\/11\/23972501_824627977710001_861014405_n-500x281.jpg 500w, https:\/\/radiozapatista.org\/wp-content\/uploads\/2017\/11\/23972501_824627977710001_861014405_n-500x281-350x197.jpg 350w\" sizes=\"auto, (max-width: 500px) 100vw, 500px\" \/><\/li><li class=\"js_slide\"><img loading=\"lazy\" decoding=\"async\" width=\"500\" height=\"281\" src=\"https:\/\/radiozapatista.org\/wp-content\/uploads\/2017\/11\/23905235_1522639654497432_3961537129463259124_n-500x281.jpg\" class=\"attachment- size-\" alt=\"\" srcset=\"https:\/\/radiozapatista.org\/wp-content\/uploads\/2017\/11\/23905235_1522639654497432_3961537129463259124_n-500x281.jpg 500w, https:\/\/radiozapatista.org\/wp-content\/uploads\/2017\/11\/23905235_1522639654497432_3961537129463259124_n-500x281-350x197.jpg 350w\" sizes=\"auto, (max-width: 500px) 100vw, 500px\" \/><\/li>\t<\/ul>\n\t                <\/div>\n\t\t\t\t\t<span class=\"js_prev rz_slider_nav\"><svg xmlns='http:\/\/www.w3.org\/2000\/svg' viewBox='0 0 40 70'>\n\t<line x1='37' y1='3' x2='3' y2='36' style='stroke:white;stroke-width:5px' \/>\n\t<line x1='3' y1='34' x2='37' y2='67' style='stroke:white;stroke-width:5px' \/>\n<\/svg><\/span>\n\t\t\t\t\t<span class=\"js_next rz_slider_nav\"><svg xmlns='http:\/\/www.w3.org\/2000\/svg' viewBox='0 0 40 70'>\n\t<line x1='3' y1='3' x2='35' y2='36' style='stroke:white;stroke-width:5px' \/>\n\t<line x1='35' y1='34' x2='3' y2='67' style='stroke:white;stroke-width:5px' \/>\n<\/svg><\/span><\/div><script>\n\t'use strict';\n\n\tif(!window.slideshowCodeAlreadyRun) {\n\t\twindow.slideshowCodeAlreadyRun = true;\n\t\tdocument.addEventListener('DOMContentLoaded', function(){\n\t\t\tvar slidersMarkup = document.querySelectorAll('.js_slider'),\n\t\t\t\tsliders = [];\n\n\t        Array.prototype.slice.call(slidersMarkup).forEach(function (element, index) {\n\t            sliders.push( lory(element, {\n\t\t\t\t    \tinfinite: 1\n\t\t            })\n\t\t\t\t);\n\t\t\t\t\/\/ console.log(sliders);\n\t        });\n\n\t\t\t\/\/ reset sliders. firefox bug?\n\t\t\t\/\/ setTimeout(function () {\n\t\t\t\/\/ \tsliders.forEach(function(slider){\n\t\t\t\/\/ \t\tconsole.log(slider);\n\t\t\t\/\/ \t\tslider.reset(); \n\t\t\t\/\/ \t\t\/\/ slider.slideTo(1);\n\t\t\t\/\/ \t});\n\t\t\t\/\/ }, 100);\n\t\n\t\t}); \n\t}\n\t<\/script><\/p>\n<p>Se llev\u00f3 acabo la presentaci\u00f3n del libro \u201cActeal Resistencias Memoria y Verdad\u201d en las instalaciones del Museo jTatik Samuel Ruiz, en San Crist\u00f3bal de Las Casas, Chiapas.<\/p>\n<p>Este libro es resultado del estudio psicosocial de los antecedentes, factores asociados al hecho y manejo de la emergencia, consecuencia psicosocial e impacto colectivo de la masacre de Acteal, ocurrida el 22 de diciembre de 1997.<\/p>\n<p>La presentaci\u00f3n estuvo a cargo de la Organizaci\u00f3n de la sociedad civil Las Abejas de Acteal y del Centro de Derechos Humanos Fray Bartolom\u00e9 de Las Casas. Se inici\u00f3 a las 10:30 de la ma\u00f1ana con el canto del corro de Acteal.<\/p>\n<p>Guadalupe V\u00e1squez Luna, sobreviviente de la masacre y miembro de la organizaci\u00f3n Las Abejas, dijo que el libro que hizo Carlos Mart\u00edn Beristain cuenta muchas cosas que no se saben de la masacre del 22 de diciembre de 1997. Por ejemplo, c\u00f3mo los paramilitares del partido PRI y CARDENISTAS violaron a muchas mujeres y despu\u00e9s las mataron con armas blancas y armas de juego.<\/p>\n<p>Guadalupe record\u00f3 con lagrimas que 4 mujeres embarazadas les abrieron el vientre y les sacaron el bebe que llevaban dentro para despu\u00e9s ser despedazados con machete.<\/p>\n<p>Mientras esto suced\u00eda los polic\u00edas y Ej\u00e9rcito Mexicano se encontraban a unos cuantos metros del lugar y no hizo nada. \u201cPor eso nosotros como v\u00edctima y sobre vivientes, no podemos perdonar ni olvidar\u201d.<\/p>\n<p>La presentaci\u00f3n finaliz\u00f3 con una invitaci\u00f3n al evento para recordar los 20 a\u00f1os de la masacre y 25 a\u00f1os de la lucha y resistencia de Las Abejas a realizarse los d\u00edas 20, 21 y 22 de diciembre en la comunidad de Acteal, Chenalh\u00f3, Chiapas.<\/p>\n<p>Tambi\u00e9n estuvieron presentes en la presentaci\u00f3n: Stella Maris Figueroa, acompa\u00f1ante psicosocial; Estela Barco Huerta, directora de la organizaci\u00f3n Desarrollo Social para los Mexicanos; y Jorge Santiago Santiago, integrante del Consejo Directivo del Centro de Derechos Humanos Fray Bartolom\u00e9 de Las Casas.<\/p>\n<p><iframe loading=\"lazy\" width=\"560\" height=\"315\" src=\"https:\/\/www.youtube.com\/embed\/8NzJUL-qkuU\" frameborder=\"0\" allowfullscreen><\/iframe><\/p>\n<p><\/p>","protected":false},"excerpt":{"rendered":"<p>Se llev\u00f3 acabo la presentaci\u00f3n del libro \u201cActeal Resistencias Memoria y Verdad\u201d en las instalaciones del Museo jTatik Samuel Ruiz, en San Crist\u00f3bal de Las Casas, Chiapas. Este libro es resultado del estudio psicosocial de los antecedentes, factores asociados al hecho y manejo de la emergencia, consecuencia psicosocial e impacto colectivo de la masacre de [&hellip;]<\/p>\n","protected":false},"author":1,"featured_media":24093,"comment_status":"open","ping_status":"closed","sticky":false,"template":"","format":"standard","meta":{"footnotes":""},"categories":[6,296,222],"tags":[100,58,497,53,233],"class_list":["post-24092","post","type-post","status-publish","format-standard","has-post-thumbnail","hentry","category-chiapas","category-koman-ilel","category-video","tag-acteal","tag-derechos-humanos","tag-feminicidios","tag-justicia","tag-masacre-de-acteal"],"_links":{"self":[{"href":"https:\/\/radiozapatista.org\/index.php?rest_route=\/wp\/v2\/posts\/24092","targetHints":{"allow":["GET"]}}],"collection":[{"href":"https:\/\/radiozapatista.org\/index.php?rest_route=\/wp\/v2\/posts"}],"about":[{"href":"https:\/\/radiozapatista.org\/index.php?rest_route=\/wp\/v2\/types\/post"}],"author":[{"embeddable":true,"href":"https:\/\/radiozapatista.org\/index.php?rest_route=\/wp\/v2\/users\/1"}],"replies":[{"embeddable":true,"href":"https:\/\/radiozapatista.org\/index.php?rest_route=%2Fwp%2Fv2%2Fcomments&post=24092"}],"version-history":[{"count":0,"href":"https:\/\/radiozapatista.org\/index.php?rest_route=\/wp\/v2\/posts\/24092\/revisions"}],"wp:featuredmedia":[{"embeddable":true,"href":"https:\/\/radiozapatista.org\/index.php?rest_route=\/wp\/v2\/media\/24093"}],"wp:attachment":[{"href":"https:\/\/radiozapatista.org\/index.php?rest_route=%2Fwp%2Fv2%2Fmedia&parent=24092"}],"wp:term":[{"taxonomy":"category","embeddable":true,"href":"https:\/\/radiozapatista.org\/index.php?rest_route=%2Fwp%2Fv2%2Fcategories&post=24092"},{"taxonomy":"post_tag","embeddable":true,"href":"https:\/\/radiozapatista.org\/index.php?rest_route=%2Fwp%2Fv2%2Ftags&post=24092"}],"curies":[{"name":"wp","href":"https:\/\/api.w.org\/{rel}","templated":true}]}}