{"id":240,"date":"2010-06-01T12:04:29","date_gmt":"2010-06-01T17:04:29","guid":{"rendered":"https:\/\/radiozapatista.org\/wp\/?p=240"},"modified":"2010-10-20T19:54:49","modified_gmt":"2010-10-21T00:54:49","slug":"reportaje-sobre-el-balance-anual-del-frayba-y-otras-noticias","status":"publish","type":"post","link":"https:\/\/radiozapatista.org\/?p=240","title":{"rendered":"Reportaje sobre el balance anual del Frayba y otras noticias"},"content":{"rendered":"<p><\/p>\n<ul>\n<li>Detienen a pescadores cucap\u00e1 en Baja California<\/li>\n<li>Movilizaci\u00f3n del Movimiento de resistencia civil contra las altas tarifas de la energ\u00eda el\u00e9ctrica              de Candelaria, Campeche<\/li>\n<li>Ataque armado contra miembro del Movimiento de resistencia civil contra las altas tarifas de la               energ\u00eda el\u00e9ctrica de Candelaria<\/li>\n<li>Agresi\u00f3n contra integrantes  del Frente C\u00edvico Tonalteco y del Centro de Derechos Humanos Digna Ochoa<\/li>\n<li>Allanamiento e intimidaciones contra la periodista Laura Castellanos<\/li>\n<li>Acciones de solidaridad en Par\u00eds<\/li>\n<li>Karakola Global: convocatoria a levantamiento cultural<\/li>\n<\/ul>\n<p><\/p>","protected":false},"excerpt":{"rendered":"<p>Detienen a pescadores cucap\u00e1 en Baja California Movilizaci\u00f3n del Movimiento de resistencia civil contra las altas tarifas de la energ\u00eda el\u00e9ctrica de Candelaria, Campeche Ataque armado contra miembro del Movimiento de resistencia civil contra las altas tarifas de la energ\u00eda el\u00e9ctrica de Candelaria Agresi\u00f3n contra integrantes del Frente C\u00edvico Tonalteco y del Centro de Derechos [&hellip;]<\/p>\n","protected":false},"author":1,"featured_media":0,"comment_status":"open","ping_status":"open","sticky":false,"template":"","format":"standard","meta":{"footnotes":""},"categories":[6],"tags":[58,59,26,925,54,27],"class_list":["post-240","post","type-post","status-publish","format-standard","hentry","category-chiapas","tag-derechos-humanos","tag-energia-electrica","tag-europa-zapatista","tag-frayba","tag-otra-campana","tag-solidaridad"],"_links":{"self":[{"href":"https:\/\/radiozapatista.org\/index.php?rest_route=\/wp\/v2\/posts\/240","targetHints":{"allow":["GET"]}}],"collection":[{"href":"https:\/\/radiozapatista.org\/index.php?rest_route=\/wp\/v2\/posts"}],"about":[{"href":"https:\/\/radiozapatista.org\/index.php?rest_route=\/wp\/v2\/types\/post"}],"author":[{"embeddable":true,"href":"https:\/\/radiozapatista.org\/index.php?rest_route=\/wp\/v2\/users\/1"}],"replies":[{"embeddable":true,"href":"https:\/\/radiozapatista.org\/index.php?rest_route=%2Fwp%2Fv2%2Fcomments&post=240"}],"version-history":[{"count":0,"href":"https:\/\/radiozapatista.org\/index.php?rest_route=\/wp\/v2\/posts\/240\/revisions"}],"wp:attachment":[{"href":"https:\/\/radiozapatista.org\/index.php?rest_route=%2Fwp%2Fv2%2Fmedia&parent=240"}],"wp:term":[{"taxonomy":"category","embeddable":true,"href":"https:\/\/radiozapatista.org\/index.php?rest_route=%2Fwp%2Fv2%2Fcategories&post=240"},{"taxonomy":"post_tag","embeddable":true,"href":"https:\/\/radiozapatista.org\/index.php?rest_route=%2Fwp%2Fv2%2Ftags&post=240"}],"curies":[{"name":"wp","href":"https:\/\/api.w.org\/{rel}","templated":true}]}}