{"id":23893,"date":"2017-11-17T11:07:51","date_gmt":"2017-11-17T17:07:51","guid":{"rendered":"https:\/\/radiozapatista.org\/?p=23893"},"modified":"2017-11-17T11:07:51","modified_gmt":"2017-11-17T17:07:51","slug":"presos-de-la-voz-verdadera-del-amate-denuncian-extorsion-por-parte-de-abogado-de-oficio","status":"publish","type":"post","link":"https:\/\/radiozapatista.org\/?p=23893","title":{"rendered":"[:es]Presos de La Voz Verdadera del Amate denuncian extorsi\u00f3n por parte de abogado de oficio[:]"},"content":{"rendered":"<p>[:es]<\/p>\n<h4 style=\"text-align: center;\">Comunicado de los compa\u00f1eros, presxs en lucha de La Voz Verdadera del Amate<\/h4>\n<p style=\"text-align: right;\">Cintalapa de Figueroa,<br \/>\nChiapas 5 de Noviembre del 2017<\/p>\n<p>El d\u00eda domingo 5 de noviembre del 2017 los compa\u00f1eros de aqu\u00ed en El Amate nos reunimos para recordar que el licenciado de oficio Jos\u00e9 Andr\u00e9s L\u00f3pez G\u00f3mez sobre las anomal\u00edas que han ocurrido ac\u00e1 en el Cereso n\u00ba14 El Amate. Que nos ha pedido dinero, hamacas y otras cosas m\u00e1s. Al ver que nos est\u00e1 estafando decidimos girar escrito al Jefe de la Defensor\u00eda Social del Estado de Chiapas y tambi\u00e9n a la Red contra la Represi\u00f3n y por la Solidaridad.<\/p>\n<p>Tuvo mucho efecto, el d\u00eda 5 de octubre nos mandaron a llamar el jefe del Instituto de la Defensor\u00eda P\u00fablica Lic. Anibal G. Corzo Zuarth acompa\u00f1ando con el Subdirector Regional interno zona Amate Lic. Gabriel Meneses Dom\u00ednguez y ese d\u00eda nos preguntaron que incorformidades tenemos y nosotros le dijimos todo lo que estaba pasando, que nos pide dinero, hamacas y mecedoras y los licenciados pues nos trataron bien y nos dijeron que tengamos paciencia porque este caso lleva proceso y ellos dijeron que dentro de un mes nos \u00edbamos a ver el resultado, pero por el momento no ha habido cambio y tambi\u00e9n nosotros le pedimos nuestro traslado donde radican nuestro expediente para que se agilizara nuestros casos.<\/p>\n<p>Somos 3 compa\u00f1eros que se nos va a trasladar y el compa Pascual G\u00f3mez Jim\u00e9nez ya lo trasladaron al Cereso n\u00ba16, \u201cEl Encino\u201d.<\/p>\n<p>Los compa\u00f1eros Germ\u00e1n L\u00f3pez Montejo, Abraham L\u00f3pez Montejo y otros compa\u00f1eros inconformes est\u00e1n esperando el cambio de este defensor p\u00fablico y que nos reasigne un nuevo defensor que gestione diligentemente nuestros asuntos sin pedir a cambio.<\/p>\n<p>Le pedimos a la Red Contra la Represi\u00f3n, tanto a la Sexta Nacional e Internacional y a los solidarios que est\u00e9n al pendiente de nosotros.<\/p>\n<p>Donde quiera que estemos vamos a seguir la lucha para obtener nuestra libertad.<\/p>\n<p>Compa\u00f1eras y compa\u00f1eros pues estamos muy agradecidos por su apoyo y tambi\u00e9n les mandamos muchos saludos y fuerte abrazo.<\/p>\n<p style=\"text-align: center;\">Gracias<\/p>\n<p style=\"text-align: center;\">Atentamente:<\/p>\n<p style=\"text-align: center;\">Adri\u00e1n G\u00f3mez Jim\u00e9nez<br \/>\nDiego L\u00f3pez M\u00e9ndez<br \/>\nGerm\u00e1n L\u00f3pez Montejo<br \/>\nAbraham L\u00f3pez Montejo<\/p>\n<p style=\"text-align: center;\">LA VOZ VERDADERA DEL AMATE<\/p>\n<p>[:]<\/p>\n","protected":false},"excerpt":{"rendered":"<p>[:es] Comunicado de los compa\u00f1eros, presxs en lucha de La Voz Verdadera del Amate Cintalapa de Figueroa, Chiapas 5 de Noviembre del 2017 El d\u00eda domingo 5 de noviembre del 2017 los compa\u00f1eros de aqu\u00ed en El Amate nos reunimos para recordar que el licenciado de oficio Jos\u00e9 Andr\u00e9s L\u00f3pez G\u00f3mez sobre las anomal\u00edas que [&hellip;]<\/p>\n","protected":false},"author":1,"featured_media":0,"comment_status":"open","ping_status":"closed","sticky":false,"template":"","format":"standard","meta":{"footnotes":""},"categories":[6,183,962],"tags":[948],"class_list":["post-23893","post","type-post","status-publish","format-standard","hentry","category-chiapas","category-blog","category-presos","tag-presos"],"_links":{"self":[{"href":"https:\/\/radiozapatista.org\/index.php?rest_route=\/wp\/v2\/posts\/23893","targetHints":{"allow":["GET"]}}],"collection":[{"href":"https:\/\/radiozapatista.org\/index.php?rest_route=\/wp\/v2\/posts"}],"about":[{"href":"https:\/\/radiozapatista.org\/index.php?rest_route=\/wp\/v2\/types\/post"}],"author":[{"embeddable":true,"href":"https:\/\/radiozapatista.org\/index.php?rest_route=\/wp\/v2\/users\/1"}],"replies":[{"embeddable":true,"href":"https:\/\/radiozapatista.org\/index.php?rest_route=%2Fwp%2Fv2%2Fcomments&post=23893"}],"version-history":[{"count":0,"href":"https:\/\/radiozapatista.org\/index.php?rest_route=\/wp\/v2\/posts\/23893\/revisions"}],"wp:attachment":[{"href":"https:\/\/radiozapatista.org\/index.php?rest_route=%2Fwp%2Fv2%2Fmedia&parent=23893"}],"wp:term":[{"taxonomy":"category","embeddable":true,"href":"https:\/\/radiozapatista.org\/index.php?rest_route=%2Fwp%2Fv2%2Fcategories&post=23893"},{"taxonomy":"post_tag","embeddable":true,"href":"https:\/\/radiozapatista.org\/index.php?rest_route=%2Fwp%2Fv2%2Ftags&post=23893"}],"curies":[{"name":"wp","href":"https:\/\/api.w.org\/{rel}","templated":true}]}}