{"id":23854,"date":"2017-11-15T18:04:13","date_gmt":"2017-11-16T00:04:13","guid":{"rendered":"https:\/\/radiozapatista.org\/?p=23854"},"modified":"2017-12-09T09:25:24","modified_gmt":"2017-12-09T15:25:24","slug":"palabras-de-marichuy-en-la-universidad-veracruzana-intercultural-12-de-noviembre","status":"publish","type":"post","link":"https:\/\/radiozapatista.org\/?p=23854","title":{"rendered":"Palabras de Marichuy en la Universidad Veracruzana Intercultural -12 de Noviembre"},"content":{"rendered":"<p><\/p>\n<div>\n<h3 class=\"post-title entry-title\" style=\"text-align: center;\">Discurso Marichuy en Tequila, Sierra de Zongolica, Veracruz, en la Universidad Veracruzana Intercultural. Noviembre 12 de 2017<\/h3>\n<\/div>\n<div>(Saludo en n\u00e1huatl)<\/div>\n<div><\/div>\n<div>Voy a hablar m\u00e1s en espa\u00f1ol, espero que se entienda. Miren, el porqu\u00e9 estamos aqu\u00ed, por qu\u00e9 vinimos recorriendo varias comunidades: ustedes han sido testigos de la reuni\u00f3n del Quinto Congreso que tuvimos en Chiapas, han sido testigos que hubo una pl\u00e1tica donde vimos la problem\u00e1tica de nuestras comunidades y analizamos que los problemas de cada una de nuestras comunidades que conformamos el Congreso Nacional Ind\u00edgena cada vez era peor. Que hab\u00eda m\u00e1s muertos, m\u00e1s desaparecidos, m\u00e1s encarcelados y que en nuestras tierras y territorios de nuestros pueblos cada vez hab\u00eda m\u00e1s despojo, cada vez hab\u00eda m\u00e1s contaminaci\u00f3n, m\u00e1s enfermedad. Y ah\u00ed estuvimos reunidos y\u00a0 quiero decirles que ah\u00ed nuestros hermanos del Ej\u00e9rcito Zapatista de Liberaci\u00f3n Nacional nos propusieron participar en este proceso del 2018.<\/div>\n<div><\/div>\n<div>\u00bfPor qu\u00e9? Porque nos comentaban lo mismo que nosotros ve\u00edamos en el Congreso Nacional Ind\u00edgena, que los pueblos ind\u00edgenas ya estaban olvidados otra vez, que lo \u00fanico que se ve\u00eda de los pueblos pues era lo bonito, los proyectos y programas que se hac\u00edan, el folclor de los pueblos mas no los problemas reales. Y entonces dijimos los del CNI, c\u00f3mo, si hab\u00edamos dicho que no \u00edbamos a entrar por esa v\u00eda, si nos \u00edbamos a mantener por la organizaci\u00f3n y organiz\u00e1ndonos en nuestras comunidades. Pero ya luego nos volvieron a reiterar la idea principal que era visibilizar los pueblos, visibilizar los problemas y lograr organizarnos los pueblos, las comunidades. Afianzarnos m\u00e1s como comunidad, como regi\u00f3n y a nivel nacional.<\/div>\n<div><\/div>\n<div>Entonces dijimos, despu\u00e9s de dos d\u00edas de discusi\u00f3n, an\u00e1lisis, dijimos s\u00ed es cierto, no hay otra v\u00eda, no hay otra forma y dijimos vamos a preguntar en nuestras comunidades. Regresamos a nuestras comunidades y les preguntamos y consultamos a 523 comunidades y dijimos vamos a volvernos a encontrar para ver qu\u00e9 dijeron esas comunidades.\u00a0 Y cuando nos volvimos a encontrar la mayor\u00eda de nuestras comunidades dijeron que estaban de acuerdo, que s\u00ed era necesario.<\/div>\n<div><\/div>\n<div>Entonces dijimos le vamos a entrar, pero con un Concejo Ind\u00edgena de Gobierno, representantes concejales que son hermanos y hermanas ind\u00edgenas, que son representantes de los diferentes pueblos ind\u00edgenas de M\u00e9xico, de las regiones, seg\u00fan como cada comunidad, cada pueblo, lo fuera diciendo, lo fuera pensando.\u00a0 Y dijimos que participen hombres y mujeres porque eso es lo que hay en nuestras comunidades, est\u00e1n compuestas por hombres y mujeres; mujeres que han luchado tambi\u00e9n y que no se ha visto su lucha. Entonces se dijo vamos a participar hombre y mujer, pero ya cada regi\u00f3n, cada pueblo decidir\u00e1 c\u00f3mo va a participar. Entonces por eso se conforma el Concejo Ind\u00edgena de Gobierno con representantes de diferentes comunidades ind\u00edgenas, pueblos ind\u00edgenas.<\/div>\n<div><\/div>\n<div>Estos concejales van a ser la voz de las regiones, por ejemplo aqu\u00ed en esta regi\u00f3n tienen sus concejales, ellos son los que van a llevar la palabra a otros lugares, son los que van a dar a conocer los problemas que se tienen aqu\u00ed; son los que van a decir c\u00f3mo se est\u00e1n organizando, c\u00f3mo han venido luchando. Entonces, por eso se propuso crear este Concejo Ind\u00edgena de Gobierno y se crearon 93 regiones en todo el pa\u00eds y esas regiones son las que est\u00e1n mandando a sus concejales. En este caminar que hemos dado algunas regiones dicen: es que nosotros estamos divididos como regiones, y justo aqu\u00ed en la parte de Veracruz nos han dicho que hay creo que cuatro regiones, entonces pues van a ser m\u00e1s concejales de los que ten\u00edamos pensado. No importa, lo importante que es nos organicemos, esa es la propuesta principal, para lo que se propuso que nos organicemos.<\/div>\n<div><\/div>\n<p><!--more--><\/p>\n<div><\/div>\n<div>Es muy importante recordar que tenemos que tomar en cuenta cada una de nuestras regiones, cada uno de los lugares y los problemas reales que se viven, y eso tenemos que llevar a nuestras regiones, a cada una de esas comunidades que tiene esas regiones. Que conozcan la problem\u00e1tica que se tiene. Muchas veces aunque estamos en una misma regi\u00f3n no se conocen las comunidades, son tan amplias que es dif\u00edcil, pero este es el prop\u00f3sito de c\u00f3mo los concejales van a ser los transmisores de esa informaci\u00f3n de una comunidad a otra; o van facilitar ese acercamiento de una comunidad a otra. Y juntos pensar c\u00f3mo nos vamos a organizar para hacer frente a todo este despojo que se viene con este sistema capitalista, este sistema de muerte que no quiere la vida de nuestras comunidades, quiere despojarnos de las\u00a0 aguas, de los \u00e1rboles, de las tierras e imponer programas muy ajenos a nuestra comunidad, pero con el fin de robarnos, de destruir nuestras comunidades.<\/div>\n<div><\/div>\n<div>Entonces los concejales ese es nuestro trabajo, c\u00f3mo vamos a hacer posible de juntar todas esas voces y pensar juntos c\u00f3mo nos vamos a organizar para defender nuestras comunidades, para afianzar nuestras comunidades. Alguien dec\u00eda: escuchar a nuestros abuelos, es muy importante tener la historia de nuestras comunidades, tener la historia de lucha y transmitirla a los ni\u00f1os.\u00a0 Escuchaba ayer a una partera, m\u00e9dica tradicional, que es muy importante la transmisi\u00f3n de este conocimiento, para la recuperaci\u00f3n de la medicina o su fortalecimiento, a los ni\u00f1os. Entonces ese es nuestro trabajo principal, por eso se propuso al Concejo Ind\u00edgena de Gobierno, ese va a ser nuestro trabajo; desde la comunidad, como regi\u00f3n con los dem\u00e1s concejales y a nivel nacional con todo el CIG.<\/div>\n<div><\/div>\n<div>Entonces este trabajo por eso va mucho m\u00e1s all\u00e1 de unas firmas o de un voto, porque vean ahorita llevamos muchos problemas con lo de las firmas. Nos van a poner trabas, no van a permitir que los pueblos nos organicemos para recoger una firma, pero ese no es nuestro fin como Concejo Ind\u00edgena de Gobierno; como Concejo Ind\u00edgena de Gobierno es la organizaci\u00f3n que generemos en nuestras comunidades y que si no se logran conseguir las firmas se logra conseguir la organizaci\u00f3n, que es lo principal. Que si no logramos estar como candidato, pero si logramos la organizaci\u00f3n de pueblos enteros es lo principal.<\/div>\n<div><\/div>\n<div>\u00c9sa es la tarea de nosotros, de los concejales, es la tarea de los integrantes del CNI, por eso se propuso esto para visibilizar los problemas, que los medios volteen\u00a0 a ver y escuchar los problemas de nuestras comunidades, los problemas reales, dichos por ustedes, por los miembros de las comunidades. Y que tambi\u00e9n en este caminar vayamos fortaleciendo nuestras comunidades, vayamos pensando juntos c\u00f3mo vamos a sobre vivir despu\u00e9s del 2018, porque despu\u00e9s del 2018 se va a venir fuerte una represi\u00f3n porque ya tienen muchas concesiones en nuestras tierras, porque ya tienen pensado qu\u00e9 proyectos van a meter en nuestros territorios. Entonces no tenemos que estar quietos, ese es nuestro trabajo del Concejo Ind\u00edgena de Gobierno, de ir a las comunidades, de juntos pensarle c\u00f3mo le vamos a hacer para que nuestras comunidades sigan viviendo y que nos demos la mano por todo lo que va a venir despu\u00e9s del 2018. Entonces hay mucho trabajo que hacer, muchas tareas.<\/div>\n<div><\/div>\n<div>Creo que con esta pl\u00e1tica que damos ahorita, nosotros nos vamos a ir pero se quedan los concejales, se quedan las comunidades y es el compromiso de ir articulando todas estas comunidades; de ir pensando mucho m\u00e1s all\u00e1 porque se va a venir el tiempo de que van a venir los partidos y van a traer todo lo que acostumbran dar. No s\u00e9, pero all\u00e1 por nuestra regi\u00f3n o dan despensas o dan cachuchas o dan camisetas, no s\u00e9 lo que dan, paraguas, todo lo que acostumbran dar, pero eso lo dan porque ya tienen as\u00ed la costumbre, pues. Dan para enga\u00f1ar a la gente y lamentablemente mucha gente de nuestras comunidades se deja llevar por esas cosas, \u00bfqu\u00e9 nos toca hacer a nosotros? Hacer que nuestra gente de nuestras comunidades vean m\u00e1s all\u00e1 de los partidos, que antes de ser de un partido somos\u00a0 de una comunidad, una comunidad\u00a0 que est\u00e1 siendo destrozada, despedazada y robada de sus riquezas que tiene en las comunidades y que por eso tenemos que organizarnos en las comunidades.<\/div>\n<div><\/div>\n<div>Entonces esa es la invitaci\u00f3n especial, la palabra que nos han encomendado el Congreso Nacional Ind\u00edgena y nuestros hermanos del Ej\u00e9rcito Zapatista de Liberaci\u00f3n Nacional, de que es necesaria la organizaci\u00f3n por nuestras comunidades, por nuestras regiones, por nuestros pueblos para que tengamos esa vida en adelante, para despu\u00e9s del 2018, no para ahorita de aqu\u00ed al 2018. Entonces esa es la tarea principal de nuestros concejales en cada regi\u00f3n, en cada comunidad, en cada lugar que vamos a estar pasando lo vamos a estar remarcando porque tenemos que terminar despu\u00e9s del 2018 en una fuerte organizaci\u00f3n a nivel nacional, junto con los trabajadores del campo y la ciudad, mujeres, j\u00f3venes, estudiantes, todos, todos los que sientan que es necesario unificarnos para quitar de ra\u00edz este sistema que est\u00e1 queriendo acabarnos.<\/div>\n<div><\/div>\n<div>Todos los que est\u00e9n dispuestos a darnos la mano y que es necesario articular esas diferentes luchas del campo y la ciudad, por el bien de nuestras comunidades, por el bien de nuestros\u00a0 pueblos para defender eso que les dec\u00eda, la vida que est\u00e1 en nuestras comunidades. Porque el d\u00eda que nuestras comunidades mueran morimos un poco m\u00e1s y nosotros, desde los pueblos aglutinados en el CNI, hemos pensado que no hay otra salida, que tenemos que olvidarnos que a veces estamos peleados en la misma comunidad, nos hacen pelar los partidos. Yo les dec\u00eda en algunas comunidades \u201ccuando vienen los tiempos electorales hasta en la misma familia estamos unos contra otros, pero viene una fiesta de la comunidad y nos olvidamos que estamos peleados y estamos felices conviviendo\u201d.<\/div>\n<div><\/div>\n<div>\u00c9sa es la comunidad, retomemos esa comunidad, reforcemos nuestra comunidad, defendamos esa comunidad. \u00bfC\u00f3mo? Solamente d\u00e1ndonos la mano y pensando juntos que s\u00ed podemos hacerlo. Que nos dicen que nuestra palabra no vale, por a\u00f1os nuestros abuelos han sido discriminados, ahora demostremos que s\u00ed podemos lograrlo, que s\u00ed podemos hablar para defender nuestras comunidades, defender nuestros pueblos, que fueron los pueblos fundadores de este M\u00e9xico y que nos han hecho a un lado. \u00bfPero por qu\u00e9? Porque hay riquezas que se tienen en nuestras comunidades y \u00e9sas s\u00ed las quieren, no quieren a los habitantes.<\/div>\n<div><\/div>\n<div>Y lo hemos visto con tanto desaparecido, con tantos encarcelados, y juicio tras juicio y nunca se soluciona nada. Pleitos territoriales que se tienen a\u00f1os peleando la tierra y nom\u00e1s se pasa de generaci\u00f3n en generaci\u00f3n. Entonces todo eso es una estrategia del gobierno para acabarnos, del capitalismo para acabarnos, entonces ahora los pueblos tenemos que pensar juntos c\u00f3mo nos vamos a dar la mano, c\u00f3mo nos vamos a organizar para defender nuestras tierras y territorios. C\u00f3mo nos vamos a dar la mano para juntos, con los hermanos de la ciudad, nos articulemos y defendamos M\u00e9xico y construyamos algo nuevo desde abajo, algo que no nos afecte, algo que no nos mate. Tenemos que construir algo nuevo y no s\u00f3lo para M\u00e9xico, sino para el mundo, entonces es una responsabilidad grande.<\/div>\n<div class=\"separator\"><\/div>\n<div>Y ese es nuestro mensaje que les dejamos aqu\u00ed y es el mensaje que van a llevar los concejales de por ac\u00e1 a otros lugares. Pues muchas gracias, hermanos, esto es lo que les quer\u00edamos decir.<\/div>\n<p><\/p>","protected":false},"excerpt":{"rendered":"<p>Discurso Marichuy en Tequila, Sierra de Zongolica, Veracruz, en la Universidad Veracruzana Intercultural. Noviembre 12 de 2017 (Saludo en n\u00e1huatl) Voy a hablar m\u00e1s en espa\u00f1ol, espero que se entienda. Miren, el porqu\u00e9 estamos aqu\u00ed, por qu\u00e9 vinimos recorriendo varias comunidades: ustedes han sido testigos de la reuni\u00f3n del Quinto Congreso que tuvimos en Chiapas, [&hellip;]<\/p>\n","protected":false},"author":13,"featured_media":23574,"comment_status":"open","ping_status":"closed","sticky":false,"template":"","format":"standard","meta":{"footnotes":""},"categories":[51,1024,943,1095,954,935],"tags":[1151,1130,718],"class_list":["post-23854","post","type-post","status-publish","format-standard","has-post-thumbnail","hentry","category-autor","category-cni-temas","category-cni","category-concejo-indigena-de-gobierno","category-mexico","category-temas","tag-cig","tag-marichuy","tag-veracruz"],"_links":{"self":[{"href":"https:\/\/radiozapatista.org\/index.php?rest_route=\/wp\/v2\/posts\/23854","targetHints":{"allow":["GET"]}}],"collection":[{"href":"https:\/\/radiozapatista.org\/index.php?rest_route=\/wp\/v2\/posts"}],"about":[{"href":"https:\/\/radiozapatista.org\/index.php?rest_route=\/wp\/v2\/types\/post"}],"author":[{"embeddable":true,"href":"https:\/\/radiozapatista.org\/index.php?rest_route=\/wp\/v2\/users\/13"}],"replies":[{"embeddable":true,"href":"https:\/\/radiozapatista.org\/index.php?rest_route=%2Fwp%2Fv2%2Fcomments&post=23854"}],"version-history":[{"count":0,"href":"https:\/\/radiozapatista.org\/index.php?rest_route=\/wp\/v2\/posts\/23854\/revisions"}],"wp:featuredmedia":[{"embeddable":true,"href":"https:\/\/radiozapatista.org\/index.php?rest_route=\/wp\/v2\/media\/23574"}],"wp:attachment":[{"href":"https:\/\/radiozapatista.org\/index.php?rest_route=%2Fwp%2Fv2%2Fmedia&parent=23854"}],"wp:term":[{"taxonomy":"category","embeddable":true,"href":"https:\/\/radiozapatista.org\/index.php?rest_route=%2Fwp%2Fv2%2Fcategories&post=23854"},{"taxonomy":"post_tag","embeddable":true,"href":"https:\/\/radiozapatista.org\/index.php?rest_route=%2Fwp%2Fv2%2Ftags&post=23854"}],"curies":[{"name":"wp","href":"https:\/\/api.w.org\/{rel}","templated":true}]}}