{"id":23545,"date":"2017-10-27T09:15:40","date_gmt":"2017-10-27T14:15:40","guid":{"rendered":"https:\/\/radiozapatista.org\/?p=23545"},"modified":"2017-10-27T09:15:40","modified_gmt":"2017-10-27T14:15:40","slug":"comparte-por-la-humanidad-en-patzcuaro-28-de-octubre-de-1pm-a-7pm","status":"publish","type":"post","link":"https:\/\/radiozapatista.org\/?p=23545","title":{"rendered":"CompArte por la Humanidad en P\u00e1tzcuaro. 28 de Octubre de 1pm a 7pm."},"content":{"rendered":"<p>Respondiendo a la convocatoria zapatista, entendiendo el mensaje de organizar en nuestras geograf\u00edas y nuestros calendarios, actividades y festivales-encuentros convocados por l@s zapatistas , haciendo un espacio y eco al quehacer art\u00edstico, as\u00ed como celebrando la existencia en rebeld\u00eda y resistencia del Congreso Nacional Ind\u00edgena.<\/p>\n<p>Los invitamos al Festival CompArte por la Humanidad P\u00e1tzcuaro, Michoac\u00e1n.<\/p>\n<p>28 de Octubre de 1pm a 7pm.<\/p>\n<p>Lugar: Gran Calavera (Ahumada 11, 61600 P\u00e1tzcuaro, Michoac\u00e1n)<\/p>\n<p>Nos acompa\u00f1ar\u00e1n concejales del Concejo Ind\u00edgena de Gobierno y habr\u00e1 mesa de informaci\u00f3n sobre la propuesta CNI-EZLN as\u00ed como recabaci\u00f3n de firmas de apoyo ciudadano para la compa\u00f1era vocera del CIG, Marichuy<\/p>\n","protected":false},"excerpt":{"rendered":"<p>Respondiendo a la convocatoria zapatista, entendiendo el mensaje de organizar en nuestras geograf\u00edas y nuestros calendarios, actividades y festivales-encuentros convocados por l@s zapatistas , haciendo un espacio y eco al quehacer art\u00edstico, as\u00ed como celebrando la existencia en rebeld\u00eda y resistencia del Congreso Nacional Ind\u00edgena. Los invitamos al Festival CompArte por la Humanidad P\u00e1tzcuaro, Michoac\u00e1n. [&hellip;]<\/p>\n","protected":false},"author":1,"featured_media":0,"comment_status":"open","ping_status":"closed","sticky":false,"template":"","format":"standard","meta":{"footnotes":""},"categories":[1024,1095,954,183],"tags":[1139,992],"class_list":["post-23545","post","type-post","status-publish","format-standard","hentry","category-cni-temas","category-concejo-indigena-de-gobierno","category-mexico","category-blog","tag-artes","tag-comparte"],"_links":{"self":[{"href":"https:\/\/radiozapatista.org\/index.php?rest_route=\/wp\/v2\/posts\/23545","targetHints":{"allow":["GET"]}}],"collection":[{"href":"https:\/\/radiozapatista.org\/index.php?rest_route=\/wp\/v2\/posts"}],"about":[{"href":"https:\/\/radiozapatista.org\/index.php?rest_route=\/wp\/v2\/types\/post"}],"author":[{"embeddable":true,"href":"https:\/\/radiozapatista.org\/index.php?rest_route=\/wp\/v2\/users\/1"}],"replies":[{"embeddable":true,"href":"https:\/\/radiozapatista.org\/index.php?rest_route=%2Fwp%2Fv2%2Fcomments&post=23545"}],"version-history":[{"count":0,"href":"https:\/\/radiozapatista.org\/index.php?rest_route=\/wp\/v2\/posts\/23545\/revisions"}],"wp:attachment":[{"href":"https:\/\/radiozapatista.org\/index.php?rest_route=%2Fwp%2Fv2%2Fmedia&parent=23545"}],"wp:term":[{"taxonomy":"category","embeddable":true,"href":"https:\/\/radiozapatista.org\/index.php?rest_route=%2Fwp%2Fv2%2Fcategories&post=23545"},{"taxonomy":"post_tag","embeddable":true,"href":"https:\/\/radiozapatista.org\/index.php?rest_route=%2Fwp%2Fv2%2Ftags&post=23545"}],"curies":[{"name":"wp","href":"https:\/\/api.w.org\/{rel}","templated":true}]}}