{"id":23396,"date":"2017-10-20T10:49:12","date_gmt":"2017-10-20T15:49:12","guid":{"rendered":"https:\/\/radiozapatista.org\/?p=23396"},"modified":"2017-12-09T09:26:25","modified_gmt":"2017-12-09T15:26:25","slug":"palabras-de-maria-de-jesus-patricio-de-la-comandanta-hortencia-y-de-las-companeras-jimena-y-jessica-en-oventic","status":"publish","type":"post","link":"https:\/\/radiozapatista.org\/?p=23396","title":{"rendered":"Palabras de Mar\u00eda de Jes\u00fas Patricio, de la Comandanta Hortencia y de las compa\u00f1eras Jimena y Jessica en Oventic"},"content":{"rendered":"<p><\/p>\n<ul>\n<li style=\"text-align: left;\"><a href=\"https:\/\/radiozapatista.org\/?p=23396#marichuy\">Palabras de Mar\u00eda de Jes\u00fas Patricio Mart\u00ednez (Marichuy)<\/a><\/li>\n<li style=\"text-align: left;\"><a href=\"https:\/\/radiozapatista.org\/?p=23396#ccri\">Palabras de la Comandanta Hortencia a nombre del CCRI-CG del EZLN<\/a><\/li>\n<li style=\"text-align: left;\"><a href=\"https:\/\/radiozapatista.org\/?p=23396#jimena\">Palabras de bienvenida de la Junta de Buen Gobierno &#8220;Coraz\u00f3n c\u00e9ntrico de los zapatistas delante el mundo&#8221; por la compa\u00f1era Jimena<\/a><\/li>\n<li style=\"text-align: left;\"><a href=\"https:\/\/radiozapatista.org\/?p=23396#jessica\">Palabras de bienvenida del CCRI de la Zona Altos de Chiapas por la compa\u00f1era Jessica<\/a><\/li>\n<\/ul>\n<h4><\/h4>\n<hr \/>\n<h4 id=\"marichuy\" style=\"text-align: center;\">Palabras de Mar\u00eda de Jes\u00fas Patricio Mart\u00ednez en el Caracol de Oventic el 19 de octubre de 2017<\/h4>\n<p align=\"center\"><a href=\"https:\/\/radiozapatista.org\/wp-content\/uploads\/2017\/10\/IMG_2998_copy.jpeg\"><img loading=\"lazy\" decoding=\"async\" class=\"size-medium wp-image-23406\" src=\"https:\/\/radiozapatista.org\/wp-content\/uploads\/2017\/10\/IMG_2998_copy-200x300.jpeg\" alt=\"Marichuy Patricio Martinez, the spokewoman of the Indigenous Governing Council, attends a rally in the Zapatista Caracol of Oventik, in the southern state of Chiapas, October 19, 2017. Marichuy Patricio started a trip in the five Caracoles venues where the Zapatista rebels demonstrate their support to run for te Presidency of Mexico. Photo by Heriberto Rodriguez\" width=\"200\" height=\"300\" srcset=\"https:\/\/radiozapatista.org\/wp-content\/uploads\/2017\/10\/IMG_2998_copy-200x300.jpeg 200w, https:\/\/radiozapatista.org\/wp-content\/uploads\/2017\/10\/IMG_2998_copy.jpeg 562w\" sizes=\"auto, (max-width: 200px) 100vw, 200px\" \/><\/a><\/p>\n<p>Escucha aqu\u00ed: [podcast]https:\/\/radiozapatista.org\/Audios\/CIG2017_OVENTIK3_MARICHUY_037.MP3[\/podcast]<\/p>\n<p>Hermanos y hermanas del pueblo de M\u00e9xico, de los pueblos del mundo, de la Sexta nacional e internacional.<br \/>\nMedios libres de comunicaci\u00f3n.<br \/>\nMedios de paga.<\/p>\n<p>Ahora les hablo con la voz que el Concejo Ind\u00edgena de Gobierno para M\u00e9xico me dio para decirles que desde el 12 de Octubre hemos estado reunidos con el fin de celebrar la primer Asamblea Nacional de Trabajo entre el Concejo Ind\u00edgena de Gobierno y los pueblos que integran el Congreso Nacional Ind\u00edgena, en el CIDECI-UNITIERRA, y con el fin de hacer la presentaci\u00f3n del Concejo Ind\u00edgena de Gobierno y su vocera en los cinco caracoles zapatistas, en el estado de Chiapas, ratificando lo que los pueblos originarios sabemos bien, o sea, que el futuro de nuestros pueblos es posible \u00fanicamente en reconocernos uno solo con la tierra, nuestra madre. En ella est\u00e1 nuestro pasado y futuro, y por lo tanto la libertad y la autonom\u00eda por la que luchamos.<\/p>\n<p>Desde territorio rebelde zapatista nos escuchamos y pensamos en colectivo, con las artes y las palabras creativas nos hablamos, nos compartimos los modos y los caminos para desmontar el poder que de arriba nos dise\u00f1an e imponen hasta que da lugar a reproducir ese corrompido poder en el sistema patriarcal, machista y capitalista en nuestros pueblos; desmontarlo es voltear a ver en el fondo de nuestra historia y hacerlo nuestra apuesta y propuesta a los pueblos de M\u00e9xico y del mundo. Por eso decimos: \u00a1Que vivan las mujeres que luchan y se organizan!<\/p>\n<p>El Concejo Ind\u00edgena de Gobierno, integrado hasta este momento por 156 concejales y concejalas de 63 regiones ind\u00edgenas del pa\u00eds, hablantes de 39 lenguas originarias, pensamos que es el tiempo de escuchar el sonido que viene del desastre capitalista en todos los territorios del campo y las ciudades.<\/p>\n<p>Arriba, el poder se resquebraja y la pol\u00edtica del mal gobierno y los poderosos capitalistas demuestran con descaro la mentira que son, estremecen con su destrucci\u00f3n todo lo que tocan, matan, contaminan y a su paso van dejando destrucci\u00f3n, desolaci\u00f3n, indignaci\u00f3n y rabia.<\/p>\n<p>Abajo, desde el fondo de la tierra, la dignidad est\u00e1 naciendo un nuevo mundo en medio de la destrucci\u00f3n, el dolor y la rabia de nuestros pueblos, del M\u00e9xico de abajo en los campos y las ciudades. Del pueblo trabajador que es explotado hasta su muerte, despojado de todo cuanto tiene, reprimido por pensar y rebelarse, despreciado por ser diferente, por ser pobre, por ser mujer, por hablar nuestra propia lengua, por decir la verdad, por mirar abajo y no arriba, por voltear a ver a la compa\u00f1era, al compa\u00f1ero y no al amo, al cacique, al patr\u00f3n, al mal gobierno.<\/p>\n<p>Y por eso decimos nuevamente que en el reloj de eso que somos la humanidad, se marca la hora de lo que somos, de lo que fuimos y de lo que seremos.<\/p>\n<p>Es la hora de escuchar lo que el sufrimiento de las familias que buscan un hijo, un padre, una madre desaparecidos tienen que decirnos con su lucha incansable por encontrar entre los escombros la verdad y la justicia.<\/p>\n<p>Es la hora de sacudir este pa\u00eds y agitar en cada rinc\u00f3n de \u00e9l, de organizarnos en cada espacio, en cada barrio, naci\u00f3n y tribu, en cada ciudad, en el campo y en las ciudades, de no dejarnos, de organizarnos, de gobernarnos de acuerdo a nuestras formas propias, ejerciendo y tomando el destino en nuestras manos sin esperar a que otros lo hagan por nosotros.<\/p>\n<p>Es la hora de tejer desde abajo una telara\u00f1a tan grande que sea capaz de perdurar los tiempos venideros, aprovechando el llamado de nuestra tierra para que la organizaci\u00f3n que construyamos penetre en todas las estructuras de esta naci\u00f3n y nos garantice la libertad, la democracia y la justicia.<\/p>\n<p>Es la hora de los trabajadores, maestros, intelectuales honestos, artistas, j\u00f3venes, campesinos, estudiantes, homosexuales, comunicadores y todos los que de abajo somos.<\/p>\n<p>Es la hora de hacer retemblar en sus centros la tierra, mir\u00e1ndonos en el espejo que son los pueblos originarios con sus luchas y sus sufrimientos. Tomando los principios del mandar obedeciendo la gu\u00eda para renacernos.<\/p>\n<p>Pero sobre todo es la hora de las mujeres que luchan y se organizan por nacer su libertad, por nacer su patria nueva con justicia, por nacer un mundo nuevo de paz y diferente sobre las ruinas que el sistema capitalista y patriarcal van dejando por todos lados. Es el momento de que las mujeres nos organicemos s\u00ed, por el respeto de nuestros derechos, pero tambi\u00e9n por todos y por todas porque en nosotras est\u00e1 la fuerza para empujar esta enorme lucha.<\/p>\n<p><!--more-->Las mujeres ind\u00edgenas, en nuestra triple condici\u00f3n de mujeres, de ind\u00edgenas y de pobres vivimos la mayor de las opresiones dentro de este sistema que se nombra capitalista, somos explotadas y violentadas en nuestros hogares, en nuestros trabajos, en todos los espacios de la sociedad; el actual sistema nos somete a la m\u00e1s cruda explotaci\u00f3n y cotidianamente se nos trata como simples mercanc\u00edas. Del mismo modo, as\u00ed como sentimos la violencia que se nos hace, tambi\u00e9n sentimos el robo, el despojo y la destrucci\u00f3n que se hace de nuestra madre la tierra, porque este sistema que se nombra capitalista y patriarcal tiene como base el despojo y la dominaci\u00f3n de nuestra madre la tierra y la dominaci\u00f3n y el control de nosotras las mujeres.<\/p>\n<p>Igualmente cada vez que asesinan, que desaparecen, que encarcelan injustamente a un hijo, a una hija, somos nosotras las mujeres las que sentimos el m\u00e1s profundo dolor.<\/p>\n<p>Pero justamente porque somos las que sentimos el m\u00e1s profundo dolor, porque vivimos la mayor de las opresiones; tambi\u00e9n nosotras las mujeres somos capaces de sentir la m\u00e1s profunda de las rabias; y entonces debemos ser capaces de transformar esas rabias en organizaci\u00f3n con el fin de pasar a la ofensiva para desmontar el poder de arriba, construyendo con determinaci\u00f3n y sin miedo el poder de abajo.<\/p>\n<p>Entonces, hermanos y hermanas, esta es nuestra ofensiva.<\/p>\n<p>El d\u00eda 15 de este mes recib\u00ed la constancia como aspirante a la candidatura independiente a la Presidencia de la Rep\u00fablica y el d\u00eda 16 de este mes y a\u00f1o comenz\u00f3 el periodo marcado por el Instituto Nacional Electoral para recabar el apoyo ciudadano, y para que por mi palabra como vocera hagamos de esta lucha por la vida nuestro gobierno en el que todos los de abajo mandemos. Por eso llamamos a tomar la ofensiva sacudiendo el sistema pol\u00edtico capitalista, machista y patriarcal, haciendo que esta decisi\u00f3n de ejercer la dignidad penetre el proceso electoral firmando a lo largo y ancho del pa\u00eds para manifestar nuestro apoyo al CIG, que por mi conducto, ser\u00e1 tambi\u00e9n el epicentro de la sanaci\u00f3n de todos los dolores, resistencias y rebeld\u00edas que con nuestras luchas se hacen esperanzas.<\/p>\n<p>A pesar de las trampas y dificultades que nos han puesto en el camino, seguiremos adelante y continuaremos nuestros pasos a partir del mes de noviembre de este a\u00f1o con una agenda que daremos a conocer en los pr\u00f3ximos d\u00edas.<\/p>\n<p id=\"denuncia\">Denunciamos que:<\/p>\n<ul>\n<li>La cuenta de correo electr\u00f3nico que utilizo para dar de alta los datos de centenares de voluntarios para la recabaci\u00f3n de las formas exigidas por la ley para cumplir con el mandato de la asamblea general del CNI, no puede acceder a la plataforma del INE, es decir, se encuentra bloqueada para todo fin pr\u00e1ctico.<\/li>\n<li>A nuestro paso por los municipios de Altamirano, Ocosingo y Palenque, lugares donde com\u00fanmente funcionan los servicios de internet y tel\u00e9fonos celulares, fue bloqueada la comunicaci\u00f3n en esas \u00e1reas, lo que obstaculiz\u00f3 el c\u00f3mputo de las firmas recabadas.<\/li>\n<li>El INE enlist\u00f3 los dispositivos que supuestamente son aptos para que la aplicaci\u00f3n pueda funcionar, pero en varios de ellos no es posible hacerla funcionar, y por el contrario, en algunos se\u00f1alados como no aptos s\u00ed se ha podido instalar.<\/li>\n<li>Se requiere de muchas horas para descargar la aplicaci\u00f3n. Igualmente el registro de una sola firma y fotograf\u00eda puede durar varias horas y no cuatro minutos con treinta segundos como lo asegur\u00f3 el INE, lo que hace mucho m\u00e1s dif\u00edcil alcanzar el n\u00famero de firmas de apoyo que nos marca la ley.<\/li>\n<li>Es insuficiente la luz del d\u00eda por la tarde o por la ma\u00f1ana, s\u00f3lo a medio d\u00eda se puede registrar firmas sin el apoyo de l\u00e1mparas especiales que puedan dar iluminaci\u00f3n adecuada.<\/li>\n<li>El aviso de recibido de las firmas recolectadas tarda hasta 24 horas en los auxiliares despu\u00e9s de haber sido enviadas al INE.<\/li>\n<\/ul>\n<p>A\u00fan con todo esto no daremos un paso atr\u00e1s. Recorreremos el pa\u00eds con una agenda nacional que se unir\u00e1 al tejido regional en torno a los concejales del CIG, llamando a los pueblos, colectivos, organizaciones y personas no organizadas en todo el territorio de esta naci\u00f3n a vernos en el espejo de lo que somos todos juntos y sin temor encontrar en ese reflejo nuestro propio espejo, alrededor de los grupos de trabajo sobre tierra y territorio, autonom\u00eda, mujeres, j\u00f3venes y ni\u00f1os, personas con capacidades diferentes, migrantes, diversidad sexual, justicia y trabajo y explotaci\u00f3n, encabezados por los concejales y hacer nuestra propia agenda, nuestro propio programa de izquierda y anticapitalista, aprovechando el momento que la historia nos pone para ser, juntos, la gran estructura nacional que derribe los muros que nos oprimen, dividen y debilitan.<\/p>\n<p>Esto es lo que somos, lo que fuimos y seremos.<\/p>\n<p style=\"text-align: center;\">Desde el caracol zapatista de Oventic.<br \/>\nA 19 de Octubre de 2017<\/p>\n<p style=\"text-align: center;\">\u00a0NUNCA M\u00c1S UN M\u00c9XICO SIN NOSOTROS<br \/>\nVIVA EL CONCEJO IND\u00cdGENA DE GOBIERNO<br \/>\nVIVA EL CONGRESO NACIONAL IND\u00cdGENA<br \/>\nVIVA EL EJ\u00c9RCITO ZAPATISTA DE LIBERACI\u00d3N NACIONAL<br \/>\nVIVAN LAS MUJERES QUE LUCHAN Y SE ORGANIZAN<\/p>\n<hr \/>\n<h4 id=\"ccri\" style=\"text-align: center;\">Palabras de la Comandanta Hortencia a nombre del CCRI-CG del EZLN en Oventik, Chiapas, M\u00e9xico, el 19 de octubre del 2017:<\/h4>\n<p align=\"center\"><a href=\"https:\/\/radiozapatista.org\/wp-content\/uploads\/2017\/10\/IMG_3134_copy.jpeg\"><img loading=\"lazy\" decoding=\"async\" class=\"size-medium wp-image-23408\" src=\"https:\/\/radiozapatista.org\/wp-content\/uploads\/2017\/10\/IMG_3134_copy-350x233.jpeg\" alt=\"Marichuy Patricio Martinez, the spokewoman of the Indigenous Governing Council, attends a rally in the Zapatista Caracol of Oventik, in the southern state of Chiapas, October 19, 2017. Marichuy Patricio started a trip in the five Caracoles venues where the Zapatista rebels demonstrate their support to run for te Presidency of Mexico. Photo by Heriberto Rodriguez\" width=\"350\" height=\"233\" srcset=\"https:\/\/radiozapatista.org\/wp-content\/uploads\/2017\/10\/IMG_3134_copy-350x233.jpeg 350w, https:\/\/radiozapatista.org\/wp-content\/uploads\/2017\/10\/IMG_3134_copy.jpeg 844w\" sizes=\"auto, (max-width: 350px) 100vw, 350px\" \/><\/a><\/p>\n<p>Escucha aqu\u00ed: [podcast]https:\/\/radiozapatista.org\/Audios\/CIG2017_OVENTIK7_CCRI_CMDTAHORTENSIA_041.MP3[\/podcast]<\/p>\n<p>Compa\u00f1eros, compa\u00f1eras del Concejo Ind\u00edgena de Gobierno.<br \/>\nCompa\u00f1eros, compa\u00f1eras del Congreso Nacional Ind\u00edgena.<br \/>\nCompa\u00f1era, hermana, amiga, Mar\u00eda de Jes\u00fas Patricio Mart\u00ednez.<br \/>\nCompa\u00f1eras, compa\u00f1eros de la Sexta nacional e internacional.<br \/>\nHermanos, hermanas de diferentes organizaciones sociales.<br \/>\nHermanos, hermanas de diferentes pueblos y municipios invitados a este encuentro.<br \/>\nHermanos, hermanas de la prensa nacional e internacional.<br \/>\nHermanos, hermanas de los medios libres y alternativos, nacionales e internacionales.<br \/>\nHermanos y hermanas observadores nacionales e internacionales.<\/p>\n<p>Hermanos y hermanas, hoy estamos reunidos y reunidas en este centro Caracol II de Oventic \u201cResistencia y Rebeld\u00eda por la Humanidad\u201d, estamos aqu\u00ed para recibir, acompa\u00f1ar y a escuchar las palabras del Concejo Ind\u00edgena de Gobierno y su vocera Mar\u00eda de Jes\u00fas Patricio Mart\u00ednez.<\/p>\n<p>A nombre de los compa\u00f1eros, compa\u00f1eras, mujeres, hombres, j\u00f3venes, ni\u00f1os y ancianos bases de apoyo del Ejercito Zapatista de Liberaci\u00f3n Nacional, el Comit\u00e9 Clandestino Revolucionario Ind\u00edgena Comandancia General Del Ej\u00e9rcito Zapatista de Liberaci\u00f3n Nacional saluda al Congreso Nacional Ind\u00edgena, al Concejo Ind\u00edgena de Gobierno y a su vocera Mar\u00eda de Jes\u00fas Patricio Mart\u00ednez, y queremos decirles que han emprendido un camino largo y dif\u00edcil pero es necesario para encontrarse con los hermanos y hermanas en todos los rincones de nuestro pa\u00eds M\u00e9xico.<\/p>\n<p>Marichuy, como le decimos con cari\u00f1o, ella es nuestra vocera, quien junto con las concejalas y concejales del Concejo Ind\u00edgena de Gobierno recorrer\u00e1n todo el territorio mexicano para hablar y escuchar la voz de los pueblos m\u00e1s olvidados, marginados y despreciados de nuestra patria, como los pueblos originarios que somos, o como nos dicen con desprecio \u201cpueblos indios\u201d. Tambi\u00e9n hablar\u00e1 de la verdadera situaci\u00f3n dif\u00edcil en que vivimos todos los mexicanos pobres sin distinci\u00f3n de organizaci\u00f3n, partido, raza, color, lengua, cultura y creencia religiosa.<\/p>\n<p>Nuestra vocera, desde aqu\u00ed, lleva la voz de los pueblos originarios, de los pueblos que luchan, que resisten y que se rebelan en contra de los males que est\u00e1 causando el sistema social capitalista representado por los malos gobiernos.<\/p>\n<p>Pero como pueblos originarios somos los m\u00e1s olvidados, marginados, despreciados y sin respeto alguno. Durante m\u00e1s de cinco siglos hemos sufrido la cruel explotaci\u00f3n, saqueo de nuestras riquezas, despojo de nuestras tierras y territorios, destrucci\u00f3n de nuestras lenguas y culturas, s\u00f3lo por ser originarios de estas tierras, por ser del color de la tierra, no somos nada, no valemos, no tenemos derecho a la salud ni a la mejor educaci\u00f3n y s\u00f3lo somos un estorbo para los grandes capitalistas y los malos gobiernos.<\/p>\n<p>Cuando los pueblos, tribus y naciones originales reclamamos nuestros derechos y pedimos justicia, somos reprimidos, encarcelados, perseguidos, desaparecidos, torturados y asesinados. As\u00ed se vive en nuestros estados y en todo nuestro pa\u00eds M\u00e9xico, y en todos los rincones del mundo.<\/p>\n<p>Y cuando nos organizamos para hacernos ver, para hacernos o\u00edr, para que sepan todos que existimos, que resistimos, que nos rebelamos, que vivimos, entonces empiezan con sus insultos y sus mentiras. Que no podemos pensar, que no podemos organizar, que nos manipulan, que servimos a los intereses pol\u00edticos de vende-patrias, que somos un \u201ccomplot\u201d contra los mestizos y ladinos \u201cbuenos\u201d que quieren obligarnos a seguirlos y a obedecerlos porque ellos s\u00ed saben y nosotros somos ignorantes seg\u00fan ellos. Y de balde que tienen muchos estudios y muchas cabezotas si no entienden nada de lo que pasa y de lo que va a pasar.\u00a0 Y nos quieren dominar, despreciar y humillar igual que como hacen esos que ahora est\u00e1n de capataces.<\/p>\n<p>Y quieren presionarnos para que cambiamos de amo, de se\u00f1or, de patr\u00f3n, de finquero.<\/p>\n<p>Y tambi\u00e9n sabemos que igual viven y sufren nuestros hermanos y hermanas ind\u00edgenas en muchos pa\u00edses de nuestro continente de Am\u00e9rica y en muchos pa\u00edses del mundo; s\u00f3lo por mencionar algunos, sabemos c\u00f3mo sufren nuestros hermanos en Guatemala, Nicaragua, Argentina, Brasil, Per\u00fa, Bolivia, Ecuador, Chile, Argentina y muchos otros pa\u00edses. No hay gobiernos ni leyes que proteja y defienda nuestros pueblos.<\/p>\n<p>Y aqu\u00ed saludamos especialmente al hermano pueblo Mapuche que resiste y lucha en el \u00faltimo rinc\u00f3n del mundo. Al pueblo Mapuche y a quienes los acompa\u00f1an en su resistencia, como Santiago Maldonado, les mandamos un gran abrazo que llene todo el continente latinoamericano hasta encontrarlo.<\/p>\n<p>Pero lo m\u00e1s importante ahora es que en todos los pueblos originarios de nuestro continente y del mundo, hay conciencias, hay resistencias, rebeld\u00edas, rabias, ganas de vivir y luchar por un mundo diferente, por una nueva sociedad, una nueva vida para todos.<\/p>\n<p>Hoy, ma\u00f1ana y para siempre, ser pueblos originarios de cualquier parte del mundo ya no es una verg\u00fcenza sino un orgullo, ya no es un cuento, ya no es un mito sino una realidad, porque somos nosotros los pueblos originarios los que vamos a cuidar y defender a la madre tierra y toda la naturaleza, somos los pueblos originarios juntos con nuestros hermanos y hermanas artistas, profesionistas, religiosos, intelectuales, cient\u00edficos honestos y rebeldes los que vamos a salvar al mundo y a la humanidad.<\/p>\n<p>Por eso decimos&#8230;<\/p>\n<p>Hoy es la hora de los pueblos originarios, es la hora de las mujeres, es la hora de los marginados, de los despreciados, de los olvidados, y es la hora de todos los pobres y explotados de M\u00e9xico, de Am\u00e9rica y del mundo, es la hora de cambiar este sistema social capitalista, criminal y asesino, es la hora de unirnos todos los pobres del campo y de la ciudad, es la hora de organizarnos y luchar por la verdadera democracia, libertad y justicia para todos.<\/p>\n<p>Hoy en adelante nuestros pueblos sabr\u00e1 gobernarse y dirigir su propio destino, as\u00ed como lo estamos demostrando las y los zapatistas que durante m\u00e1s de 20 a\u00f1os estamos construyendo nuestra autonom\u00eda.<\/p>\n<p>Porque nosotras, nosotros, no queremos cambiar de amo, de patr\u00f3n, de mand\u00f3n. No queremos ning\u00fan amo, ning\u00fan patr\u00f3n, no queremos mandones, ni ladino, ni mestizo, ni ind\u00edgena. Ning\u00fan amo.<\/p>\n<p>Lo que queremos es libertad, nuestra libertad, LA LIBERTAD.<\/p>\n<p>Y lo sabemos bien que nadie que nos va a regalar, y lo sabemos bien que tenemos que luchar todos los d\u00edas, todas las horas y en todas partes para conseguir nuestra libertad.\u00a0 Y no acaba ah\u00ed, porque luego tenemos que luchar para que nadie nos arrebate la libertad.<\/p>\n<p>Por eso le pedimos respetuosamente a nuestra vocera y al Concejo Ind\u00edgena de Gobierno, que vayan para escuchar las voces de los pueblos originarios y de todos los sectores pobres de M\u00e9xico, para saber de las luchas, de la resistencia y la rebeld\u00eda de muchos hermanos en todo el pa\u00eds.<\/p>\n<p>Y que digan claro la verdad: nadie nos va a regalar nada, tenemos que luchar para conseguir lo que queremos y merecemos y necesitamos.<\/p>\n<p>Y lo tenemos que conseguir organizados.<\/p>\n<p>Los pueblos zapatistas estamos con la vocera, con el Concejo Ind\u00edgena de Gobierno y con el Congreso Nacional Ind\u00edgena, ellos y ellas van a cumplir una misi\u00f3n de recorrer el pa\u00eds para decir y escuchar la verdad y tambi\u00e9n invitarlos a luchar, aunque s\u00ed, sabemos que no es f\u00e1cil para ellos y ellas, pero es necesario arriesgarse por una causa justa, por la vida para todos.<\/p>\n<p>Nuestra vocera hablar\u00e1 de que es posible y necesario construir un M\u00e9xico diferente, donde se pueda gobernar bajo los 7 principios del mandar obedeciendo, donde el pueblo manda y el gobierno obedece.<\/p>\n<p>Hermanos, hermanas, del campo y de la ciudad, los invitamos pues a que escuchen a la vocera, para que escuchen la verdad, y la verdad es que ahora no hay gobierno quien gobierne nuestro pa\u00eds, y los que se dicen que son gobernadores y presidente no son m\u00e1s que grandes corruptos, capataces y mayordomos que cumplen las \u00f3rdenes de las grandes empresas trasnacionales.<\/p>\n<p>Y los gobiernos neoliberales que tienen planeado saquear toda nuestra riqueza y convertir a nuestro pa\u00eds en su finca, y los que habitamos estas tierras nos van a tener como su esclavo y nos van a destruir, esas maldades no van a respetar a nadie, a todos nos va a barrer sin distinci\u00f3n de partido, de organizaci\u00f3n, ni creencia religiosa.<\/p>\n<p>Porque sabemos que sus planes de los malos gobiernos y los malditos capitalistas neoliberales, es la muerte, la destrucci\u00f3n y el aniquilamiento a los que se rebelan, sabemos que est\u00e1n equipados por sus armamentos para acabar a la humanidad.<\/p>\n<p>Pero ahora no le debemos tener miedo, porque ellos son pocos los que mandan y se adue\u00f1an de la riqueza de nuestro pa\u00eds, pero los trabajadores, y todos los sectores pobres, no importa que oficios tengan, pero sufren y somos muchos millones, por eso si nos despertamos, si nos unimos, nos organizamos y luchamos juntos como hermanos y compa\u00f1eros, vamos a poder cambiar esta situaci\u00f3n y destruir el monstruo criminal, porque la verdad y la raz\u00f3n est\u00e1 de nuestro lado.<\/p>\n<p>Pero si no hacemos nada, nuestros hijos, nuestros nietos, y todas las generaciones que vendr\u00e1n despu\u00e9s van a vivir peor que nosotros, y nuestro pa\u00eds no tendr\u00e1 futuro.<\/p>\n<p>Por eso ya no debemos permitir que nuestras tierras, nuestros territorios y nuestro pa\u00eds sean propiedad de las grandes empresas trasnacionales y de los poderosos neoliberales, que s\u00f3lo est\u00e1n saqueando y destruyendo nuestras riquezas naturales, ya no debemos permitir que nos manipulen, que nos enga\u00f1en y asesinen a nuestros pueblos; ya es la hora de decir BASTA de tantas maldades. \u00a1Basta de tener encarcelados, desaparecidos, torturados y asesinados injustamente por los malos gobiernos!<\/p>\n<p>Ya es la hora de empezar a construir una sociedad nueva y un mundo nuevo donde todos los seres humanos vivamos con libertad y justicia, donde ya no tengamos que vivir en la miseria y morir por enfermedades curables, donde nos tratemos como hermanos con igualdad, con respeto, y en comunicaci\u00f3n y armon\u00eda con la madre naturaleza.<\/p>\n<p>M\u00e9xico debe ser un pa\u00eds incluyente sin importar raza, color, lengua, cultura y creencia religiosa.<\/p>\n<p>Por eso no tenemos otro camino, s\u00f3lo si decidimos unirnos y luchar juntos, organizados.\u00a0 Porque no podemos esperar que alguien nos viene a salvar de esta desgracia. Para esto es necesario la participaci\u00f3n de todos. Hombres, mujeres y j\u00f3venes organizados.<\/p>\n<p style=\"text-align: center;\">-*-<\/p>\n<p>Y ahora queremos dirigirles algunas palabras especialmente para las mujeres del campo y de la ciudad, de todo M\u00e9xico y del mundo.<\/p>\n<p>Compa\u00f1eras y hermanas:<\/p>\n<p>As\u00ed como sabemos que todas las mujeres del campo y de la ciudad somos las que menos hemos sido tomadas en cuenta, lo \u00fanico que se sabe diariamente es que en todas partes en nuestro pa\u00eds hay muchas mujeres violadas, desaparecidas y asesinadas.<\/p>\n<p>En cada centro de trabajo sabemos que la mujer es abusada por el patr\u00f3n, son humilladas, despreciadas, y mal pagadas, sus largas horas de trabajo s\u00f3lo se convierte en unas cuantas monedas que ni siquiera alcanza para vivir dignamente.<\/p>\n<p>Tambi\u00e9n sabemos que hay muchas mujeres son maltratadas y humilladas desde su hogar hasta en toda la sociedad, porque hay hombres que tambi\u00e9n maltratan, humillan y golpean f\u00edsicamente y emocionalmente a su esposa, y cuando la mujer es llevada ante alg\u00fan juzgado por alguna raz\u00f3n, muchas veces no es escuchada ni es tomada en cuenta su palabra por las mismas autoridades. Por eso nosotras las zapatistas decimos que como mujeres sufrimos la triple opresi\u00f3n porque somos explotadas, humilladas, maltratadas y no tomadas en cuenta por ser mujer, por ser ind\u00edgena y por ser pobre.<\/p>\n<p>Por ser mujer, por ser pobre no puede manifestar, no puede levantar la voz ante el patr\u00f3n, ante el marido, ante la sociedad, s\u00f3lo est\u00e1 para escuchar y obedecer, por eso la mujer siente inferior ante el patr\u00f3n y ante el hombre.<\/p>\n<p>Como mujeres que somos se aprovechan de nosotras, nos usan en las propagandas, en la publicidad para los negocios de los malditos capitalistas, somos usadas para traficar drogas, hay mujeres que trabajan en la prostituci\u00f3n por necesidad. Todas estas cosas lo aceptamos por ser pobres, porque no nos queda de otra para poder sobrevivir con la familia.<\/p>\n<p>Y todav\u00eda, adem\u00e1s de todo eso, nos desaparecen y nos asesinan.<\/p>\n<p>Las mujeres del campo y de la ciudad somos enga\u00f1adas por los programas y proyectos del mal gobierno, nos hacen creer que es para nuestro beneficio, pero en realidad s\u00f3lo es para enga\u00f1ar, se aprovechan de la situaci\u00f3n de pobreza en que nos encontramos.<\/p>\n<p>Las mujeres campesinas e ind\u00edgenas no tenemos derecho a la tierra donde podemos producir nuestro alimento. No tenemos derecho a ninguna herencia s\u00f3lo por ser mujer. Por eso muchas se van en las ciudades y otras arriesgan sus vidas cruzando fronteras para buscar trabajo en el extranjero.<\/p>\n<p>Esta es la realidad que estamos viviendo todas las mujeres del campo y de la ciudad, es una situaci\u00f3n que da tristeza y coraje, porque el culpable de todo esto es el pinche sistema, el sistema capitalista neoliberal, que nos da una vida de desigualdad, de injusticia y no respetan nuestra dignidad como mujeres que somos.<\/p>\n<p>Pero no es lo que queremos y no es lo que merecemos, nosotras como mujeres queremos que nos respeten, que nos den un lugar digno en la sociedad, que tengamos los mismos derechos que los hombres y que tengamos nuestra libertad como mujeres y como seres humanos.<\/p>\n<p>Por eso compa\u00f1eras y hermanas de M\u00e9xico y del mundo, ahora ya no podemos seguir as\u00ed como estamos desde antes y hasta ahorita, ya no es el momento de humillarse, de agacharse, de estar calladas, de sentirse inferior ante el hombre, ya no es el tiempo de permitir que el capitalismo nos sigan explotando, manipulando, enga\u00f1ando; llego la hora de llenar nuestro coraz\u00f3n de fuerza y valent\u00eda, ya es la hora de levantar la mirada, alzar nuestra voz y gritar YA BASTA.<\/p>\n<p>Es la hora de organizarse y luchar unidas las mujeres trabajadoras para cambiar esta situaci\u00f3n de muerte y destrucci\u00f3n, para esto es necesario la participaci\u00f3n de las mujeres del campo y de la ciudad, no importa la edad, el color, la lengua, la organizaci\u00f3n, o que religi\u00f3n tengamos, ya es hora de tomar conciencia y tomar mucha responsabilidad en cada una de nuestras geograf\u00edas, lleg\u00f3 la hora de rebelarse contra el mal sistema capitalista.<\/p>\n<p>Lleg\u00f3 la hora de que no hay que pedirle permiso a nadie para ser libres, debemos sentirnos orgullosas de ser mujeres, ser mam\u00e1s, ser esposas, ser j\u00f3venas, ser ni\u00f1as, ser ancianas y ser cada quien, porque para luchar no importa quienes seamos, lo importante es que queremos cambiar la situaci\u00f3n del pa\u00eds y del mundo que est\u00e1 lleno de injusticias.<\/p>\n<p>Y construir otro mundo m\u00e1s justo y m\u00e1s humano. Pero para esto es necesario que las mujeres, las j\u00f3venas, las ni\u00f1as y ancianas participemos activamente en la lucha.<\/p>\n<p>Por eso ahora debemos estar contentas porque vamos a demostrarle al mundo que las mujeres tambi\u00e9n sabemos y podemos gobernar a nuestros pueblos; con nuestra vocera que ahora tenemos, es un paso que estamos dando, porque va a recorrer todos los estados de nuestro pa\u00eds, y viera que las invitan a las concejalas y a la vocera y tienen buena su salud, pues hasta otros pa\u00edses pueden ir para hablar con su coraz\u00f3n que somos todas.<\/p>\n<p>Pero nuestra vocera no va a enga\u00f1ar, no va a echar mentiras, no va a prometer cosas, no va\u00a0 a llevar regalos, no va a repartir limosnas de dinero ni en especie para que votemos por ella y as\u00ed llegar a la silla presidencial.<\/p>\n<p>El \u00fanico inter\u00e9s de los concejales y nuestra vocera es DESPERTAR Y ESCUCHAR EL DOLOR Y SUFRIMIENTO DE LOS PUEBLOS, y llamar a todos a unirse, a organizarse y a luchar seg\u00fan sus modos, sus formas y geograf\u00edas, pero con el mismo objetivo.<\/p>\n<p>Nuestra vocera es una mujer. Una mujer que tiene el coraz\u00f3n de representar a nuestros pueblos, es la primera vez en la historia de M\u00e9xico que una mujer ind\u00edgena va a decir que tenemos capacidad para gobernar un pa\u00eds. Y cuando ella dice que s\u00ed puede, con ella tambi\u00e9n los decimos todas.<\/p>\n<p>Aunque s\u00ed sabemos que ha habido mujeres que han aspirado o aspiran a la candidatura presidencial, pero son mujeres que tienen los mismos intereses de poder y de dinero igual que los hombres corruptos, asesinos, ladrones que han mal gobernado nuestro pa\u00eds durante muchos a\u00f1os, hacen el mismo plan que todos los capitalistas, siempre han sido represores, vende patria, delincuentes y asesinos de nuestros pueblos.<\/p>\n<p>\u00c9sas mujeres de arriba hablan como hombres machistas, piensan como hombres machistas, miran como hombres machistas y oyen como hombres machistas. S\u00f3lo les falta el copete para ser como el Pe\u00f1a Nieto o como el pinche Trump, o pelarse el coco para ser como el mocho pel\u00f3n, o perfumarse como el priista, o echarse talco en la cabeza para parecerse a los otros machitos.<\/p>\n<p>Nuestra vocera va demostrar que la mujer puede gobernar, demostrar que no es cierto como dicen que las mujeres ind\u00edgenas no sabemos pensar, no sabemos gobernar ni tomar decisiones, ahora el mundo va a saber que las mujeres de abajo y a la izquierda y todos los pobres sabemos pensar y pensarnos, gobernarnos y dirigir nuestro propio destino como pueblos.<\/p>\n<p>No importa que los ricos y poderosos no reconozcan nuestro Concejo Ind\u00edgena de Gobierno y a nuestra vocera.<\/p>\n<p>Para nosotros los y las zapatistas y muchos otros pueblos, la palabra y el o\u00eddo y la mirada que valen son las del Concejo Ind\u00edgena de Gobierno y su vocera Mar\u00eda de Jes\u00fas Patricio Mart\u00ednez, porque ella, y ellas y ellos no buscan el cargo.\u00a0 Lo que buscan es llamar al pueblo de abajo a organizarse.<\/p>\n<p>As\u00ed que no importa que gane o no gane la candidatura, o en las elecciones, porque los ricos y los malos gobiernos est\u00e1n muy acostumbrados de hacer trampas, de hacer fraudes y comprar votos para subir al poder.<\/p>\n<p>Si te gustan los modos y mentiras de los partidos pol\u00edticos, pues bueno.\u00a0 Si no quieres votar, pues bueno.\u00a0 Si te gustan los tricolores, los azules, los verdes, los amarillos, los caf\u00e9s, o los que sean, pues bueno. Pero como quiera te decimos que tienes que organizar, porque lo que viene es m\u00e1s peor que como ahorita se sufre.<\/p>\n<p>Y si crees que la desgracia s\u00f3lo les pasa a otras, a otros, pues est\u00e1s muy equivocada.\u00a0 Tengas o no tengas paga; seas de un partido o de otro o de ninguno.\u00a0 Seas creyente o atea.\u00a0 Seas estudiada o sin estudios.\u00a0 Seas mestiza o ladina o ind\u00edgena.\u00a0 Seas blanca, o negra, o de cualquier color.\u00a0 Seas ni\u00f1a o j\u00f3vena o adulta o anciana.\u00a0 Como quiera la tormenta estar\u00e1 sobre todo el mundo y en todas partes.<\/p>\n<p>Por eso lo que importa es que todas y todos nos organicemos, cada quien seg\u00fan su modo, su tiempo y su lugar donde vive, trabaja, lucha, resiste.<\/p>\n<p>Con este paso que estamos dando, apenas iniciamos la lucha, no hemos llegado al final, ni un paso atr\u00e1s, compa\u00f1eras y hermanas, nunca m\u00e1s un M\u00e9xico sin nosotras las mujeres.<\/p>\n<p>Es la hora que las mujeres hagamos temblar el mundo y romper los muros y las cadenas de injusticias que nos tiene atadas durante siglos.<\/p>\n<p>Sigamos el ejemplo de muchas hermanas y compa\u00f1eras que han luchado y han dado sus vidas por nuestra libertad.<\/p>\n<p>Para acabar y destruir el sistema injusto es necesario unir fuerzas con nuestras hermanas amas de casa, doctoras, maestras, obreras, empleadas, artistas, estudiantes, cient\u00edficas y a todas las mujeres trabajadoras del campo y de la ciudad, es hora de unir resistencias y rebeld\u00edas, unir nuestra digna rabia y luchar juntas y juntos contra el neoliberalismo.<\/p>\n<p>Y tambi\u00e9n tenemos que unir nuestra lucha con loas otroas que tienen sus propias luchas y que la pol\u00edtica de arriba ni siquiera toma en cuenta. Como si fuera que loas otroas necesitan permiso para existir, para ser, para luchar. Porque a la pol\u00edtica de arriba le da verg\u00fcenza que somos mujeres del color que somos de la tierra, y le dan verg\u00fcenza los homosexuales, las lesbianas, los transg\u00e9nero, y todo lo diferente.<\/p>\n<p>Nos quieren tener escondidos, escondidas y <i>escondidoas,<\/i> que no nos veamos y que no nos miremos mismo como somos.\u00a0 Y tampoco quieren que nos miremos entre nosotroas.<\/p>\n<p>Pero bien que nos miramos y nos respetamos y nos sabemos. Falta que nos unimos para mandar a la olla a esos farsantes de all\u00e1 arriba.<\/p>\n<p>El mundo es muy grande y cabemos todas, todos, todoas. Lo \u00fanico que ya no cabe es el sistema capitalista porque ocupa todo y no nos deja ni respirar siquiera. Y peor que el capitalismo no tiene llenadero, no le bastan las muertes, la destrucci\u00f3n, la miseria, la desolaci\u00f3n. No, quiere m\u00e1s. M\u00e1s guerra, m\u00e1s muerte, m\u00e1s destrucci\u00f3n.<\/p>\n<p>Compa\u00f1eras, hermanas:<\/p>\n<p>Como mujeres que somos debemos tomar nuestra libertad en nuestras manos, porque si no lo hacemos nadie vendr\u00e1 a liberarnos, nuestros hijos e hijas vivir\u00e1n peor que nosotras, van a volver a ser violadas, humilladas y esclavizadas en su misma tierra.<\/p>\n<p>Por \u00faltimo queremos decirle al Concejo Ind\u00edgena de Gobierno y su vocera que deben sentirse orgullosos de recorrer el pa\u00eds, tengan el valor de decir la verdad y anunciar lo que la tormenta ya est\u00e1 sobre nosotros, estamos seguras que habr\u00e1 corazones y o\u00eddos atentos para escuchar sus palabras, pero tal vez habr\u00e1 momento de rechazo y de burla, pero con eso no deben desanimarse, no hacerle caso.<\/p>\n<p>Adem\u00e1s no debe hacer divisi\u00f3n y competencia entre ustedes, y se deben cumplir los principios del mandar obedeciendo.<\/p>\n<p>Tengan claro cuando una mujer toma conciencia y decide tomar cargos y responsabilidades va a enfrentar muchos obst\u00e1culos, muchos problemas de parte del marido, de los padres, de los hermanos, de los novios, de la comunidad y del pueblo, y de toda la sociedad machista y patriarcal que es la que manda en todo el mundo. Porque el sistema capitalista no anda solo, sino que lo acompa\u00f1an el machismo, la intolerancia, el fanatismo, la violencia, la guerra contra todo, en todas partes y de todas las formas.<\/p>\n<p>Y de parte de los malos gobiernos y de los dirigentes partidistas que s\u00f3lo piensan en el poder y del dinero van a tratar de hacer hasta lo imposible para que una mujer ind\u00edgena no hable ni escuche.<\/p>\n<p>Y todo esto se debe resistir; debemos demostrar ya nuestra capacidad de que una mujer puede luchar, puede gobernar, sabe dirigir en colectivo el destino de su pueblo.<\/p>\n<p>Lleg\u00f3 la hora de que las mujeres dignas en resistencia y rebeld\u00eda lo digan claro a M\u00e9xico y al mundo que las mujeres que luchan y se organizan, no se venden, no se rinden y no claudican.<\/p>\n<p style=\"text-align: left;\">As\u00ed como nuestras compa\u00f1eras concejalas, as\u00ed como nuestra vocera Mar\u00eda de Jes\u00fas Patricio Mart\u00ednez, as\u00ed como todas las mujeres zapatistas, as\u00ed como todas las mujeres ind\u00edgenas, as\u00ed como todas las mujeres trabajadoras, as\u00ed como todas las mujeres rebeldes del mundo.<\/p>\n<p style=\"text-align: left;\">Ya no m\u00e1s un M\u00e9xico manejado por el sistema capitalista.<br \/>\nYa no m\u00e1s un M\u00e9xico lleno de ladrones y asesinos.<br \/>\nYa no m\u00e1s un M\u00e9xico lleno de corruptos y vende patria.<br \/>\nYa no m\u00e1s un M\u00e9xico sin nosotros y nosotras los pueblos originarios.<br \/>\nYa no m\u00e1s un mundo con machismos.<br \/>\nYa no m\u00e1s un mundo con mandones.<br \/>\nYa no m\u00e1s un mundo con guerras, muerte y destrucci\u00f3n.<br \/>\nYa no m\u00e1s un mundo sin democracia, sin justicia, sin libertad.<\/p>\n<p style=\"text-align: left;\">VIVAN LA MUJERES, LAS NI\u00d1AS, LAS J\u00d3VENAS Y ANCIANAS DE M\u00c9XICO Y DEL MUNDO<br \/>\nVIVAN LOS PUEBLOS ORIGINARIOS DE M\u00c9XICO Y DEL MUNDO<br \/>\nVIVA LA RESISTENCIA Y LA REBELD\u00cdA<br \/>\nVIVA EL CONGRESO NACIONAL IND\u00cdGENA<br \/>\nVIVA EL CONCEJO IND\u00cdGENA DE GOBIERNO<br \/>\nVIVA LA VOCERA MAR\u00cdA DE JES\u00daS PATRICIO MART\u00cdNEZ<br \/>\nVIVAN TODAS Y TODOS LOS LUCHADORES SOCIALES DE MEXICO Y DEL MUNDO<br \/>\nVIVA LA AUTONOM\u00cdA DE LOS PUEBLOS ORIGINARIOS<br \/>\nVIVA EL EZLN<\/p>\n<p style=\"text-align: center;\">POR EL COMIT\u00c9 CLANDESTINO REVOLUCIONARIO IND\u00cdGENA-COMANDANCIA GENERAL DEL EJ\u00c9RCITO ZAPATISTA DE LIBERACI\u00d3N NACIONAL<\/p>\n<p style=\"text-align: center;\">Comandanta Hortencia<br \/>\n19 DE OCTUBRE DEL 2017 DESDE OVENTIK, CARACOL II \u201cRESISTENCIA Y REBELD\u00cdA POR LA HUMANIDAD\u201d, ZONA ALTOS DE CHIAPAS, M\u00c9XICO.<\/p>\n<p>&nbsp;<\/p>\n<hr \/>\n<h4 id=\"jessica\" style=\"text-align: center;\"><strong>Palabras de bienvenida del CCRI de Zona Altos de Chiapas por la compa\u00f1era Jessica<\/strong><\/h4>\n<p>Escucha aqu\u00ed: [podcast]https:\/\/radiozapatista.org\/Audios\/CIG2017_OVENTIK2_BIENVENIDACCRI_CMDTAJESSICA_036.MP3[\/podcast]<\/p>\n<p>Buenos d\u00edas.<\/p>\n<p>Compa\u00f1eros y compa\u00f1eras del Congreso Nacional Ind\u00edgena.<br \/>\nCompa\u00f1eros y compa\u00f1eras del Concejo Ind\u00edgena de Gobierno.<br \/>\nCompa\u00f1era Mar\u00eda de Jes\u00fas Patricio Mart\u00ednez.<br \/>\nCompa\u00f1eros y compa\u00f1eras de la Sexta nacional e internacional.<br \/>\nHermanos y hermanas visitantes nacional e internacional que nos acompa\u00f1a.<br \/>\nHermanos y hermanas de diferentes pueblos, regiones y municipios.<br \/>\nHermanos y hermanas de los medios libres y alternativo, nacional e internacional.<br \/>\nHermanos y hermanas de la prensa nacional e internacional.<\/p>\n<p>A nombre de todos los compa\u00f1eros y compa\u00f1eras bases de apoyo del Ej\u00e9rcito Zapatista de Liberaci\u00f3n Nacional y sus autoridades aut\u00f3nomas de esta zona, el Comit\u00e9 Clandestino Revolucionario Ind\u00edgena de esta zona Altos de Chiapas, les da la cordial bienvenida a este encuentro con el Concejo Ind\u00edgena de Gobierno y su vocera Mar\u00eda de Jes\u00fas Patricio Mart\u00ednez, que han iniciado su recorrido desde estas tierras del sureste hasta el norte de nuestro pa\u00eds M\u00e9xico.<\/p>\n<p>Gracias por haber llegado hasta Oventik para escuchar las palabras del Concejo Ind\u00edgena de Gobierno y su vocera, y las palabras de otros compa\u00f1eros y compa\u00f1eras.<\/p>\n<p>Nosotros, las y los zapatistas, los recibimos con el coraz\u00f3n abierto en este espacio de encuentro, llamado caracol II \u201cResistencia y rebeld\u00eda por la humanidad\u201d zona Altos de Chiapas.<\/p>\n<p>Escuchemos pues las palabras de nuestra vocera y otras compa\u00f1eras y compa\u00f1eros que que van a hacer uso de la palabra.<\/p>\n<p>Sean pues bienvenidos todos, hermanos, hermanas, compa\u00f1eros y compa\u00f1eras.<\/p>\n<p style=\"text-align: center;\">COMIT\u00c9 CLANDESTINO REVOLUCIONARIO IND\u00cdGENA ZONA ALTOS DE CHIAPAS, M\u00c9XICO.<br \/>\n19 de octubre 2017.<\/p>\n<p style=\"text-align: center;\">Gracias<\/p>\n<hr \/>\n<h4 id=\"jimena\" align=\"center\">Palabras de Bienvenida de la Junta de Buen Gobierno &#8220;Coraz\u00f3n c\u00e9ntrico de los zapatistas delante el mundo&#8221; por la compa\u00f1era Jimena<\/h4>\n<p>Escucha aqu\u00ed: [podcast]https:\/\/radiozapatista.org\/Audios\/CIG2017_OVENTIK1_BIENVENIDAJBG_035.MP3[\/podcast]<\/p>\n<p>Compa\u00f1eras y compa\u00f1eros del Concejo Ind\u00edgena de Gobierno<br \/>\nCompa\u00f1era Mar\u00eda de Jes\u00fas Patricio Mart\u00ednez<br \/>\nCompa\u00f1eras y compa\u00f1eros del Congreso Nacional Ind\u00edgena<br \/>\nCompa\u00f1eras y compa\u00f1eros bases de apoyo del EZLN<br \/>\nHermanas y hermanos de todos los pueblos ind\u00edgenas de los diferentes municipios<br \/>\nHermanas y hermanos los del campo y la ciudad y todos los presentes<\/p>\n<p>La Junta de Buen Gobierno del Caracol II de Oventik \u201cCoraz\u00f3n c\u00e9ntrico de los zapatistas delante del mundo\u201d, nos llena de alegr\u00eda el recibirlos en este humilde centro que es su casa, es la casa de todas y todos. A nombre de nuestros pueblos, regiones y municipios aut\u00f3nomos rebeldes zapatistas, les damos la cordial bienvenida por acompa\u00f1arnos en este acto pol\u00edtico, por encontrarnos por primera vez sin importar\u00a0 nuestra creencia, nuestra raza, partido, religi\u00f3n; pero estamos claros lo que nos une, es el sufrimiento y el dolor que provoca las maldades del sistema capitalista, al mismo tiempo nos prende la digna rabia y esperamos que de este encuentro se prenda esa lucecita de esperanza en cada uno de nosotras y nosotros, y que sea lo que alumbra el camino de la vida, de c\u00f3mo organizarnos con una verdadera democracia, libertad y justicia para todas y todos, por eso les decimos que es un honor tener su presencia. Sean pues bienvenidas y bienvenidos.<\/p>\n<p>GRACIAS<\/p>\n<p><\/p>","protected":false},"excerpt":{"rendered":"<p>Palabras de Mar\u00eda de Jes\u00fas Patricio Mart\u00ednez (Marichuy) Palabras de la Comandanta Hortencia a nombre del CCRI-CG del EZLN Palabras de bienvenida de la Junta de Buen Gobierno &#8220;Coraz\u00f3n c\u00e9ntrico de los zapatistas delante el mundo&#8221; por la compa\u00f1era Jimena Palabras de bienvenida del CCRI de la Zona Altos de Chiapas por la compa\u00f1era Jessica [&hellip;]<\/p>\n","protected":false},"author":13,"featured_media":23429,"comment_status":"open","ping_status":"closed","sticky":false,"template":"","format":"standard","meta":{"footnotes":""},"categories":[1,957,51,6,1024,943,1095,955,954,961,935],"tags":[917,1151,63,644,926,1130],"class_list":["post-23396","post","type-post","status-publish","format-standard","has-post-thumbnail","hentry","category-audio","category-autonomia","category-autor","category-chiapas","category-cni-temas","category-cni","category-concejo-indigena-de-gobierno","category-ezln-temas","category-mexico","category-mujeres","category-temas","tag-chiapas","tag-cig","tag-cni","tag-comunicados-ezln","tag-ezln","tag-marichuy"],"_links":{"self":[{"href":"https:\/\/radiozapatista.org\/index.php?rest_route=\/wp\/v2\/posts\/23396","targetHints":{"allow":["GET"]}}],"collection":[{"href":"https:\/\/radiozapatista.org\/index.php?rest_route=\/wp\/v2\/posts"}],"about":[{"href":"https:\/\/radiozapatista.org\/index.php?rest_route=\/wp\/v2\/types\/post"}],"author":[{"embeddable":true,"href":"https:\/\/radiozapatista.org\/index.php?rest_route=\/wp\/v2\/users\/13"}],"replies":[{"embeddable":true,"href":"https:\/\/radiozapatista.org\/index.php?rest_route=%2Fwp%2Fv2%2Fcomments&post=23396"}],"version-history":[{"count":0,"href":"https:\/\/radiozapatista.org\/index.php?rest_route=\/wp\/v2\/posts\/23396\/revisions"}],"wp:featuredmedia":[{"embeddable":true,"href":"https:\/\/radiozapatista.org\/index.php?rest_route=\/wp\/v2\/media\/23429"}],"wp:attachment":[{"href":"https:\/\/radiozapatista.org\/index.php?rest_route=%2Fwp%2Fv2%2Fmedia&parent=23396"}],"wp:term":[{"taxonomy":"category","embeddable":true,"href":"https:\/\/radiozapatista.org\/index.php?rest_route=%2Fwp%2Fv2%2Fcategories&post=23396"},{"taxonomy":"post_tag","embeddable":true,"href":"https:\/\/radiozapatista.org\/index.php?rest_route=%2Fwp%2Fv2%2Ftags&post=23396"}],"curies":[{"name":"wp","href":"https:\/\/api.w.org\/{rel}","templated":true}]}}