{"id":23254,"date":"2017-10-15T06:26:21","date_gmt":"2017-10-15T11:26:21","guid":{"rendered":"https:\/\/radiozapatista.org\/?p=23254"},"modified":"2017-11-13T14:21:00","modified_gmt":"2017-11-13T20:21:00","slug":"concejo-indigena-de-gobierno-llega-a-guadalupe-tepeyac","status":"publish","type":"post","link":"https:\/\/radiozapatista.org\/?p=23254","title":{"rendered":"Concejo Ind\u00edgena de Gobierno llega a Guadalupe Tepeyac"},"content":{"rendered":"<p><div class=\"slider js_slider\">\n\t                <div class=\"frame js_frame\">\n\t                    <ul class=\"slides js_slides\"><li class=\"js_slide\"><img loading=\"lazy\" decoding=\"async\" width=\"844\" height=\"562\" src=\"https:\/\/radiozapatista.org\/wp-content\/uploads\/2017\/10\/IMG_1354_copy.jpeg\" class=\"attachment- size-\" alt=\"\" srcset=\"https:\/\/radiozapatista.org\/wp-content\/uploads\/2017\/10\/IMG_1354_copy.jpeg 844w, https:\/\/radiozapatista.org\/wp-content\/uploads\/2017\/10\/IMG_1354_copy-350x233.jpeg 350w\" sizes=\"auto, (max-width: 844px) 100vw, 844px\" \/><\/li><li class=\"js_slide\"><img loading=\"lazy\" decoding=\"async\" width=\"844\" height=\"562\" src=\"https:\/\/radiozapatista.org\/wp-content\/uploads\/2017\/10\/IMG_1352_copy.jpeg\" class=\"attachment- size-\" alt=\"\" srcset=\"https:\/\/radiozapatista.org\/wp-content\/uploads\/2017\/10\/IMG_1352_copy.jpeg 844w, https:\/\/radiozapatista.org\/wp-content\/uploads\/2017\/10\/IMG_1352_copy-350x233.jpeg 350w\" sizes=\"auto, (max-width: 844px) 100vw, 844px\" \/><\/li><li class=\"js_slide\"><img loading=\"lazy\" decoding=\"async\" width=\"842\" height=\"562\" src=\"https:\/\/radiozapatista.org\/wp-content\/uploads\/2017\/10\/IMG_1343_copy.jpeg\" class=\"attachment- size-\" alt=\"\" srcset=\"https:\/\/radiozapatista.org\/wp-content\/uploads\/2017\/10\/IMG_1343_copy.jpeg 842w, https:\/\/radiozapatista.org\/wp-content\/uploads\/2017\/10\/IMG_1343_copy-350x234.jpeg 350w\" sizes=\"auto, (max-width: 842px) 100vw, 842px\" \/><\/li><li class=\"js_slide\"><img loading=\"lazy\" decoding=\"async\" width=\"844\" height=\"562\" src=\"https:\/\/radiozapatista.org\/wp-content\/uploads\/2017\/10\/IMG_1322_copy.jpeg\" class=\"attachment- size-\" alt=\"\" srcset=\"https:\/\/radiozapatista.org\/wp-content\/uploads\/2017\/10\/IMG_1322_copy.jpeg 844w, https:\/\/radiozapatista.org\/wp-content\/uploads\/2017\/10\/IMG_1322_copy-350x233.jpeg 350w\" sizes=\"auto, (max-width: 844px) 100vw, 844px\" \/><\/li><li class=\"js_slide\"><img loading=\"lazy\" decoding=\"async\" width=\"844\" height=\"562\" src=\"https:\/\/radiozapatista.org\/wp-content\/uploads\/2017\/10\/IMG_1316_copy.jpeg\" class=\"attachment- size-\" alt=\"\" srcset=\"https:\/\/radiozapatista.org\/wp-content\/uploads\/2017\/10\/IMG_1316_copy.jpeg 844w, https:\/\/radiozapatista.org\/wp-content\/uploads\/2017\/10\/IMG_1316_copy-350x233.jpeg 350w\" sizes=\"auto, (max-width: 844px) 100vw, 844px\" \/><\/li><li class=\"js_slide\"><img loading=\"lazy\" decoding=\"async\" width=\"842\" height=\"562\" src=\"https:\/\/radiozapatista.org\/wp-content\/uploads\/2017\/10\/IMG_1285_copy.jpeg\" class=\"attachment- size-\" alt=\"\" srcset=\"https:\/\/radiozapatista.org\/wp-content\/uploads\/2017\/10\/IMG_1285_copy.jpeg 842w, https:\/\/radiozapatista.org\/wp-content\/uploads\/2017\/10\/IMG_1285_copy-350x234.jpeg 350w\" sizes=\"auto, (max-width: 842px) 100vw, 842px\" \/><\/li><li class=\"js_slide\"><img loading=\"lazy\" decoding=\"async\" width=\"844\" height=\"562\" src=\"https:\/\/radiozapatista.org\/wp-content\/uploads\/2017\/10\/IMG_1275_copy.jpeg\" class=\"attachment- size-\" alt=\"\" srcset=\"https:\/\/radiozapatista.org\/wp-content\/uploads\/2017\/10\/IMG_1275_copy.jpeg 844w, https:\/\/radiozapatista.org\/wp-content\/uploads\/2017\/10\/IMG_1275_copy-350x233.jpeg 350w\" sizes=\"auto, (max-width: 844px) 100vw, 844px\" \/><\/li><li class=\"js_slide\"><img loading=\"lazy\" decoding=\"async\" width=\"844\" height=\"562\" src=\"https:\/\/radiozapatista.org\/wp-content\/uploads\/2017\/10\/IMG_1419_copy.jpeg\" class=\"attachment- size-\" alt=\"\" srcset=\"https:\/\/radiozapatista.org\/wp-content\/uploads\/2017\/10\/IMG_1419_copy.jpeg 844w, https:\/\/radiozapatista.org\/wp-content\/uploads\/2017\/10\/IMG_1419_copy-350x233.jpeg 350w\" sizes=\"auto, (max-width: 844px) 100vw, 844px\" \/><\/li><li class=\"js_slide\"><img loading=\"lazy\" decoding=\"async\" width=\"842\" height=\"562\" src=\"https:\/\/radiozapatista.org\/wp-content\/uploads\/2017\/10\/IMG_1402_copy.jpeg\" class=\"attachment- size-\" alt=\"\" srcset=\"https:\/\/radiozapatista.org\/wp-content\/uploads\/2017\/10\/IMG_1402_copy.jpeg 842w, https:\/\/radiozapatista.org\/wp-content\/uploads\/2017\/10\/IMG_1402_copy-350x234.jpeg 350w\" sizes=\"auto, (max-width: 842px) 100vw, 842px\" \/><\/li><li class=\"js_slide\"><img loading=\"lazy\" decoding=\"async\" width=\"842\" height=\"561\" src=\"https:\/\/radiozapatista.org\/wp-content\/uploads\/2017\/10\/IMG_1401_copy.jpeg\" class=\"attachment- size-\" alt=\"\" srcset=\"https:\/\/radiozapatista.org\/wp-content\/uploads\/2017\/10\/IMG_1401_copy.jpeg 842w, https:\/\/radiozapatista.org\/wp-content\/uploads\/2017\/10\/IMG_1401_copy-350x233.jpeg 350w\" sizes=\"auto, (max-width: 842px) 100vw, 842px\" \/><\/li><li class=\"js_slide\"><img loading=\"lazy\" decoding=\"async\" width=\"844\" height=\"562\" src=\"https:\/\/radiozapatista.org\/wp-content\/uploads\/2017\/10\/IMG_1386_copy.jpeg\" class=\"attachment- size-\" alt=\"\" srcset=\"https:\/\/radiozapatista.org\/wp-content\/uploads\/2017\/10\/IMG_1386_copy.jpeg 844w, https:\/\/radiozapatista.org\/wp-content\/uploads\/2017\/10\/IMG_1386_copy-350x233.jpeg 350w\" sizes=\"auto, (max-width: 844px) 100vw, 844px\" \/><\/li><li class=\"js_slide\"><img loading=\"lazy\" decoding=\"async\" width=\"842\" height=\"562\" src=\"https:\/\/radiozapatista.org\/wp-content\/uploads\/2017\/10\/IMG_1374_copy.jpeg\" class=\"attachment- size-\" alt=\"\" srcset=\"https:\/\/radiozapatista.org\/wp-content\/uploads\/2017\/10\/IMG_1374_copy.jpeg 842w, https:\/\/radiozapatista.org\/wp-content\/uploads\/2017\/10\/IMG_1374_copy-350x234.jpeg 350w\" sizes=\"auto, (max-width: 842px) 100vw, 842px\" \/><\/li><li class=\"js_slide\"><img loading=\"lazy\" decoding=\"async\" width=\"842\" height=\"562\" src=\"https:\/\/radiozapatista.org\/wp-content\/uploads\/2017\/10\/IMG_1371_copy.jpeg\" class=\"attachment- size-\" alt=\"\" srcset=\"https:\/\/radiozapatista.org\/wp-content\/uploads\/2017\/10\/IMG_1371_copy.jpeg 842w, https:\/\/radiozapatista.org\/wp-content\/uploads\/2017\/10\/IMG_1371_copy-350x234.jpeg 350w\" sizes=\"auto, (max-width: 842px) 100vw, 842px\" \/><\/li>\t<\/ul>\n\t                <\/div>\n\t\t\t\t\t<span class=\"js_prev rz_slider_nav\"><svg xmlns='http:\/\/www.w3.org\/2000\/svg' viewBox='0 0 40 70'>\n\t<line x1='37' y1='3' x2='3' y2='36' style='stroke:white;stroke-width:5px' \/>\n\t<line x1='3' y1='34' x2='37' y2='67' style='stroke:white;stroke-width:5px' \/>\n<\/svg><\/span>\n\t\t\t\t\t<span class=\"js_next rz_slider_nav\"><svg xmlns='http:\/\/www.w3.org\/2000\/svg' viewBox='0 0 40 70'>\n\t<line x1='3' y1='3' x2='35' y2='36' style='stroke:white;stroke-width:5px' \/>\n\t<line x1='35' y1='34' x2='3' y2='67' style='stroke:white;stroke-width:5px' \/>\n<\/svg><\/span><\/div><script>\n\t'use strict';\n\n\tif(!window.slideshowCodeAlreadyRun) {\n\t\twindow.slideshowCodeAlreadyRun = true;\n\t\tdocument.addEventListener('DOMContentLoaded', function(){\n\t\t\tvar slidersMarkup = document.querySelectorAll('.js_slider'),\n\t\t\t\tsliders = [];\n\n\t        Array.prototype.slice.call(slidersMarkup).forEach(function (element, index) {\n\t            sliders.push( lory(element, {\n\t\t\t\t    \tinfinite: 1\n\t\t            })\n\t\t\t\t);\n\t\t\t\t\/\/ console.log(sliders);\n\t        });\n\n\t\t\t\/\/ reset sliders. firefox bug?\n\t\t\t\/\/ setTimeout(function () {\n\t\t\t\/\/ \tsliders.forEach(function(slider){\n\t\t\t\/\/ \t\tconsole.log(slider);\n\t\t\t\/\/ \t\tslider.reset(); \n\t\t\t\/\/ \t\t\/\/ slider.slideTo(1);\n\t\t\t\/\/ \t});\n\t\t\t\/\/ }, 100);\n\t\n\t\t}); \n\t}\n\t<\/script><\/p>\n<p>(<a href=\"https:\/\/radiozapatista.org\/?p=23254#audios\">Escucha los audios aqu\u00ed<\/a>.)<\/p>\n<p>\u201cEs la hora de unir nuestros dolores\u201d, dijo Marichuy, vocera del Concejo Ind\u00edgena de Gobierno (CIG), en el primer encuentro del CIG en territorio zapatista. Y eso resuena en los corazones de las y los zapatistas de esta comunidad de Guadalupe Tepeyac, caracol de La Realidad. En 1995, el gobierno del entonces presidente Ernesto Zedillo traicion\u00f3 el cese al fuego y mand\u00f3 al ej\u00e9rcito a perseguir al EZLN. La comunidad entera tuvo que huir. Mujeres, hombres, ni\u00f1os y ancianos sobreviviendo en el monte, comiendo lo que pudieran encontrar. Cuatro a\u00f1os estuvieron afuera, hasta que en 1999 pudieron regresar. <\/p>\n<p>Qu\u00e9 sienten, qu\u00e9 piensan, esos ni\u00f1os y ni\u00f1as que en aqu\u00e9l entonces, caminando o en brazos de sus madres, llorando por el hambre y el miedo, con los helic\u00f3pteros sobrevolando el territorio, emprendieron ese exilio para preservar sus vidas, amenazadas por la osad\u00eda de organizarse y luchar por las vidas de todos y todas. Qu\u00e9 sienten, qu\u00e9 piensan esos j\u00f3venes, estando aqu\u00ed, ahora, despu\u00e9s de m\u00e1s de dos d\u00e9cadas de un largo caminar, recibiendo al Concejo Ind\u00edgena de Gobierno, testigos y protagonistas de este fruto de su lucha, de su dolor, de su rebeld\u00eda. <\/p>\n<p>La alegr\u00eda, el fervor con que el CIG y los y las delegadas del CNI fueron recibidos dice mucho de ese sentir y ese pensar. Rodeados por las monta\u00f1as de estas ca\u00f1adas del sureste mexicano, en el verdor de esta naturaleza tan amenazada y tan perseverantemente defendida, este inicio de la gira del CIG por territorio zapatista es fiesta, es celebraci\u00f3n. Celebraci\u00f3n no de la conclusi\u00f3n de un camino, sino de un nuevo paso en este resistir que cuesta sangre: vida defendida con vidas, con dolor, con mucha rabia. <\/p>\n<p>Varios miles de personas llegaron hasta este rinc\u00f3n de la Selva Lacandona desde muchas geograf\u00edas del pa\u00eds. En el encuentro, la comandanta Everilda, hablando en nombre de la Comandancia General del Ej\u00e9rcito Zapatista de Liberaci\u00f3n Nacional, hizo un an\u00e1lisis detallado de la situaci\u00f3n que se vive en el pa\u00eds. Para los pueblos ind\u00edgenas y campesinos, la privatizaci\u00f3n de tierras, la destrucci\u00f3n de la naturaleza, el pisoteo de las culturas. \u201cLa situaci\u00f3n hoy es m\u00e1s grave que hace 23 a\u00f1os\u201d, dijo, y demostr\u00f3 con datos. Y lo demostraron tambi\u00e9n la concejala del pueblo Mayo de Sonora, que habl\u00f3 del despojo que sufren los pueblos Yoreme, Yaqui y Mayo, y la concejala binniz\u00e1 del Istmo de Tehuantepec, que habl\u00f3 de la voracidad del gobierno, que se aprovecha del dolor de la cat\u00e1strofe provocada por el terremoto para privatizar, dividir y militarizar. Y todo eso hace pensar en el discurso oficial que intenta desprestigiar al zapatismo. Qu\u00e9 han logrado los zapatistas todos estos a\u00f1os, se preguntan los \u201canalistas\u201d. Est\u00e1n igual o peor que antes. S\u00ed, el pa\u00eds est\u00e1 mucho peor que hace 23 a\u00f1os, porque el despojo, la violencia, la represi\u00f3n, la voracidad del capital que intenta acaparar las tierras y los recursos de los pueblos aumentan. Porque debido a esa incursi\u00f3n del capital, los productos de los pueblos cada vez cuestan menos, y lo que compran, cuesta m\u00e1s. Porque el crimen organizado se ha vuelo el brazo armado de un gobierno que, para beneficio del capital, mata, secuestra, encarcela, desaparece. Que lo digan los padres y madres de los normalistas desaparecidos de Ayotzinapa y los familiares de los miles de desaparecidos por todo el pa\u00eds.<\/p>\n<p>En medio de eso, las y los zapatistas han construido sus sistemas de salud, educaci\u00f3n, justicia, gobierno aut\u00f3nomos. Han forjado nuevas formas de producci\u00f3n colectiva. Han revolucionado la situaci\u00f3n de las mujeres, hist\u00f3ricamente las m\u00e1s pisoteadas, las que con m\u00e1s dolor han sufrido los atropellos de este sistema. Y han logrado entender, mejor que nadie, que la justicia y la venganza no son lo mismo.<\/p>\n<p>\u201cLos que mataron a Galeano\u201d, dijeron los familiares del maestro asesinado en 2014, \u201cson los mismos que desaparecieron a los 43 de Ayotzinapa\u201d. El dolor y la rabia de la familia y de todos los zapatistas ante el asesinato y ante las continuas provocaciones de sus asesinos que siguen hostig\u00e1ndolos y amenaz\u00e1ndolos, no se puede expresar en palabras. Pero no es dolor mudo ni rabia impotente. \u201cNuestra rabia y nuestro dolor hay que organizarlos con otras rabias y otros dolores en el mundo\u201d, dijeron.<\/p>\n<p>De eso se trata esto. De organizar los dolores. \u201cEs la hora de unir nuestros dolores.\u201d Por primera vez en la historia, existe un \u00f3rgano de gobierno aut\u00f3nomo a nivel nacional, regido por los mismos principios de gobierno que las Juntas de Buen Gobierno zapatistas, que son los mismos principios que rigen al Congreso Nacional Ind\u00edgena. \u201cPara gobernar un pueblo, primero hay que aprender a obedecer para saber mandar.\u201d <\/p>\n<p>Esta iniciativa es una tentativa de unir los dolores en el pa\u00eds, no s\u00f3lo de los pueblos ind\u00edgenas y campesinos, sino tambi\u00e9n los muchos dolores de las ciudades. Precarizaci\u00f3n laboral, bajos sueldos, desempleo, explotaci\u00f3n, violencia, represi\u00f3n. El an\u00e1lisis de la Comandancia General es contundente. <\/p>\n<p>La iniciativa del Concejo Ind\u00edgena de Gobierno es para todos y todas, es el impulso de un levantamiento pac\u00edfico nacional. Es utilizar la plataforma de la coyuntura electoral para compartir la palabra e invitarnos a participar en la construcci\u00f3n de otro pa\u00eds. Compartir la palabra porque \u201cel silencio es c\u00f3mplice del crimen\u201d, como bien dijo la Comandanta Everilda. <\/p>\n<p>Despu\u00e9s de la palabra, un peque\u00f1o pero emotivo acto de m\u00fasica y danza, a cargo de las compa\u00f1eras Alejandra y Nayeli, coordinadoras de arte y cultura.<\/p>\n<p>El calor de la selva se reblandece al caer de la tarde, y en la relativa calma que parece ahora reinar,  queda la impresi\u00f3n de que algo grande acaba de suceder. \u00bfHasta d\u00f3nde puede esto llegar? La respuesta no est\u00e1 aqu\u00ed. La respuesta nos corresponde a todas y todos. En la encrucijada de la historia, la respuesta tiene que ver con otra pregunta, reiterada por los zapatistas una y otra vez en los muchos encuentros recientes: \u00bfY ustedes, qu\u00e9?<\/p>\n<h4 id=\"audios\">Escucha los audios del encuentro:<\/h4>\n<p>Palabras de la Junta de Buen Gobierno de La Realidad:<br \/>\n[podcast]https:\/\/radiozapatista.org\/Audios\/CIG2017_GuadalupeTepeyac_01.mp3[\/podcast]<\/p>\n<p>Palabras de la Comandanta Aurora, Comandancia General del EZLN:<br \/>\n[podcast]https:\/\/radiozapatista.org\/Audios\/CIG2017_GuadalupeTepeyac_02.mp3[\/podcast]<\/p>\n<p>Palabras de la familia del maestro Galeano:<br \/>\n[podcast]https:\/\/radiozapatista.org\/Audios\/CIG2017_GuadalupeTepeyac_03.mp3[\/podcast]<\/p>\n<p>Palabras de Marichuy (<a href=\"https:\/\/radiozapatista.org\/?p=23254\">lee aqu\u00ed<\/a>):<br \/>\n[podcast]https:\/\/radiozapatista.org\/Audios\/CIG2017_GuadalupeTepeyac_04.mp3[\/podcast]<\/p>\n<p>Palabras de compa\u00f1era del CNI:<br \/>\n[podcast]https:\/\/radiozapatista.org\/Audios\/CIG2017_GuadalupeTepeyac_05.mp3[\/podcast]<\/p>\n<p>Palabras de concejala binniz\u00e1 del Istmo de Tehuantepec:<br \/>\n[podcast]https:\/\/radiozapatista.org\/Audios\/CIG2017_GuadalupeTepeyac_06.mp3[\/podcast]<\/p>\n<p>Palabras de concejala del pueblo mayo de Sonora:<br \/>\n[podcast]https:\/\/radiozapatista.org\/Audios\/CIG2017_GuadalupeTepeyac_07.mp3[\/podcast]<\/p>\n<p>Palabras de la Comandancia General del EZLN en voz de la Comandanta Everilda (<a href=\"https:\/\/radiozapatista.org\/?p=23310\">lee aqu\u00ed<\/a>):<br \/>\n[podcast]https:\/\/radiozapatista.org\/Audios\/CIG2017_GuadalupeTepeyac_08.mp3[\/podcast]<\/p>\n<p><\/p>","protected":false},"excerpt":{"rendered":"<p>(Escucha los audios aqu\u00ed.) \u201cEs la hora de unir nuestros dolores\u201d, dijo Marichuy, vocera del Concejo Ind\u00edgena de Gobierno (CIG), en el primer encuentro del CIG en territorio zapatista. Y eso resuena en los corazones de las y los zapatistas de esta comunidad de Guadalupe Tepeyac, caracol de La Realidad. En 1995, el gobierno del [&hellip;]<\/p>\n","protected":false},"author":1,"featured_media":23256,"comment_status":"open","ping_status":"closed","sticky":false,"template":"","format":"standard","meta":{"footnotes":""},"categories":[1,957,6,1024,1095,955,949,954,959,190],"tags":[1164,1151,63,926,1130],"class_list":["post-23254","post","type-post","status-publish","format-standard","has-post-thumbnail","hentry","category-audio","category-autonomia","category-chiapas","category-cni-temas","category-concejo-indigena-de-gobierno","category-ezln-temas","category-fotorreportaje","category-mexico","category-migracion","category-radiozapatista","tag-recorridocig","tag-cig","tag-cni","tag-ezln","tag-marichuy"],"_links":{"self":[{"href":"https:\/\/radiozapatista.org\/index.php?rest_route=\/wp\/v2\/posts\/23254","targetHints":{"allow":["GET"]}}],"collection":[{"href":"https:\/\/radiozapatista.org\/index.php?rest_route=\/wp\/v2\/posts"}],"about":[{"href":"https:\/\/radiozapatista.org\/index.php?rest_route=\/wp\/v2\/types\/post"}],"author":[{"embeddable":true,"href":"https:\/\/radiozapatista.org\/index.php?rest_route=\/wp\/v2\/users\/1"}],"replies":[{"embeddable":true,"href":"https:\/\/radiozapatista.org\/index.php?rest_route=%2Fwp%2Fv2%2Fcomments&post=23254"}],"version-history":[{"count":0,"href":"https:\/\/radiozapatista.org\/index.php?rest_route=\/wp\/v2\/posts\/23254\/revisions"}],"wp:featuredmedia":[{"embeddable":true,"href":"https:\/\/radiozapatista.org\/index.php?rest_route=\/wp\/v2\/media\/23256"}],"wp:attachment":[{"href":"https:\/\/radiozapatista.org\/index.php?rest_route=%2Fwp%2Fv2%2Fmedia&parent=23254"}],"wp:term":[{"taxonomy":"category","embeddable":true,"href":"https:\/\/radiozapatista.org\/index.php?rest_route=%2Fwp%2Fv2%2Fcategories&post=23254"},{"taxonomy":"post_tag","embeddable":true,"href":"https:\/\/radiozapatista.org\/index.php?rest_route=%2Fwp%2Fv2%2Ftags&post=23254"}],"curies":[{"name":"wp","href":"https:\/\/api.w.org\/{rel}","templated":true}]}}