{"id":2281,"date":"2011-04-01T02:33:28","date_gmt":"2011-04-01T08:33:28","guid":{"rendered":"https:\/\/radiozapatista.org\/?p=2281"},"modified":"2011-04-20T06:05:25","modified_gmt":"2011-04-20T11:05:25","slug":"la-onda-bajita-programa-de-abril","status":"publish","type":"post","link":"https:\/\/radiozapatista.org\/?p=2281","title":{"rendered":"La Onda Bajita: Programa de Abril"},"content":{"rendered":"<p><\/p>\n<ul>\n<li>La lucha del Ejido Tila por la tierra y la solidaridad de San Salvador Atenco<\/li>\n<li>Palabras del Consejo Aut\u00f3nomo de la Costa de Chiapas<\/li>\n<li>Campa\u00f1a mundial por los presos pol\u00edticos de San Sebasti\u00e1n Bachaj\u00f3n<\/li>\n<li>Gobierno mexicano encubre la masacre de Viejo Velasco<\/li>\n<\/ul>\n<p><\/p>","protected":false},"excerpt":{"rendered":"<p>La lucha del Ejido Tila por la tierra y la solidaridad de San Salvador Atenco Palabras del Consejo Aut\u00f3nomo de la Costa de Chiapas Campa\u00f1a mundial por los presos pol\u00edticos de San Sebasti\u00e1n Bachaj\u00f3n Gobierno mexicano encubre la masacre de Viejo Velasco<\/p>\n","protected":false},"author":1,"featured_media":0,"comment_status":"open","ping_status":"open","sticky":false,"template":"","format":"standard","meta":{"footnotes":""},"categories":[1,6,46],"tags":[],"class_list":["post-2281","post","type-post","status-publish","format-standard","hentry","category-audio","category-chiapas","category-la-onda-bajita"],"_links":{"self":[{"href":"https:\/\/radiozapatista.org\/index.php?rest_route=\/wp\/v2\/posts\/2281","targetHints":{"allow":["GET"]}}],"collection":[{"href":"https:\/\/radiozapatista.org\/index.php?rest_route=\/wp\/v2\/posts"}],"about":[{"href":"https:\/\/radiozapatista.org\/index.php?rest_route=\/wp\/v2\/types\/post"}],"author":[{"embeddable":true,"href":"https:\/\/radiozapatista.org\/index.php?rest_route=\/wp\/v2\/users\/1"}],"replies":[{"embeddable":true,"href":"https:\/\/radiozapatista.org\/index.php?rest_route=%2Fwp%2Fv2%2Fcomments&post=2281"}],"version-history":[{"count":0,"href":"https:\/\/radiozapatista.org\/index.php?rest_route=\/wp\/v2\/posts\/2281\/revisions"}],"wp:attachment":[{"href":"https:\/\/radiozapatista.org\/index.php?rest_route=%2Fwp%2Fv2%2Fmedia&parent=2281"}],"wp:term":[{"taxonomy":"category","embeddable":true,"href":"https:\/\/radiozapatista.org\/index.php?rest_route=%2Fwp%2Fv2%2Fcategories&post=2281"},{"taxonomy":"post_tag","embeddable":true,"href":"https:\/\/radiozapatista.org\/index.php?rest_route=%2Fwp%2Fv2%2Ftags&post=2281"}],"curies":[{"name":"wp","href":"https:\/\/api.w.org\/{rel}","templated":true}]}}