{"id":22675,"date":"2017-08-24T11:47:10","date_gmt":"2017-08-24T16:47:10","guid":{"rendered":"https:\/\/radiozapatista.org\/?p=22675"},"modified":"2019-03-26T09:45:33","modified_gmt":"2019-03-26T15:45:33","slug":"las-abejas-de-acteal-lanza-micrositio-desplazamiento-forzado-y-resistencia-de-las-abejas","status":"publish","type":"post","link":"https:\/\/radiozapatista.org\/?p=22675","title":{"rendered":"Las Abejas de Acteal lanza micrositio: &#8220;Desplazamiento forzado y resistencia de Las Abejas&#8221;"},"content":{"rendered":"<p><\/p>\n<p style=\"text-align: center;\"><a href=\"https:\/\/radiozapatista.org\/wp-content\/uploads\/2017\/08\/desplazada1.jpg\"><img loading=\"lazy\" decoding=\"async\" class=\"aligncenter size-medium wp-image-22676\" src=\"https:\/\/radiozapatista.org\/wp-content\/uploads\/2017\/08\/desplazada1-350x197.jpg\" alt=\"desplazada1\" width=\"350\" height=\"197\" srcset=\"https:\/\/radiozapatista.org\/wp-content\/uploads\/2017\/08\/desplazada1-350x197.jpg 350w, https:\/\/radiozapatista.org\/wp-content\/uploads\/2017\/08\/desplazada1-1024x576.jpg 1024w, https:\/\/radiozapatista.org\/wp-content\/uploads\/2017\/08\/desplazada1.jpg 1280w\" sizes=\"auto, (max-width: 350px) 100vw, 350px\" \/><\/a><\/p>\n<p style=\"text-align: center;\"><strong><a href=\"http:\/\/www.acteal.org\/micrositio\/\" target=\"_blank\">http:\/\/www.acteal.org\/micrositio\/<\/a><\/strong><\/p>\n<p>A 25 a\u00f1os del caminar de la Organizaci\u00f3n Sociedad Civil Las Abejas de Acteal, 20 a\u00f1os de impunidad de la Masacre y 8 a\u00f1os del inicio de la liberaci\u00f3n de paramilitares responsables del crimen de lesa humanidad, la organizaci\u00f3n s\u00edmbolo de acci\u00f3n civil y pac\u00edfica presenta el <b>micrositio:<\/b><b> <\/b><i><b>D<\/b><\/i><i><b>esplazamiento forzado y resistencia<\/b><\/i><i><b> de Las Abejas, e<\/b><\/i><i><b>ntre la contrainsurgencia y la impunidad<\/b><\/i>, que forma parte de la<i> <\/i><i><b>Campa\u00f1a Acteal: Ra\u00edz, memoria y esperanza.<\/b><\/i><\/p>\n<p>El micrositio refleja la impunidad con la que desde distintas instancias del gobierno mexicano se protege a los autores de la Masacre de Acteal, as\u00ed como a quienes perpetraron las violaciones a los derechos humanos mediante los desplazamientos forzados de familias de Las Abejas entre los a\u00f1os de 1996-1997, 2013 y 2016.<\/p>\n<p>Les invitamos a asomarse a una ventana de memoria y esperanza en el <i><b>micrositio: Desplazamiento forzado y resistencia de Las Abejas, entre la contrainsurgencia y la impunidad<\/b><\/i>, publicado en<b> <a href=\"http:\/\/www.acteal.org\/micrositio\/\" target=\"_blank\">http:\/\/www.acteal.org\/micrositio\/<\/a><\/b>.<\/p>\n<p>Compartimos bolet\u00edn de prensa del Frayba: <a href=\"https:\/\/t.co\/OUO6IbSrZs\" target=\"_blank\">bit.ly\/2v6N6c5<\/a><\/p>\n<p>y comunicado de Las Abejas de Acteal: <a href=\"http:\/\/bit.ly\/2ipZNIQ\" target=\"_blank\">http:\/\/bit.ly\/2ipZNIQ<\/a><\/p>\n<p><small>Foto: Desplazadas, 1997. Jutta Meyer (Archivo Frayba)<\/small><\/p>","protected":false},"excerpt":{"rendered":"<p>http:\/\/www.acteal.org\/micrositio\/ A 25 a\u00f1os del caminar de la Organizaci\u00f3n Sociedad Civil Las Abejas de Acteal, 20 a\u00f1os de impunidad de la Masacre y 8 a\u00f1os del inicio de la liberaci\u00f3n de paramilitares responsables del crimen de lesa humanidad, la organizaci\u00f3n s\u00edmbolo de acci\u00f3n civil y pac\u00edfica presenta el micrositio: Desplazamiento forzado y resistencia de Las [&hellip;]<\/p>\n","protected":false},"author":1,"featured_media":22676,"comment_status":"open","ping_status":"closed","sticky":false,"template":"","format":"standard","meta":{"footnotes":""},"categories":[957,6,1024,55],"tags":[63,235,782,198,106,233,197,148],"class_list":["post-22675","post","type-post","status-publish","format-standard","has-post-thumbnail","hentry","category-autonomia","category-chiapas","category-cni-temas","category-frayba","tag-cni","tag-contrainsurgencia","tag-desplazamiento-forzado","tag-impunidad","tag-las-abejas-de-acteal","tag-masacre-de-acteal","tag-memoria","tag-resistencia"],"_links":{"self":[{"href":"https:\/\/radiozapatista.org\/index.php?rest_route=\/wp\/v2\/posts\/22675","targetHints":{"allow":["GET"]}}],"collection":[{"href":"https:\/\/radiozapatista.org\/index.php?rest_route=\/wp\/v2\/posts"}],"about":[{"href":"https:\/\/radiozapatista.org\/index.php?rest_route=\/wp\/v2\/types\/post"}],"author":[{"embeddable":true,"href":"https:\/\/radiozapatista.org\/index.php?rest_route=\/wp\/v2\/users\/1"}],"replies":[{"embeddable":true,"href":"https:\/\/radiozapatista.org\/index.php?rest_route=%2Fwp%2Fv2%2Fcomments&post=22675"}],"version-history":[{"count":1,"href":"https:\/\/radiozapatista.org\/index.php?rest_route=\/wp\/v2\/posts\/22675\/revisions"}],"predecessor-version":[{"id":31071,"href":"https:\/\/radiozapatista.org\/index.php?rest_route=\/wp\/v2\/posts\/22675\/revisions\/31071"}],"wp:featuredmedia":[{"embeddable":true,"href":"https:\/\/radiozapatista.org\/index.php?rest_route=\/wp\/v2\/media\/22676"}],"wp:attachment":[{"href":"https:\/\/radiozapatista.org\/index.php?rest_route=%2Fwp%2Fv2%2Fmedia&parent=22675"}],"wp:term":[{"taxonomy":"category","embeddable":true,"href":"https:\/\/radiozapatista.org\/index.php?rest_route=%2Fwp%2Fv2%2Fcategories&post=22675"},{"taxonomy":"post_tag","embeddable":true,"href":"https:\/\/radiozapatista.org\/index.php?rest_route=%2Fwp%2Fv2%2Ftags&post=22675"}],"curies":[{"name":"wp","href":"https:\/\/api.w.org\/{rel}","templated":true}]}}