{"id":22541,"date":"2017-08-11T11:17:01","date_gmt":"2017-08-11T16:17:01","guid":{"rendered":"https:\/\/radiozapatista.org\/?p=22541"},"modified":"2017-08-11T11:17:01","modified_gmt":"2017-08-11T16:17:01","slug":"desapariciones-forzadas-en-democracia","status":"publish","type":"post","link":"https:\/\/radiozapatista.org\/?p=22541","title":{"rendered":"Desapariciones forzadas en democracia"},"content":{"rendered":"<p><\/p>\n<p style=\"text-align: center;\"><img loading=\"lazy\" decoding=\"async\" class=\"alignnone\" src=\"http:\/\/www.resumenlatinoamericano.org\/wp-content\/uploads\/2017\/08\/aparicion-con-vida-2_big.png\" alt=\"\" width=\"600\" height=\"390\" \/><\/p>\n<p><a href=\"http:\/\/www.resumenlatinoamericano.org\/2017\/08\/10\/america-latina-desapariciones-forzadas-en-democracia\/\" target=\"_blank\">Resumen Latinoamericano<\/a> \/ V\u00edctor Quilaqueo, CEPPAS-GT \/ 10 de agosto de 2017<\/p>\n<p><strong>La desaparici\u00f3n de Santiago Maldonado en Argentina es un hecho grav\u00edsimo para todos los movimientos sociales en Am\u00e9rica Latina.<\/strong><\/p>\n<p>Al momento de escribir estas l\u00edneas sigue sin conocerse el paradero de Santiago Maldonado, activista de 28 a\u00f1os que fue detenido por fuerzas de seguridad del estado en Argentina, y del cual no se han tenido noticias.<\/p>\n<p><a title=\"carta\" href=\"https:\/\/radiolanegra.blogspot.com.ar\/2017\/08\/santiago-maldonado-tiene-que-aparecer.html\">Fue detenido y golpeado por un grupo policial<\/a>\u00a0en el marco de un allanamiento a la comunidad mapuche Lof en Resistencia Cushamen, en la patagonia argentina, el martes 1 de agosto. Desde ese d\u00eda no se sabe m\u00e1s de \u00e9l.<\/p>\n<p>Su familia, amigas, amigos, organizaciones de derechos humanos y agrupaciones pol\u00edticas han hecho un llamado incesante para que el gobierno argentino responda por su paradero. Las respuestas aparte de escasas, buscan ocultar, ensuciar y criminalizar a las v\u00edctimas.<\/p>\n<p><b>El contexto de su detenci\u00f3n y desaparici\u00f3n ser\u00eda muy extenso de resumir en estas letras, pero es una muestra precisa de la connivencia entre poderes estatales, fuerzas represivas en actividad permanente e intereses de privados en relaci\u00f3n con la posesi\u00f3n de tierras. En efecto,\u00a0<strong>Santiago fue apresado en un\u00a0<a title=\"notaMU\" href=\"http:\/\/www.lavaca.org\/notas\/una-semana-sin-santiago-que-se-sabe-y-que-no\/\">operativo policial en contra de una comunidad mapuche<\/a>\u00a0que lleva adelante un proceso de recuperaci\u00f3n territorial que va en contra de los intereses del grupo transnacional Benetton.<\/strong>\u00a0Esa ma\u00f1ana la soberan\u00eda estatal argentina se visti\u00f3 con los colores corporativos de una empresa de ropa y moda.*<\/b><\/p>\n<p><!--more--><strong><span class=\"caps\">UNA<\/span>\u00a0<span class=\"caps\">HISTORIA<\/span>\u00a0<span class=\"caps\">QUE<\/span>\u00a0NO TERMINA<\/strong><\/p>\n<p>Tenemos que ser muy expl\u00edcitos en este punto,\u00a0<strong>lo que est\u00e1 sucediendo en Argentina no es un hecho aislado ni remoto.<\/strong>\u00a0Nos afecta a todas y todos. Este caso de desaparici\u00f3n forzada se da en un pa\u00eds con una conocida trayectoria en justicia transicional y con importantes avances en pol\u00edticas de memoria y derechos humanos. La desaparici\u00f3n de un activista no debemos leerla \u00fanicamente como un\u00a0<em>retroceso pol\u00edtico<\/em>, pues esa \u00f3ptica formalista y lineal no permite analizar la profundidad de campo de esta situaci\u00f3n dram\u00e1tica. La desaparici\u00f3n de Santiago Maldonado o el homicidio de Berta C\u00e1ceres, as\u00ed como tambi\u00e9n las\u00a0<a title=\"informe frontline\" href=\"https:\/\/www.frontlinedefenders.org\/es\/resource-publication\/annual-report-human-rights-defenders-risk-2016\">amenazas, torturas y asesinatos de cientos de otras y otros compa\u00f1eros y compa\u00f1eras<\/a>, es una demostraci\u00f3n de fuerza e impunidad por parte de grupos armados estatales y paraestatales que debe ser repudiada y resistida a toda costa.<\/p>\n<p>Ni ahora ni antes ha sido un fen\u00f3meno aislado, a lo largo y ancho de todo nuestro continente la memoria social de las desapariciones en dictaduras, dej\u00f3 un repertorio imborrable de acciones p\u00fablicas demandando noticias, saber la verdad y que se haga justicia. No es s\u00f3lo que Santiago Maldonado aparezca con vida, tal y como lo ha exigido su hermano en todas las acciones p\u00fablicas que han realizado, sino que\u00a0<strong>adem\u00e1s es la demanda de una sociedad civil en democracia que ve con consternaci\u00f3n c\u00f3mo los m\u00e9todos de desinformaci\u00f3n y represi\u00f3n est\u00e1n hoy m\u00e1s vigentes que nunca.<\/strong><\/p>\n<p>Frente a esto no podemos dejarnos enga\u00f1ar.\u00a0<strong>La desaparici\u00f3n forzada es un tipo de delito del derecho internacional, cuyo autor es el Estado o agentes que act\u00faan en su nombre y que adem\u00e1s se niegan a reconocerlo.<\/strong>\u00a0Que no nos tomen por bobos o bobas al inculpar a la v\u00edctima como supuesto terrorista; al demarcarlo como un paria; al reducirlo como una cifra. Que no rompan nuestra solidaridad horizontal y nuestro sentido com\u00fan de la justicia con justificaciones absurdas o con explicaciones a medias. Que no confundan nuestra memoria, llen\u00e1ndola de miedo y desconfianza.<\/p>\n<p>La\u00a0<span class=\"caps\">ONU<\/span>, en un informe de su\u00a0<a title=\"informe\" href=\"https:\/\/documents-dds-ny.un.org\/doc\/UNDOC\/GEN\/G16\/167\/17\/PDF\/G1616717.pdf?OpenElement\">Grupo de Trabajo sobre Desapariciones Forzadas o Involuntarias<\/a>\u00a0se\u00f1ala que entre 1980 y 2016 recibieron denuncias por poco m\u00e1s de 55 mil casos en 107 pa\u00edses y que en la actualidad son m\u00e1s de 40 mil los casos que est\u00e1n a\u00fan sin resolverse. Seg\u00fan los datos aportados por la misma organizaci\u00f3n, es evidente que para los pa\u00edses de Am\u00e9rica Latina la mayor tragedia en cuanto a desapariciones la constituyeron las dictaduras c\u00edvico-militares, no obstante sus m\u00e9todos, organismos de inteligencia e inclusive funcionarios no han dejado de lado aquellos a\u00f1os de entrenamiento y puesta en pr\u00e1ctica de esta forma espec\u00edfica de terror.<\/p>\n<p>Hoy m\u00e1s que nunca la desaparici\u00f3n forzada y otros m\u00e9todos sistem\u00e1ticos con que son amenazadas las vidas de las y los defensores de derechos humanos, deben ser denunciados en una cadena global de solidaridad y justicia. Tal como dice el\u00a0<a title=\"gtdifusion\" href=\"http:\/\/www.ohchr.org\/Documents\/Publications\/FactSheet6Rev3_sp.pdf\">Grupo de Trabajo de la ONU<\/a>:<\/p>\n<blockquote><p>La desaparici\u00f3n forzada se ha usado a menudo como estrategia para infundir el terror en los ciudadanos. La sensaci\u00f3n de inseguridad que esa pr\u00e1ctica genera no se limita a los parientes pr\u00f3ximos del desaparecido, sino que afecta a su comunidad y al conjunto de la sociedad.<\/p><\/blockquote>\n<p>Demandamos por tanto desde Guatemala\u00a0<strong>\u00a1Aparici\u00f3n con vida de Santiago Maldonado!<\/strong><\/p>\n<p>Invitamos a todas y todos a:<\/p>\n<ul>\n<li><strong>Informarse por medios alternativos.<\/strong>\u00a0Hoy m\u00e1s que nunca es importante romper los cercos medi\u00e1ticos y las anteojeras de los medios monop\u00f3licos de desinformaci\u00f3n y fortalecer la comunicaci\u00f3n social.<\/li>\n<\/ul>\n<ul>\n<li><strong>Demandar a las autoridades<\/strong>\u00a0todas la medidas necesarias para la aparici\u00f3n con vida de las v\u00edctimas.<\/li>\n<\/ul>\n<ul>\n<li><strong>Participar, organizarse.<\/strong>\u00a0Formar parte de movimientos sociales y ciudadanos para realizar acciones para visibilizar los casos y solidarizar con las v\u00edctimas. Participar en todas las manifestaciones p\u00fablicas y callejeras.<\/li>\n<\/ul>\n<ul>\n<li><strong>Producir contenido.<\/strong>\u00a0Reflexionar en voz alta, convocar la participaci\u00f3n de todas y todos. A la pedagog\u00eda de la violencia hay que oponer una did\u00e1ctica de la paz, una pedagog\u00eda social cr\u00edtica, p\u00fablica, activa, no sexista ni racista.<\/li>\n<\/ul>\n<ul>\n<li><strong>Ten en cuenta la seguridad y privacidad.<\/strong>\u00a0Siempre que participes de una actividad, ten en cuenta algunos aspectos de resguardo y seguridad para ti y quienes te acompa\u00f1en. Para una idea general sobre este punto puedes consultar manuales como el que te compartimos en<a title=\"manual seguridad\" href=\"http:\/\/protectioninternational.org\/wp-content\/uploads\/2012\/04\/Nuevo_Manual_Proteccion.pdf\">\u00a0este enlace.<\/a><\/li>\n<\/ul>\n<p>&nbsp;<\/p>","protected":false},"excerpt":{"rendered":"<p>Resumen Latinoamericano \/ V\u00edctor Quilaqueo, CEPPAS-GT \/ 10 de agosto de 2017 La desaparici\u00f3n de Santiago Maldonado en Argentina es un hecho grav\u00edsimo para todos los movimientos sociales en Am\u00e9rica Latina. Al momento de escribir estas l\u00edneas sigue sin conocerse el paradero de Santiago Maldonado, activista de 28 a\u00f1os que fue detenido por fuerzas de [&hellip;]<\/p>\n","protected":false},"author":1,"featured_media":0,"comment_status":"open","ping_status":"closed","sticky":false,"template":"","format":"standard","meta":{"footnotes":""},"categories":[953,183,45],"tags":[327,244,682,1097,545],"class_list":["post-22541","post","type-post","status-publish","format-standard","hentry","category-mundo","category-blog","category-relatos-zapatistas","tag-argentina","tag-desaparecidos","tag-desaparicion-forzada","tag-mapuches","tag-pueblos-indigenas"],"_links":{"self":[{"href":"https:\/\/radiozapatista.org\/index.php?rest_route=\/wp\/v2\/posts\/22541","targetHints":{"allow":["GET"]}}],"collection":[{"href":"https:\/\/radiozapatista.org\/index.php?rest_route=\/wp\/v2\/posts"}],"about":[{"href":"https:\/\/radiozapatista.org\/index.php?rest_route=\/wp\/v2\/types\/post"}],"author":[{"embeddable":true,"href":"https:\/\/radiozapatista.org\/index.php?rest_route=\/wp\/v2\/users\/1"}],"replies":[{"embeddable":true,"href":"https:\/\/radiozapatista.org\/index.php?rest_route=%2Fwp%2Fv2%2Fcomments&post=22541"}],"version-history":[{"count":0,"href":"https:\/\/radiozapatista.org\/index.php?rest_route=\/wp\/v2\/posts\/22541\/revisions"}],"wp:attachment":[{"href":"https:\/\/radiozapatista.org\/index.php?rest_route=%2Fwp%2Fv2%2Fmedia&parent=22541"}],"wp:term":[{"taxonomy":"category","embeddable":true,"href":"https:\/\/radiozapatista.org\/index.php?rest_route=%2Fwp%2Fv2%2Fcategories&post=22541"},{"taxonomy":"post_tag","embeddable":true,"href":"https:\/\/radiozapatista.org\/index.php?rest_route=%2Fwp%2Fv2%2Ftags&post=22541"}],"curies":[{"name":"wp","href":"https:\/\/api.w.org\/{rel}","templated":true}]}}