{"id":22504,"date":"2017-08-02T07:34:59","date_gmt":"2017-08-02T12:34:59","guid":{"rendered":"https:\/\/radiozapatista.org\/?p=22504"},"modified":"2017-08-02T07:34:59","modified_gmt":"2017-08-02T12:34:59","slug":"memoria-e-imaginacion-la-verdadera-realidad-virtual-inicia-compartedigital2017-del-ezln","status":"publish","type":"post","link":"https:\/\/radiozapatista.org\/?p=22504","title":{"rendered":"\u201cMEMORIA e IMAGINACI\u00d3N, la verdadera realidad virtual\u201d inicia #CompArteDigital2017 del EZLN"},"content":{"rendered":"<p><\/p>\n<p style=\"text-align: center;\"><a href=\"https:\/\/radiozapatista.org\/wp-content\/uploads\/2017\/08\/C_-Nos-faltan-43.jpeg\"><img loading=\"lazy\" decoding=\"async\" class=\"aligncenter size-medium wp-image-22505\" src=\"https:\/\/radiozapatista.org\/wp-content\/uploads\/2017\/08\/C_-Nos-faltan-43-300x300.jpeg\" alt=\"C_ Nos faltan 43\" width=\"300\" height=\"300\" srcset=\"https:\/\/radiozapatista.org\/wp-content\/uploads\/2017\/08\/C_-Nos-faltan-43-300x300.jpeg 300w, https:\/\/radiozapatista.org\/wp-content\/uploads\/2017\/08\/C_-Nos-faltan-43-150x150.jpeg 150w, https:\/\/radiozapatista.org\/wp-content\/uploads\/2017\/08\/C_-Nos-faltan-43.jpeg 695w\" sizes=\"auto, (max-width: 300px) 100vw, 300px\" \/><\/a><\/p>\n<p style=\"text-align: center;\"><strong>P\u00c1GINA DEL FESTIVAL: <a href=\"http:\/\/comparte.digital\/\" target=\"_blank\">http:\/\/comparte.digital\/<\/a><\/strong><\/p>\n<p>Chiapas, M\u00e9xico. 1 de agosto. \u201cMEMORIA e IMAGINACI\u00d3N, son la virtualidad real, la verdadera realidad virtual, la realidad real por la que se lucha. La Red es el semillero de semilleros\u201d, argumenta Virtual y Real (V&amp;R), en una carta al EZLN y Congreso Nacional Ind\u00edgena (CNI), en las publicaciones del primer d\u00eda del festival por la web, #CompArteDigital2017, convocado por la Comisi\u00f3n Sexta del Ej\u00e9rcito Zapatista de Liberaci\u00f3n Nacional (EZLN), a nivel nacional e internacional y que durar\u00e1 hasta el pr\u00f3ximo d\u00eda 12 de agosto. \u201cINTERNET no invent\u00f3 las redes ni la comunicaci\u00f3n inmediata y virtual, sino que las trajo a este mundo pobre y hambriento. Es como si esta realidad, lo mejor que le queda, buscara ant\u00eddotos medicinas, alimentos, Luz y luces\u201d, a\u00f1adi\u00f3 V&amp;R. \u201cLa Red sigue siendo ingobernable\u201d, asegura en su escrito.<\/p>\n<p>\u201cEs cierto que la red est\u00e1 cada vez m\u00e1s centralizada y que las usuarias con menos conocimientos de autonom\u00eda, pero justamente eso nos motiva a crear una contracultura a todas las que tenemos una mirada diferente y una visi\u00f3n m\u00e1s conjunta del futuro que queremos para internet\u201d, expres\u00f3 el colectivo KNOX Activismo Ciberterr\u00edcola, \u201cEn estos momentos en Theknox.xyz hay 3 proyectos de pegatinas que tratan 3 hilos diferentes, uno es la -vigilancia pan\u00f3ptica- por parte de las empresas y estados en nuestros celulares, el -proyecto ZOOM-, que crea enlaces con QR impresos en pegatinas para ser puestos en lugares f\u00edsicos, donde estos enlaces muestran otra alternativa de aquel espacio y por ultimo -cifrando la calle- que expone unos de los cifrados m\u00e1s sencillos (ROT) utilizados para explicar de qu\u00e9 se trata el cifrado de mensajes, un empuj\u00f3n para curiosas que quieran descubrir mensajes como \u201cCopiar no es robar\u201d o \u201chabitar el ciberespacio\u201d, argumenta KNOX.<\/p>\n<p><!--more-->Por su parte el Movimiento en Defensa de la Vida y el Territorio de Chiapas (MODEVITE), indica que se est\u00e1n organizando \u201cpara construir juntos nuestra autonom\u00eda como pueblos originarios y defender a nuestra Madre Tierra\u201d. MODEVITE se pronuncia con un rotundo \u201cNO a todo lo que da\u00f1e la vida de nuestros hijos y de nuestras comunidades, NO al mal gobierno y NO a los megaproyectos que buscan extraer nuestro territorio\u201d.<\/p>\n<p>Dentro de las aportaciones al #CompArteDigital2017, tambi\u00e9n est\u00e1 el trabajo de \u201cAleatorio\u201d, (lo que sigue, lo que podemos encontrar en la no re-lidad), quien invita a visitar sus videos y \u201clos coloques en la mejor carpeta ya sea alguna que yo puse, o la que tu pongas, que hagas esas tus listas, y veas las m\u00ccas(si tienes suerte). y distrutes de este h-ermoso arte que es el Vmix\u201d.<\/p>\n<p>Otras de las expresiones en el Festival Digital son: Mural zapatista East Harlem NYC; Archivo de audio de Radio Totomoxtle; Foto de Etras Peregrinas NYC; #antisocialized foto Instagram; En Defensa de la Vida y el Territorio, MODEVITE Chiapas; Gif Animados, Tierra Adentro; sitio Art of the Commune; sitio La carpa del FEO: Fandango en East Oakland sitio; Tag: Xavier Aguirre Palacios \u201cel abuelo\u201d; Gr\u00e1fica Digital; Proyecto Video Ja AJPu, Colectivo Snajtaleltik; Ruby a.k.a. \u2013 Native Spirit, Radio de m\u00fasica ind\u00edgena; Video Telecomunicaciones indenpendientes en resistencia; Video Earth Folk \u2013 Smell the Magic; Cuento: Las ventanas de hoy, Fa Cartoneras Zacatecas; Migraciones Visuales: An\u00e1lisis Del Fen\u00f3meno Migratorio A Trav\u00e9s Del Videoarte; Escaleras: Cruzar el muro, entre otr@s.<\/p>\n<p>&nbsp;<\/p>","protected":false},"excerpt":{"rendered":"<p>P\u00c1GINA DEL FESTIVAL: http:\/\/comparte.digital\/ Chiapas, M\u00e9xico. 1 de agosto. \u201cMEMORIA e IMAGINACI\u00d3N, son la virtualidad real, la verdadera realidad virtual, la realidad real por la que se lucha. La Red es el semillero de semilleros\u201d, argumenta Virtual y Real (V&amp;R), en una carta al EZLN y Congreso Nacional Ind\u00edgena (CNI), en las publicaciones del primer [&hellip;]<\/p>\n","protected":false},"author":1,"featured_media":22506,"comment_status":"open","ping_status":"closed","sticky":false,"template":"","format":"standard","meta":{"footnotes":""},"categories":[957,955,954,953,196],"tags":[1138,1139,111,992,926],"class_list":["post-22504","post","type-post","status-publish","format-standard","has-post-thumbnail","hentry","category-autonomia","category-ezln-temas","category-mexico","category-mundo","category-radio-pozol","tag-comparte2017","tag-artes","tag-ciencias-y-artes","tag-comparte","tag-ezln"],"_links":{"self":[{"href":"https:\/\/radiozapatista.org\/index.php?rest_route=\/wp\/v2\/posts\/22504","targetHints":{"allow":["GET"]}}],"collection":[{"href":"https:\/\/radiozapatista.org\/index.php?rest_route=\/wp\/v2\/posts"}],"about":[{"href":"https:\/\/radiozapatista.org\/index.php?rest_route=\/wp\/v2\/types\/post"}],"author":[{"embeddable":true,"href":"https:\/\/radiozapatista.org\/index.php?rest_route=\/wp\/v2\/users\/1"}],"replies":[{"embeddable":true,"href":"https:\/\/radiozapatista.org\/index.php?rest_route=%2Fwp%2Fv2%2Fcomments&post=22504"}],"version-history":[{"count":0,"href":"https:\/\/radiozapatista.org\/index.php?rest_route=\/wp\/v2\/posts\/22504\/revisions"}],"wp:featuredmedia":[{"embeddable":true,"href":"https:\/\/radiozapatista.org\/index.php?rest_route=\/wp\/v2\/media\/22506"}],"wp:attachment":[{"href":"https:\/\/radiozapatista.org\/index.php?rest_route=%2Fwp%2Fv2%2Fmedia&parent=22504"}],"wp:term":[{"taxonomy":"category","embeddable":true,"href":"https:\/\/radiozapatista.org\/index.php?rest_route=%2Fwp%2Fv2%2Fcategories&post=22504"},{"taxonomy":"post_tag","embeddable":true,"href":"https:\/\/radiozapatista.org\/index.php?rest_route=%2Fwp%2Fv2%2Ftags&post=22504"}],"curies":[{"name":"wp","href":"https:\/\/api.w.org\/{rel}","templated":true}]}}