{"id":22196,"date":"2017-07-27T07:21:34","date_gmt":"2017-07-27T12:21:34","guid":{"rendered":"https:\/\/radiozapatista.org\/?p=22196"},"modified":"2017-07-27T09:06:11","modified_gmt":"2017-07-27T14:06:11","slug":"carta-de-ximena-soza-al-ezln-leida-durante-el-comparte-2017","status":"publish","type":"post","link":"https:\/\/radiozapatista.org\/?p=22196","title":{"rendered":"[:es]Carta de Ximena Soza al EZLN, le\u00edda durante el CompArte 2017[:en]Carta de Ximena Soza al EZLN, l[:]"},"content":{"rendered":"<p>[:es][podcast]https:\/\/radiozapatista.org\/Audios\/CompArte17_d4a_XimenaSoza.mp3[\/podcast]<\/p>\n<p>PARA EL EJERCITO ZAPATISTA DE LIBERACION NACIONAL<\/p>\n<p>Desde la ventana que me concede la vista de esta ciudad prestada veo a los ni\u00f1os, los autos, los buses, los d\u00edas pasar, y desde la desesperanza o la crudeza, me parece, van a ninguna parte. Al igual que siento, voy yo. Despu\u00e9s de escuchar La sexta con \u201c La luz y la Sombra\u201d por el que fuera el Subcomandante Insurgente Marcos, mis horas caminan sin rumbo y la intenci\u00f3n de todo lo pendiente parece desorientada; la ida y la vuelta a la farmacia, el horario de las medicinas, la edici\u00f3n de fotos, la ortograf\u00eda, la poes\u00eda toda, se quiebra ante mis ojos.<\/p>\n<p> \u00bfSer\u00e1 que en esta realidad, en la que me toca aliviar un temblor de manos, desinfectar las heridas de un dolor interno que arde por fuera, vigilar que la sangre habite las venas y seguir el hilo de pensamiento de uno y de otro es hoy todo m\u00e1s vano que ayer?<\/p>\n<p> Desde las lluvias de una isla perdida y desde las nieves polares del medio oeste que no sent\u00eda tan fuertemente que mis huesos reposaban en la cama equivocada o que mi nombre era llamado en otra calle, no la m\u00eda.<\/p>\n<p><!--more--> \u00bfSer\u00e1 pura vanidad esto de pensar que la rutina que sostengo o lo que sostengo para que exista la rutina y su predecible tranquilidad no me bastan? Puede ser, pero los esfuerzos individuales, por honestos que sean, hoy me parecen min\u00fasculos, perdidos en la magnitud de tanta necesidad de cambiar tanto.<\/p>\n<p> El t\u00e9 en la orilla del escritorio y el escritorio en s\u00ed, me duelen hoy y m\u00e1s me duele haberme acostumbrado a ellos, como si fueran una condici\u00f3n sine qua non de mi cotidiano.<\/p>\n<p> Quiz\u00e1s me pasa como a muchos y estoy fallando en entender que todos podemos ser todos, por eso no importa desde donde luchemos, mientras luchemos. Que todos podemos ser el joven que dispara a quemarropa, con el permiso de una naci\u00f3n y tambi\u00e9n el transe\u00fante que pasaba por los designios de esa vida y esa muerte. Que todos podemos ser el prisionero, el presidio, el castigo o el castigador, dependiendo desde nos paremos y de nuestra acci\u00f3n u omisi\u00f3n. Quiz\u00e1s me pasa como a algunos y me averg\u00fcenzo al sentir que no hago suficiente por no ser el conquistador, la inyecci\u00f3n letal, los dolores de la tortura, el silencio de los que saben d\u00f3nde est\u00e1n, la brutalidad policial.<\/p>\n<p> Todos quisimos ser Marcos y quiz\u00e1s hasta algunas veces lo fuimos. Quisimos serlo porque pudimos creer, aunque fuera por un segundo, que era posible cambiar el ejercicio de la palabra por la palabra en ejercicio. Seguramente tambi\u00e9n cre\u00edmos, porque creer en otro se ha hecho m\u00e1s f\u00e1cil que creer en nosotros mismos. Sea por lo que sea, pienso que admiramos al vocero y al hombre detr\u00e1s de la m\u00e1scara  porque supo traducir los sonidos de la Selva Lacandona a aquellos que no habl\u00e1bamos tzotzil, ni Lacand\u00f3n, ni otras lenguas Mayenses y mucho menos el lenguaje del silencio, porque hemos olvidado mirarnos en el espejo ancestral de la noche.<\/p>\n<p> Todos fuimos Marcos y su discurso, pero ya que desde su propia elocuencia, dice que sus palabras no son solo de \u00e9l, pero tambi\u00e9n de la fuerza que lo rodea, podemos decir hoy, que todos somos Galeano, que todos somos Mois\u00e9s, que todos somos Chiapas o que podemos serlo.<\/p>\n<p> Entiendo que a cada uno nos toca trabajar en diferentes frentes; a algunos en las aulas, en las cortes, en los escritorios, en los muros, y a otros en La Realidad. Ustedes me dir\u00e1n entonces para que soy \u00fatil, subcomandante an\u00f3nima, subcomandante Mois\u00e9s, Subcomandante Galeano, yo, que camino por la vida a la luz y la sombra de los privilegios no merecidos del mestizaje, los privilegios no merecidos de la ley de inmigraci\u00f3n, con nombre, pasaporte y con el rostro descubierto.<\/p>\n<p> Ximena Soza, desde este norte, que antes fue sur.<\/p>\n<p> [:]<\/p>\n","protected":false},"excerpt":{"rendered":"<p>[:es][podcast]https:\/\/radiozapatista.org\/Audios\/CompArte17_d4a_XimenaSoza.mp3[\/podcast] PARA EL EJERCITO ZAPATISTA DE LIBERACION NACIONAL Desde la ventana que me concede la vista de esta ciudad prestada veo a los ni\u00f1os, los autos, los buses, los d\u00edas pasar, y desde la desesperanza o la crudeza, me parece, van a ninguna parte. Al igual que siento, voy yo. Despu\u00e9s de escuchar La sexta [&hellip;]<\/p>\n","protected":false},"author":1,"featured_media":0,"comment_status":"open","ping_status":"closed","sticky":false,"template":"","format":"standard","meta":{"footnotes":""},"categories":[1,6,183],"tags":[111,992,844,56],"class_list":["post-22196","post","type-post","status-publish","format-standard","hentry","category-audio","category-chiapas","category-blog","tag-ciencias-y-artes","tag-comparte","tag-comparticion","tag-encuentros"],"_links":{"self":[{"href":"https:\/\/radiozapatista.org\/index.php?rest_route=\/wp\/v2\/posts\/22196","targetHints":{"allow":["GET"]}}],"collection":[{"href":"https:\/\/radiozapatista.org\/index.php?rest_route=\/wp\/v2\/posts"}],"about":[{"href":"https:\/\/radiozapatista.org\/index.php?rest_route=\/wp\/v2\/types\/post"}],"author":[{"embeddable":true,"href":"https:\/\/radiozapatista.org\/index.php?rest_route=\/wp\/v2\/users\/1"}],"replies":[{"embeddable":true,"href":"https:\/\/radiozapatista.org\/index.php?rest_route=%2Fwp%2Fv2%2Fcomments&post=22196"}],"version-history":[{"count":0,"href":"https:\/\/radiozapatista.org\/index.php?rest_route=\/wp\/v2\/posts\/22196\/revisions"}],"wp:attachment":[{"href":"https:\/\/radiozapatista.org\/index.php?rest_route=%2Fwp%2Fv2%2Fmedia&parent=22196"}],"wp:term":[{"taxonomy":"category","embeddable":true,"href":"https:\/\/radiozapatista.org\/index.php?rest_route=%2Fwp%2Fv2%2Fcategories&post=22196"},{"taxonomy":"post_tag","embeddable":true,"href":"https:\/\/radiozapatista.org\/index.php?rest_route=%2Fwp%2Fv2%2Ftags&post=22196"}],"curies":[{"name":"wp","href":"https:\/\/api.w.org\/{rel}","templated":true}]}}