{"id":2189,"date":"2011-03-26T12:16:13","date_gmt":"2011-03-26T18:16:13","guid":{"rendered":"https:\/\/radiozapatista.org\/?p=2189"},"modified":"2011-03-26T12:16:13","modified_gmt":"2011-03-26T18:16:13","slug":"denuncia-desde-la-uam-iztapalapa","status":"publish","type":"post","link":"https:\/\/radiozapatista.org\/?p=2189","title":{"rendered":"<!--:es-->Denuncia desde la UAM Iztapalapa<!--:--><!--:en-->Denounciation from the UAM Iztapalapa<!--:-->"},"content":{"rendered":"<p><!--:es-->Compa\u00f1eros y compa\u00f1eras:<\/p>\n<p>Antes que nada queremos enviarles un cordial y combativo saludo desde las tierras del fuego nuevo, somos estudiantes de la UAM Iztapalapa de diversas licenciaturas (Antropolog\u00eda, Administraci\u00f3n, Bioqu\u00edmica, Psicolog\u00eda Social, Posgrado en Filosof\u00eda) desde hace 5 a\u00f1os en esta unidad de la UAM se ha  sostenido el trabajo de distribuci\u00f3n de caf\u00e9 zapatista; concretamente el de los compa\u00f1eros de la cooperativa \u201cYochin Tayel K\u2019inal\u201d del caracol IV de Morelia. Este trabajo surge en el a\u00f1o 2006 en el marco del recorrido nacional de la otra campa\u00f1a, hoy despu\u00e9s de estos  a\u00f1os de trabajo el  espacio se ha consolidado como un referente de informaci\u00f3n y distribuci\u00f3n del Caf\u00e9 Tatawelo y diversos productos que emanan de la autogesti\u00f3n tanto de estudiantes organizados como de  cooperativas aut\u00f3nomas (miel, amaranto, galletas de ma\u00edz criollo, empanadas). Adem\u00e1s continuamos trabajando con el firme compromiso de difundir la situaci\u00f3n de los compa\u00f1eros en las comunidades zapatistas y la ola de represi\u00f3n que se vive a lo largo y ancho de nuestro pa\u00eds. Esta es una breve descripci\u00f3n del trabajo que desempe\u00f1amos dentro de la UAM-I, se\u00f1alamos el trabajo en estrecha relaci\u00f3n con el Colectivo de Trabajo los Cafetos compa\u00f1eros adherentes  que distribuyen en el D.F.  y otros estados el caf\u00e9 Tatawelo con conocimiento de la Junta de Buen Gobierno \u201cArco iris de nuestras palabras\u201d Caracol IV Morelia  y en  coordinaci\u00f3n con  la Cooperativa Yochin Tayel K\u2019inal.<\/p>\n<p>Como en todo el territorio nacional el ambiente represivo no es ajeno a esta casa de estudios, en la cual el espacio de la mesa de distribuci\u00f3n e informaci\u00f3n no ha sido ni el primer ni el \u00fanico espacio victima de la violencia con la cual act\u00faan los funcionarios de la UAM. Desde hace unas semanas hemos sido objeto de hostigamiento; primero quitaron los contactos de energ\u00eda el\u00e9ctrica bajo el pretexto de que nos  rob\u00e1bamos la electricidad de la UAM, posteriormente el propio secretario de la UAM-I, el se\u00f1or Comas Rodr\u00edguez se acerc\u00f3 a nuestro espacio para hacer una amenaza directa: que nos fu\u00e9ramos, que  est\u00e1bamos cometiendo robo a la UAM  que ya est\u00e1bamos advertidos, pero esto no fue lo \u00fanico el d\u00eda 14 de marzo, el Consejo Divisional de Ciencias Biol\u00f3gicas  y de la Salud sesion\u00f3 teniendo como uno de sus resolutivos: \u201cApoyar cualquier decisi\u00f3n de la secretaria de la Unidad para evitar el comercio informal dentro de la unidad Iztapalapa.\u201d<\/p>\n<p>Esta \u00faltima parte abre la posibilidad a un desalojo violento por parte de la UAM. Creemos que el trabajo que hemos desempe\u00f1ado primero por compa\u00f1eros ya egresados, y ahora nosotros, es una labor necesaria para la comunidad de esta casa de estudios, ya que no solamente se centra en la distribuci\u00f3n de productos de calidad ofreciendo una alternativa nutricional, sino que ante la gran barrera informativa de que son v\u00edctimas nuestros compa\u00f1eros zapatistas cumple un papel fundamental en el ejercicio universitario. Estamos convencidos de nuestra labor y dispuestos a defender este proyecto organizativo.  Ante esta situaci\u00f3n les pedimos se mantengan pendientes y pedimos su  apoyo en la difusi\u00f3n de esta denuncia, por nuestra parte estamos pr\u00f3ximos a celebrar el 5\u00b0 aniversario del espacio el d\u00eda 23 de marzo de 2011 en el cual tenemos programada una jornada de denuncia y actividades culturales. De igual modo agradecemos a todos aquellos que quieran acompa\u00f1arnos con algunas rolas o actividades diversas que realicen.<\/p>\n<p>Mesa de Caf\u00e9 Zapatista de la UAM-I<\/p>\n<p>Abajo y a la izquierda de la Plaza del Estudiante  <!--:--><\/p>\n","protected":false},"excerpt":{"rendered":"<p>Compa\u00f1eros y compa\u00f1eras: Antes que nada queremos enviarles un cordial y combativo saludo desde las tierras del fuego nuevo, somos estudiantes de la UAM Iztapalapa de diversas licenciaturas (Antropolog\u00eda, Administraci\u00f3n, Bioqu\u00edmica, Psicolog\u00eda Social, Posgrado en Filosof\u00eda) desde hace 5 a\u00f1os en esta unidad de la UAM se ha sostenido el trabajo de distribuci\u00f3n de caf\u00e9 [&hellip;]<\/p>\n","protected":false},"author":1,"featured_media":0,"comment_status":"open","ping_status":"open","sticky":false,"template":"","format":"standard","meta":{"footnotes":""},"categories":[183],"tags":[],"class_list":["post-2189","post","type-post","status-publish","format-standard","hentry","category-blog"],"_links":{"self":[{"href":"https:\/\/radiozapatista.org\/index.php?rest_route=\/wp\/v2\/posts\/2189","targetHints":{"allow":["GET"]}}],"collection":[{"href":"https:\/\/radiozapatista.org\/index.php?rest_route=\/wp\/v2\/posts"}],"about":[{"href":"https:\/\/radiozapatista.org\/index.php?rest_route=\/wp\/v2\/types\/post"}],"author":[{"embeddable":true,"href":"https:\/\/radiozapatista.org\/index.php?rest_route=\/wp\/v2\/users\/1"}],"replies":[{"embeddable":true,"href":"https:\/\/radiozapatista.org\/index.php?rest_route=%2Fwp%2Fv2%2Fcomments&post=2189"}],"version-history":[{"count":0,"href":"https:\/\/radiozapatista.org\/index.php?rest_route=\/wp\/v2\/posts\/2189\/revisions"}],"wp:attachment":[{"href":"https:\/\/radiozapatista.org\/index.php?rest_route=%2Fwp%2Fv2%2Fmedia&parent=2189"}],"wp:term":[{"taxonomy":"category","embeddable":true,"href":"https:\/\/radiozapatista.org\/index.php?rest_route=%2Fwp%2Fv2%2Fcategories&post=2189"},{"taxonomy":"post_tag","embeddable":true,"href":"https:\/\/radiozapatista.org\/index.php?rest_route=%2Fwp%2Fv2%2Ftags&post=2189"}],"curies":[{"name":"wp","href":"https:\/\/api.w.org\/{rel}","templated":true}]}}