{"id":21733,"date":"2017-07-03T10:21:41","date_gmt":"2017-07-03T15:21:41","guid":{"rendered":"https:\/\/radiozapatista.org\/?p=21733"},"modified":"2017-07-03T10:21:41","modified_gmt":"2017-07-03T15:21:41","slug":"comunidad-indigena-de-santa-maria-ostula-se-solidariza-con-la-casa-del-estudiante-vladimir-ilich-lenin","status":"publish","type":"post","link":"https:\/\/radiozapatista.org\/?p=21733","title":{"rendered":"Comunidad ind\u00edgena de Santa Mar\u00eda Ostula se solidariza con la Casa del Estudiante Vladimir Ilich Lenin"},"content":{"rendered":"<p><\/p>\n<aside class=\"post-author\"><time class=\"time\" datetime=\"2017-07-02T11:53:00+00:00\"><\/time><\/aside>\n<aside class=\"boxed-icon comment\"><i class=\"fa fa-facebook\"><\/i> <i class=\"fa fa-twitter\"><\/i>La comunidad ind\u00edgena nahua de Santa Mar\u00eda Ostula saludamos y reconocemos la solidaridad y digna organizaci\u00f3n de las y los compa\u00f1er@s de la Casa del Estudiante Vladimir Ilich Lenin, de Morelia, Michoac\u00e1n.<\/aside>\n<div class=\"post-content-container\">\n<div class=\"post-content entry-content cf\">\n<p>Conocemos sus pasos en el caminar colectivo en el que nos reconocemos desde muchos a\u00f1os de lucha. Conocemos la conciencia que siembra permanentemente en las y los estudiantes de la Casa Lenin, que son un grupo de compa\u00f1er@s en los que confiamos y que tenemos la certeza que como pa\u00eds, como sociedad necesitamos.<\/p>\n<p>Desde nuestra comunidad de Ostula condenamos los intentos de reprimir, desarticular y desaparecer las casas de estudiantes comprometidas con las luchas de los pueblos y desconocemos los reglamentos impuestos desde el a\u00f1o 2012, as\u00ed como las imposiciones que vulneran la autonom\u00eda organizativa y operativa de la casa Lenin, como las supuestas becas individuales que pretenden eliminar las becas colectivas y organizaci\u00f3n comunitaria de esta casa de estudiantes.<\/p>\n<p>Exigimos la regularizaci\u00f3n del presupuesto universitario asignado a la Casa Lenin y que este no sea utilizado por los malos gobiernos para reprimir y debilitar su digna resistencia.<\/p>\n<p>Atentamente A 29 de junio de 2017<\/p>\n<p>Desde el territorio liberado de Xayakalan<\/p>\n<p>Comunidad Ind\u00edgena de Santa Mar\u00eda Ostula, municipio de Aquila, Michoac\u00e1n<\/p>\n<\/div>\n<\/div>\n<p><\/p>","protected":false},"excerpt":{"rendered":"<p>La comunidad ind\u00edgena nahua de Santa Mar\u00eda Ostula saludamos y reconocemos la solidaridad y digna organizaci\u00f3n de las y los compa\u00f1er@s de la Casa del Estudiante Vladimir Ilich Lenin, de Morelia, Michoac\u00e1n. Conocemos sus pasos en el caminar colectivo en el que nos reconocemos desde muchos a\u00f1os de lucha. Conocemos la conciencia que siembra permanentemente [&hellip;]<\/p>\n","protected":false},"author":1,"featured_media":0,"comment_status":"open","ping_status":"closed","sticky":false,"template":"","format":"standard","meta":{"footnotes":""},"categories":[957,954,183],"tags":[63,57,114],"class_list":["post-21733","post","type-post","status-publish","format-standard","hentry","category-autonomia","category-mexico","category-blog","tag-cni","tag-educacion","tag-ostula"],"_links":{"self":[{"href":"https:\/\/radiozapatista.org\/index.php?rest_route=\/wp\/v2\/posts\/21733","targetHints":{"allow":["GET"]}}],"collection":[{"href":"https:\/\/radiozapatista.org\/index.php?rest_route=\/wp\/v2\/posts"}],"about":[{"href":"https:\/\/radiozapatista.org\/index.php?rest_route=\/wp\/v2\/types\/post"}],"author":[{"embeddable":true,"href":"https:\/\/radiozapatista.org\/index.php?rest_route=\/wp\/v2\/users\/1"}],"replies":[{"embeddable":true,"href":"https:\/\/radiozapatista.org\/index.php?rest_route=%2Fwp%2Fv2%2Fcomments&post=21733"}],"version-history":[{"count":0,"href":"https:\/\/radiozapatista.org\/index.php?rest_route=\/wp\/v2\/posts\/21733\/revisions"}],"wp:attachment":[{"href":"https:\/\/radiozapatista.org\/index.php?rest_route=%2Fwp%2Fv2%2Fmedia&parent=21733"}],"wp:term":[{"taxonomy":"category","embeddable":true,"href":"https:\/\/radiozapatista.org\/index.php?rest_route=%2Fwp%2Fv2%2Fcategories&post=21733"},{"taxonomy":"post_tag","embeddable":true,"href":"https:\/\/radiozapatista.org\/index.php?rest_route=%2Fwp%2Fv2%2Ftags&post=21733"}],"curies":[{"name":"wp","href":"https:\/\/api.w.org\/{rel}","templated":true}]}}