{"id":21569,"date":"2017-06-11T18:34:59","date_gmt":"2017-06-11T23:34:59","guid":{"rendered":"https:\/\/radiozapatista.org\/?p=21569"},"modified":"2017-06-11T18:34:59","modified_gmt":"2017-06-11T23:34:59","slug":"cni-la-ofensiva-de-arriba-ante-el-movimiento-de-abajo","status":"publish","type":"post","link":"https:\/\/radiozapatista.org\/?p=21569","title":{"rendered":"CNI: La ofensiva de arriba, ante el movimiento de abajo"},"content":{"rendered":"<p>Los que somos el Congreso Nacional Ind\u00edgena; pueblos, naciones, tribus y barrios ind\u00edgenas de este pa\u00eds, hacemos un llamado a los pueblos de M\u00e9xico ind\u00edgenas y no ind\u00edgenas, a las organizaciones honestas de derechos humanos, a los medios de comunicaci\u00f3n, a la comunidad cient\u00edfica e intelectual a repudiar la escalada represiva contra compa\u00f1eros y compa\u00f1eras de nuestros pueblos donde se han estado nombrando concejales para la integraci\u00f3n del Concejo Ind\u00edgena de Gobierno para M\u00e9xico, lo que representa para nosotros una agresi\u00f3n en contra del CNI y de nuestra propuesta que hemos lanzado a toda la naci\u00f3n, por lo que denunciamos y se\u00f1alamos que:<\/p>\n<p>En Chiapas, crece la hostilidad y grave tensi\u00f3n que los malos gobiernos han generado en el ejido Tila, por caciques ligados grupos paramilitares en su intento por que regrese el mal gobierno a la comunidad, como es el l\u00edder paramilitar de Paz y Justicia Arturo S\u00e1nchez S\u00e1nchez y su hijo Francisco Arturo S\u00e1nchez Mart\u00ednez, quienes realizando disparos y acompa\u00f1ado por mas personas pertenecientes a su organizaci\u00f3n cerraron el acceso al pueblo de Tila; recientemente el d\u00eda 5 de junio de este a\u00f1o, bloquearon la carretera que va de Tila a Salto de Agua frente al hospital integral de Tila y otra parte en la carretera Tila a Yajalon, incluso bloqueando caminos dentro de terrenos ejidales con personas encapuchadas y armadas. La escalada de hostigamientos se agudiz\u00f3 a partir una movilizaci\u00f3n que este grupo realiz\u00f3 el pasado 2 de junio en la ciudad de Tuxtla Guti\u00e9rrez encabezada por partidistas y paramilitares de Paz y Justicia.<\/p>\n<p>Responsabilizamos al mal gobierno en sus tres niveles de lo que pueda ocurrir y llamamos a la solidaridad con nuestros hermanos y hermanas en el ejido Tila.<\/p>\n<p>En el mismo estado, los ricos pretenden arrebatar nuevamente la tierra dignamente recuperada por nuestros hermanos de la comunidad San Francisco, municipio de Teopisca, miembros del grupo de trabajo Semilla Digna, como es el hostigamiento realizado por los ricos Juan Hern\u00e1ndez Molina, Pedro L\u00f3pez Gir\u00f3n y Pedro Hern\u00e1ndez Espinoza. El pasado 4 de junio del presente a\u00f1o se present\u00f3 el se\u00f1or Pedro L\u00f3pez Gir\u00f3n, acompa\u00f1ado por un grupo de aproximadamente de 50 personas que destruyeron violentamente la tranca, alambres de p\u00faas y la cerca del potrero que delimita las tierras recuperadas el pasado 19 de septiembre del 2016. Ese d\u00eda amenazaron a las compa\u00f1eras con violaras sexualmente y amenazaron con desalojar por la noche acompa\u00f1ados por la fuerza p\u00fablica. Condenamos estos cobardes ataques, y exigimos pleno respeto al territorio recuperado por nuestros hermanos de San Francisco y la cancelaci\u00f3n definitiva de las seis ordenes de aprehensi\u00f3n existentes contra nuestros compa\u00f1eros.<\/p>\n<p>Tambi\u00e9n en Chiapas, el pasado 28 de mayo fue allanada la casa de la compa\u00f1era Alejandra Padilla, del grupo de trabajo Semilla Digna, robando una computadora port\u00e1til de su habitaci\u00f3n, en la cual resguardaba informaci\u00f3n sobre el acompa\u00f1amiento que ha hecho a comunidades ind\u00edgenas del CNI en sus luchas, as\u00ed como parte que es del equipo de trabajo del CIDECI- UNITIERRA.<\/p>\n<p>El 22 de mayo de este a\u00f1o a las 05:20 horas, un grupo paramilitar que se identifica como Nuevo Guadalupe Victoria, atac\u00f3 con armas de grueso calibre a un grupo de compa\u00f1eros y compa\u00f1eras de la comunidad de Cruzt\u00f3n, participantes en el CNI, a las 07:00 horas, nuestro compa\u00f1ero Rodrigo Guadalupe Huet G\u00f3mez, sali\u00f3 del lugar donde se resguardaba del ataque para verificar si los agresores se hab\u00edan retirado, cuando recibi\u00f3 un impacto de bala en la sien. Los agresores fueron identificados como provenientes del ejido Guadalupe Victoria.<\/p>\n<p><!--more-->En Quer\u00e9taro exigimos la inmediata libertad de los compa\u00f1eros Otom\u00eds Jer\u00f3nimo S\u00e1nchez y Anselmo Robles delegados del Congreso Nacional Ind\u00edgena, que junto con Pablo Gonz\u00e1lez y Luis Alberto Reyes se encuentran secuestrados por el mal gobierno, por \u00f3rdenes de aprehensi\u00f3n que fueron giradas en su contra por el 9 juzgado Penal de 1\u00aa instancia, por el supuesto delito de ser autor intelectual de mot\u00edn agravado, que no es considerado como grave por lo que alcanzar\u00eda su libertad bajo fianza, derecho que les ha sido negado. Tenemos claro que dichos cargos son para detener la lucha, honestidad y coherencia que han demostrado nuestros compa\u00f1eros.<\/p>\n<p>En Morelos, saludamos la lucha digna del pueblo Nahua de Tepoztl\u00e1n, en contra de la ampliaci\u00f3n de la autopista La Pera \u2013 Cuautla, y repudiamos cualquier intento por reprimir mediante el uso de polic\u00edas o por grupos de choque como el que incursion\u00f3 el 7 de junio de este a\u00f1o, comandados por el ex presidente municipal Gabino R\u00edos para desmontar el plant\u00f3n con la intenci\u00f3n de generar violencia para atacar a nuestros compa\u00f1eros, tanto en la autopista como en el palacio municipal. Compa\u00f1er@s no est\u00e1n solos ni solas.<\/p>\n<p>En el Estado de M\u00e9xico, la comunidad \u00d1uh\u00fa, de Santa Cruz Ayotuxco, municipio de Huixquilucan, enfrentan la destrucci\u00f3n de su territorio en medio de la falta de toda garant\u00eda jur\u00eddica mientras las maquinarias del mal gobierno y las empresas constructoras devastan el bosque otom\u00ed mexica para la construcci\u00f3n de la autopista Toluca \u2013 Naucalpan. A pesar de que desde el pasado 26 de abril de este a\u00f1o, fueron notificados de la suspensi\u00f3n judicial de dicha obra, misma que no ha sido respetada por las autoridades del mal gobierno ni las empresas constructoras, violando as\u00ed sus propias leyes del mal gobierno.<\/p>\n<p>En Michoac\u00e1n, los malos gobiernos mantienen secuestrados a los compa\u00f1eros de la comunidad de Calzontzin, municipio de Uruapan Ram\u00f3n Ortiz Mar\u00edn, Daniel P\u00e9rez Anguiano, Francisco Javier Rodr\u00edguez Amezcua , Lorenzo Aguirre Rangel, Jorge Daniel Oros Cuin, Jos\u00e9 Luis Rangel Rangel, Humberto Romero Martinez, Josu\u00e9 Yair Romero Ortiz, Guillermo Romero Ortiz, Jos\u00e9 Alejandro Esquivel Alvarez, Jos\u00e9 Artemio Zinzun Galv\u00e1n, Juan Zavala Guevara, Jose de Jesus Belmontes Arrollo, Roberto Isidro Jim\u00e9nez, Juan Carlos Rangel Morales, Angrey Ra\u00fal Garc\u00eda Gonz\u00e1lez y J Jesus Magdalena Ch\u00e1vez luego de la represi\u00f3n que hizo el mal gobierno en contra de la comunidad el pasado 24 de febrero. Exigimos la inmediata libertad de nuestros compa\u00f1eros injustamente presos.<\/p>\n<p>En Campeche y Guatemala, denunciamos el despojo y destrucci\u00f3n de sus casas y tierras que tienen en condiciones de desplazamiento forzado a nuestros hermanos mayas kekchi y chu del Pet\u00e9n, Guatemala, a manos de militares que son amparados por supuestos conflictos armados, la devastaci\u00f3n capitalista de los recursos naturales y los latifundios protegidos por los malos gobiernos de aquel pa\u00eds. Lo que ha tra\u00eddo a cientos de hermanos a Candelaria, Campeche, donde montaron un campamento para resistir y visibilizar la guerra capitalista que enfrentan en sus tierras a unos metros de la frontera mexicana.<br \/>\nDenunciamos pues, la agudizaci\u00f3n de la guerra en contra de nuestros pueblos, la tormenta que relampaguea en el cielo y que busca ahora acabar con la esperanza para todos los mexicanos que representa el Concejo Ind\u00edgena de Gobierno y nuestra vocera, de la utilizaci\u00f3n de grupos de choque y grupo paramilitares para golpear la lucha de los pueblos que conformamos el CNI, de la criminalizaci\u00f3n y persecuci\u00f3n de quienes luchan por un mundo justo, desde abajo y a la izquierda.<\/p>\n<p>A quienes piensan que nuestra lucha caer\u00e1 por su represi\u00f3n, les recordamos que este caminar es por la vida y la libertad, y por lo tanto la muerte no la detendr\u00e1 sino todo lo contrario, y seguimos llamando a la sociedad civil a estar consciente, solidaria y atenta a esta lucha, a esta ofensiva, que es por reconstruir la democracia, la libertad y la justicia para todas y todos.<\/p>\n<p style=\"text-align: center;\">Atentamente<\/p>\n<p style=\"text-align: center;\">Junio de 2017<\/p>\n<p style=\"text-align: center;\">Por la Reivindicaci\u00f3n Integral de Nuestros Pueblos<br \/>\nNunca Mas un M\u00e9xico Sin Nosotros<br \/>\nCongreso Nacional Ind\u00edgena<\/p>\n<p><\/p>","protected":false},"excerpt":{"rendered":"<p>Los que somos el Congreso Nacional Ind\u00edgena; pueblos, naciones, tribus y barrios ind\u00edgenas de este pa\u00eds, hacemos un llamado a los pueblos de M\u00e9xico ind\u00edgenas y no ind\u00edgenas, a las organizaciones honestas de derechos humanos, a los medios de comunicaci\u00f3n, a la comunidad cient\u00edfica e intelectual a repudiar la escalada represiva contra compa\u00f1eros y compa\u00f1eras [&hellip;]<\/p>\n","protected":false},"author":1,"featured_media":21570,"comment_status":"open","ping_status":"closed","sticky":false,"template":"","format":"standard","meta":{"footnotes":""},"categories":[6,943,1024,954],"tags":[63,127,23,87,813],"class_list":["post-21569","post","type-post","status-publish","format-standard","has-post-thumbnail","hentry","category-chiapas","category-cni","category-cni-temas","category-mexico","tag-cni","tag-cruzton","tag-paramilitares","tag-represion","tag-san-francisco"],"_links":{"self":[{"href":"https:\/\/radiozapatista.org\/index.php?rest_route=\/wp\/v2\/posts\/21569","targetHints":{"allow":["GET"]}}],"collection":[{"href":"https:\/\/radiozapatista.org\/index.php?rest_route=\/wp\/v2\/posts"}],"about":[{"href":"https:\/\/radiozapatista.org\/index.php?rest_route=\/wp\/v2\/types\/post"}],"author":[{"embeddable":true,"href":"https:\/\/radiozapatista.org\/index.php?rest_route=\/wp\/v2\/users\/1"}],"replies":[{"embeddable":true,"href":"https:\/\/radiozapatista.org\/index.php?rest_route=%2Fwp%2Fv2%2Fcomments&post=21569"}],"version-history":[{"count":0,"href":"https:\/\/radiozapatista.org\/index.php?rest_route=\/wp\/v2\/posts\/21569\/revisions"}],"wp:featuredmedia":[{"embeddable":true,"href":"https:\/\/radiozapatista.org\/index.php?rest_route=\/wp\/v2\/media\/21570"}],"wp:attachment":[{"href":"https:\/\/radiozapatista.org\/index.php?rest_route=%2Fwp%2Fv2%2Fmedia&parent=21569"}],"wp:term":[{"taxonomy":"category","embeddable":true,"href":"https:\/\/radiozapatista.org\/index.php?rest_route=%2Fwp%2Fv2%2Fcategories&post=21569"},{"taxonomy":"post_tag","embeddable":true,"href":"https:\/\/radiozapatista.org\/index.php?rest_route=%2Fwp%2Fv2%2Ftags&post=21569"}],"curies":[{"name":"wp","href":"https:\/\/api.w.org\/{rel}","templated":true}]}}