{"id":21513,"date":"2017-06-07T09:54:38","date_gmt":"2017-06-07T14:54:38","guid":{"rendered":"https:\/\/radiozapatista.org\/?p=21513"},"modified":"2017-06-15T10:27:22","modified_gmt":"2017-06-15T15:27:22","slug":"inscripciones-abiertas-al-festival-comparte-por-la-humanidad-2017","status":"publish","type":"post","link":"https:\/\/radiozapatista.org\/?p=21513","title":{"rendered":"Inscripciones abiertas al Festival &#8220;CompArte por la Humanidad&#8221; 2017"},"content":{"rendered":"<p>En la p\u00e1gina de <a href=\"http:\/\/enlacezapatista.ezln.org.mx\/\" target=\"_blank\">Enlace Zapatista<\/a> se anuncia que ya est\u00e1n abiertas las inscripciones al Festival &#8220;CompArte por la Humanidad&#8221; 2017.<\/p>\n<p>&nbsp;<\/p>\n<table>\n<tbody>\n<tr>\n<td width=\"50%\"><center><img decoding=\"async\" src=\"http:\/\/enlacezapatista.ezln.org.mx\/wp-content\/uploads\/2017\/06\/ajedrez2.jpeg\" alt=\"\" width=\"350\" \/><br \/>\n<small>&#8220;Elige de qu\u00e9 lado est\u00e1s, del lado de la raz\u00f3n, o del lado de la fuerza. Obra colectiva de (autodenominado) arte creado por insurgentas e insurgentes del EZLN. Un saludo al CNI-CIG.<br \/>\nPara el &#8216;Comparte 17&#8217; &#8220;<\/small><\/center><\/td>\n<td style=\"padding: 15px;\"><center><\/p>\n<p>Para el <a href=\"http:\/\/enlacezapatista.ezln.org.mx\/2017\/02\/14\/los-muros-arriba-las-grietas-abajo-y-a-la-izquierda\/\" target=\"_blank\">&#8220;CompArte por la Humanidad&#8221;<\/a>, a celebrarse del 23 al 29 de julio del 2017 en el caracol de Oventik y el CIDECI-UniTierra, pueden escribir a los siguientes correos:<\/p>\n<p>Si quieres participar: <a href=\"mailto:participantescomparte2017@ezln.org.mx\">participantescomparte2017@ezln.org.mx<\/a><br \/>\nSi vas como asistente: <a href=\"mailto:asistentescomparte2017@ezln.org.mx\">asistentescomparte2017@ezln.org.mx<\/a><\/p>\n<p><a href=\"https:\/\/goo.gl\/forms\/FoDTwb4g2efcWvgB3\" target=\"_blank\">Click aqu\u00ed para la hoja de Pre-registro como participante<\/a><\/p>\n<p><\/center><\/td>\n<\/tr>\n<\/tbody>\n<\/table>\n<p>&nbsp;<\/p>","protected":false},"excerpt":{"rendered":"<p>En la p\u00e1gina de Enlace Zapatista se anuncia que ya est\u00e1n abiertas las inscripciones al Festival &#8220;CompArte por la Humanidad&#8221; 2017. &nbsp; &#8220;Elige de qu\u00e9 lado est\u00e1s, del lado de la raz\u00f3n, o del lado de la fuerza. Obra colectiva de (autodenominado) arte creado por insurgentas e insurgentes del EZLN. Un saludo al CNI-CIG. Para [&hellip;]<\/p>\n","protected":false},"author":1,"featured_media":21517,"comment_status":"open","ping_status":"closed","sticky":false,"template":"","format":"standard","meta":{"footnotes":""},"categories":[6,118,955],"tags":[923,111,992,56,926,215],"class_list":["post-21513","post","type-post","status-publish","format-standard","has-post-thumbnail","hentry","category-chiapas","category-ezln","category-ezln-temas","tag-cideci","tag-ciencias-y-artes","tag-comparte","tag-encuentros","tag-ezln","tag-oventic"],"_links":{"self":[{"href":"https:\/\/radiozapatista.org\/index.php?rest_route=\/wp\/v2\/posts\/21513","targetHints":{"allow":["GET"]}}],"collection":[{"href":"https:\/\/radiozapatista.org\/index.php?rest_route=\/wp\/v2\/posts"}],"about":[{"href":"https:\/\/radiozapatista.org\/index.php?rest_route=\/wp\/v2\/types\/post"}],"author":[{"embeddable":true,"href":"https:\/\/radiozapatista.org\/index.php?rest_route=\/wp\/v2\/users\/1"}],"replies":[{"embeddable":true,"href":"https:\/\/radiozapatista.org\/index.php?rest_route=%2Fwp%2Fv2%2Fcomments&post=21513"}],"version-history":[{"count":0,"href":"https:\/\/radiozapatista.org\/index.php?rest_route=\/wp\/v2\/posts\/21513\/revisions"}],"wp:featuredmedia":[{"embeddable":true,"href":"https:\/\/radiozapatista.org\/index.php?rest_route=\/wp\/v2\/media\/21517"}],"wp:attachment":[{"href":"https:\/\/radiozapatista.org\/index.php?rest_route=%2Fwp%2Fv2%2Fmedia&parent=21513"}],"wp:term":[{"taxonomy":"category","embeddable":true,"href":"https:\/\/radiozapatista.org\/index.php?rest_route=%2Fwp%2Fv2%2Fcategories&post=21513"},{"taxonomy":"post_tag","embeddable":true,"href":"https:\/\/radiozapatista.org\/index.php?rest_route=%2Fwp%2Fv2%2Ftags&post=21513"}],"curies":[{"name":"wp","href":"https:\/\/api.w.org\/{rel}","templated":true}]}}