{"id":21376,"date":"2017-05-27T20:00:09","date_gmt":"2017-05-28T01:00:09","guid":{"rendered":"https:\/\/radiozapatista.org\/?p=21376"},"modified":"2017-05-27T20:00:09","modified_gmt":"2017-05-28T01:00:09","slug":"rvsr-bienvenido-el-concejo-indigena-de-gobierno-bienvenida-sea-su-vocera","status":"publish","type":"post","link":"https:\/\/radiozapatista.org\/?p=21376","title":{"rendered":"RvsR: Bienvenido el Concejo Ind\u00edgena de Gobierno, bienvenida sea su vocera."},"content":{"rendered":"<p>Al concejo Ind\u00edgena de Gobierno<\/p>\n<p>Compa\u00f1eras, compa\u00f1eros:<\/p>\n<p>Celebramos este acto de constituci\u00f3n del Concejo Ind\u00edgena de Gobierno, celebramos la organizaci\u00f3n y la pr\u00e1ctica de los pueblos indios con este gran paso y celebramos est\u00e1 irrupci\u00f3n suya que provocar\u00e1, por un lado, la irritaci\u00f3n, incluso el odio, del sector pol\u00edtico de este pa\u00eds, del poder y todas sus expresiones; y, por otro lado, nos muestra que la esperanza no est\u00e1 en las boletas electorales, como mercanc\u00eda que s\u00f3lo se har\u00e1 realidad con la llegada del poder de un candidato, sino con el trabajo, la organizaci\u00f3n, el acuerdo de abajo; nos alienta en la construcci\u00f3n de este otro M\u00e9xico, otro mundo que se gesta desde los pueblos indios y desde el abajo de este dolido pa\u00eds que resiste pese a todo.<\/p>\n<p>Desde la Red contra la Represi\u00f3n y por la Solidaridad, nos mostramos atentos, solidarios, y daremos nuestros mejores esfuerzos para acompa\u00f1arles en este proceso que da inicio en estos d\u00edas de mayo.<\/p>\n<p>Bienvenido sea el Concejo, bienvenida sea su vocera.<\/p>\n<p style=\"text-align: center;\">\u00a1Viva el Congreso Nacional Ind\u00edgena!<br \/>\n\u00a1Viva el Concejo Ind\u00edgena de Gobierno!<\/p>\n<p style=\"text-align: center;\">Contra el despojo y la represi\u00f3n:<br \/>\n\u00a1la solidaridad!<br \/>\nRed Contra la Represi\u00f3n y la Solidaridad<br \/>\n(RvsR)<\/p>\n<p><\/p>","protected":false},"excerpt":{"rendered":"<p>Al concejo Ind\u00edgena de Gobierno Compa\u00f1eras, compa\u00f1eros: Celebramos este acto de constituci\u00f3n del Concejo Ind\u00edgena de Gobierno, celebramos la organizaci\u00f3n y la pr\u00e1ctica de los pueblos indios con este gran paso y celebramos est\u00e1 irrupci\u00f3n suya que provocar\u00e1, por un lado, la irritaci\u00f3n, incluso el odio, del sector pol\u00edtico de este pa\u00eds, del poder y [&hellip;]<\/p>\n","protected":false},"author":1,"featured_media":0,"comment_status":"open","ping_status":"closed","sticky":false,"template":"","format":"standard","meta":{"footnotes":""},"categories":[6,1024,954,183],"tags":[63,214],"class_list":["post-21376","post","type-post","status-publish","format-standard","hentry","category-chiapas","category-cni-temas","category-mexico","category-blog","tag-cni","tag-rvsr"],"_links":{"self":[{"href":"https:\/\/radiozapatista.org\/index.php?rest_route=\/wp\/v2\/posts\/21376","targetHints":{"allow":["GET"]}}],"collection":[{"href":"https:\/\/radiozapatista.org\/index.php?rest_route=\/wp\/v2\/posts"}],"about":[{"href":"https:\/\/radiozapatista.org\/index.php?rest_route=\/wp\/v2\/types\/post"}],"author":[{"embeddable":true,"href":"https:\/\/radiozapatista.org\/index.php?rest_route=\/wp\/v2\/users\/1"}],"replies":[{"embeddable":true,"href":"https:\/\/radiozapatista.org\/index.php?rest_route=%2Fwp%2Fv2%2Fcomments&post=21376"}],"version-history":[{"count":0,"href":"https:\/\/radiozapatista.org\/index.php?rest_route=\/wp\/v2\/posts\/21376\/revisions"}],"wp:attachment":[{"href":"https:\/\/radiozapatista.org\/index.php?rest_route=%2Fwp%2Fv2%2Fmedia&parent=21376"}],"wp:term":[{"taxonomy":"category","embeddable":true,"href":"https:\/\/radiozapatista.org\/index.php?rest_route=%2Fwp%2Fv2%2Fcategories&post=21376"},{"taxonomy":"post_tag","embeddable":true,"href":"https:\/\/radiozapatista.org\/index.php?rest_route=%2Fwp%2Fv2%2Ftags&post=21376"}],"curies":[{"name":"wp","href":"https:\/\/api.w.org\/{rel}","templated":true}]}}