{"id":2127,"date":"2011-03-20T12:01:13","date_gmt":"2011-03-20T18:01:13","guid":{"rendered":"https:\/\/radiozapatista.org\/?p=2127"},"modified":"2011-03-30T20:28:11","modified_gmt":"2011-03-31T02:28:11","slug":"los-generales","status":"publish","type":"post","link":"https:\/\/radiozapatista.org\/?p=2127","title":{"rendered":"Los Generales"},"content":{"rendered":"<p>Extractos del libro Los Generales, coordinado por Rafael Rodr\u00edguez Casta\u00f1eda con el cuerpo de reporteros de la revista proceso, con la producci\u00f3n radiof\u00f3nica de <a href=\"http:\/\/regeneracionradio.org\/index.php?option=com_content&amp;view=section&amp;layout=blog&amp;id=22&amp;Itemid=200086\" target=\"_blank\">Regeneraci\u00f3n Radio<\/a>. En este cap\u00edtulo escucharemos algunos datos del inicio del sexenio de Felipe Calder\u00f3n y su acercamiento con las Fuerzas Armadas el cual tiene varias perspectivas e intereses.[podcast]http:\/\/regeneracionradio.org\/media\/podcast\/Los_GENERALES_1.mp3[\/podcast]<\/p>\n<p>En este cap\u00edtulo conoceremos algunos antecedentes de otros mandatarios mexicanos que han sido cercanos a las Fuerzas Armadas pero \u00bfqu\u00e9 diferencias existen entre estos y nuestro actual presidente? \u00bfCu\u00e1les son los riesgos que existen de tener un presidente que sin antes haber tenido ning\u00fan vinculo con el ejercito ahora sea tan proclive a el?[podcast]http:\/\/regeneracionradio.org\/media\/podcast\/Los_GENERALES_2.mp3[\/podcast]<\/p>","protected":false},"excerpt":{"rendered":"<p>Extractos del libro Los Generales, coordinado por Rafael Rodr\u00edguez Casta\u00f1eda con el cuerpo de reporteros de la revista proceso, con la producci\u00f3n radiof\u00f3nica de Regeneraci\u00f3n Radio. En este cap\u00edtulo escucharemos algunos datos del inicio del sexenio de Felipe Calder\u00f3n y su acercamiento con las Fuerzas Armadas el cual tiene varias perspectivas e intereses.[podcast]http:\/\/regeneracionradio.org\/media\/podcast\/Los_GENERALES_1.mp3[\/podcast] En este [&hellip;]<\/p>\n","protected":false},"author":1,"featured_media":2133,"comment_status":"open","ping_status":"open","sticky":false,"template":"","format":"standard","meta":{"footnotes":""},"categories":[1,51],"tags":[147],"class_list":["post-2127","post","type-post","status-publish","format-standard","has-post-thumbnail","hentry","category-audio","category-autor","tag-militarizacion"],"_links":{"self":[{"href":"https:\/\/radiozapatista.org\/index.php?rest_route=\/wp\/v2\/posts\/2127","targetHints":{"allow":["GET"]}}],"collection":[{"href":"https:\/\/radiozapatista.org\/index.php?rest_route=\/wp\/v2\/posts"}],"about":[{"href":"https:\/\/radiozapatista.org\/index.php?rest_route=\/wp\/v2\/types\/post"}],"author":[{"embeddable":true,"href":"https:\/\/radiozapatista.org\/index.php?rest_route=\/wp\/v2\/users\/1"}],"replies":[{"embeddable":true,"href":"https:\/\/radiozapatista.org\/index.php?rest_route=%2Fwp%2Fv2%2Fcomments&post=2127"}],"version-history":[{"count":0,"href":"https:\/\/radiozapatista.org\/index.php?rest_route=\/wp\/v2\/posts\/2127\/revisions"}],"wp:featuredmedia":[{"embeddable":true,"href":"https:\/\/radiozapatista.org\/index.php?rest_route=\/wp\/v2\/media\/2133"}],"wp:attachment":[{"href":"https:\/\/radiozapatista.org\/index.php?rest_route=%2Fwp%2Fv2%2Fmedia&parent=2127"}],"wp:term":[{"taxonomy":"category","embeddable":true,"href":"https:\/\/radiozapatista.org\/index.php?rest_route=%2Fwp%2Fv2%2Fcategories&post=2127"},{"taxonomy":"post_tag","embeddable":true,"href":"https:\/\/radiozapatista.org\/index.php?rest_route=%2Fwp%2Fv2%2Ftags&post=2127"}],"curies":[{"name":"wp","href":"https:\/\/api.w.org\/{rel}","templated":true}]}}