{"id":21208,"date":"2017-05-11T12:45:13","date_gmt":"2017-05-11T17:45:13","guid":{"rendered":"https:\/\/radiozapatista.org\/?p=21208"},"modified":"2017-05-11T12:45:13","modified_gmt":"2017-05-11T17:45:13","slug":"emma-una-madre-en-huelga-de-hambre-en-chiapas","status":"publish","type":"post","link":"https:\/\/radiozapatista.org\/?p=21208","title":{"rendered":"[:es]Emma; una madre en huelga de hambre en Chiapas[:]"},"content":{"rendered":"<p>[:es]CalleLuz \u00a9 \/ Agencia de Informaci\u00f3n Comunitaria. Tuxtla Guti\u00e9rrez, Chiapas. 10 de mayo.<\/p>\n<p>-lucho por ellos, por mis hijos, por el pueblo de Chiapas, para que haya justicia y un mejor sistema de salud en nuestro estado.<\/p>\n<p>-ahorita me duelen los intestinos, he tenido diarreas. Mis compa\u00f1eras est\u00e1n igual, han sufrido mareos, calambres en el est\u00f3mago, pero no abandonamos esta lucha, ac\u00e1 seguiremos hasta que el gobierno resuelva toda la problem\u00e1tica que envuelve a los hospitales, cl\u00ednicas y centros de salud del estado.<\/p>\n<p>Con pasos pausados, Ema Escobar se acerca al cord\u00f3n de seguridad que divide la calle con el Campamento de la Dignidad, d\u00f3nde, desde hace cinco meses, varios trabajadores del sector salud de Chiapas mantienen un plant\u00f3n y desde hace m\u00e1s de 200 horas, ella junto con nueve compa\u00f1eras m\u00e1s reiniciaron la huelga de hambre, que d\u00edas anteriores hab\u00edan suspendido ante el acercamiento con las autoridades estatales en el que les resolver\u00edan los acuerdos firmados.<\/p>\n<p>Sus ojos se ven adormilados. En esos camastros improvisados hechos de trozos de madera, no puede conciliar el sue\u00f1o, son demasiados duros y duele la espalda aunque haya colocado una gruesa colcha de lana.<\/p>\n<p><a href=\"http:\/\/www.pozol.org\/?attachment_id=15116\" rel=\"attachment wp-att-15116\"><img loading=\"lazy\" decoding=\"async\" class=\"aligncenter size-medium wp-image-15116\" src=\"http:\/\/www.pozol.org\/wp-content\/uploads\/2017\/05\/18342082_1995762703994930_5343643865371133874_n-300x203.jpg\" sizes=\"auto, (max-width: 300px) 100vw, 300px\" srcset=\"http:\/\/www.pozol.org\/wp-content\/uploads\/2017\/05\/18342082_1995762703994930_5343643865371133874_n-300x203.jpg 300w, http:\/\/www.pozol.org\/wp-content\/uploads\/2017\/05\/18342082_1995762703994930_5343643865371133874_n-768x519.jpg 768w, http:\/\/www.pozol.org\/wp-content\/uploads\/2017\/05\/18342082_1995762703994930_5343643865371133874_n-290x195.jpg 290w, http:\/\/www.pozol.org\/wp-content\/uploads\/2017\/05\/18342082_1995762703994930_5343643865371133874_n-500x338.jpg 500w, http:\/\/www.pozol.org\/wp-content\/uploads\/2017\/05\/18342082_1995762703994930_5343643865371133874_n.jpg 960w\" alt=\"\" width=\"300\" height=\"203\" \/><\/a><\/p>\n<p>Emma se recarga sobre el camastro, toma dentro de su bolsa de mano un cuaderno que utiliza como diario y una pluma con tinta roja. El color, lo ha elegido inconscientemente pero junto con el color negro representa para muchos, resistencia y lucha.<\/p>\n<p><!--more-->Es D\u00eda de las Madres, ella no celebra en su casa como cada a\u00f1o lo hace con sus hijos. No se ha maquillado para ir a festejar a alg\u00fan lugar, el peinado que quiz\u00e1 se har\u00eda se reduce a unos prensapelos y una coleta.<\/p>\n<p>Ah\u00ed sentada con el uniforme blanco espera que sus hijos lleguen para abrazarla y acompa\u00f1arla bajo esa abrumante carpa donde domina el color rojo y negro.<\/p>\n<p>-tengo tres hijos, espero que vengan a acompa\u00f1arme, Hoy es el D\u00eda de Las Madres y por primera vez lo pasaremos ac\u00e1 en la calle, bajo el calor\u00f3n. No importa, ac\u00e1 estaremos los cuatro conviviendo.<br \/>\nLo mismo pasa con diez enfermeras m\u00e1s, esperan que sus hijos e incluso nietos las acompa\u00f1en a celebrar, ah\u00ed en ese reducido espacio lleno de colchas, bolsas y consignas en contra del gobierno.<\/p>\n<p><a href=\"http:\/\/www.pozol.org\/?attachment_id=15120\" rel=\"attachment wp-att-15120\"><img loading=\"lazy\" decoding=\"async\" class=\"aligncenter size-medium wp-image-15120\" src=\"http:\/\/www.pozol.org\/wp-content\/uploads\/2017\/05\/18403259_1995762707328263_1666234561768304547_n-300x203.jpg\" sizes=\"auto, (max-width: 300px) 100vw, 300px\" srcset=\"http:\/\/www.pozol.org\/wp-content\/uploads\/2017\/05\/18403259_1995762707328263_1666234561768304547_n-300x203.jpg 300w, http:\/\/www.pozol.org\/wp-content\/uploads\/2017\/05\/18403259_1995762707328263_1666234561768304547_n-768x519.jpg 768w, http:\/\/www.pozol.org\/wp-content\/uploads\/2017\/05\/18403259_1995762707328263_1666234561768304547_n-290x195.jpg 290w, http:\/\/www.pozol.org\/wp-content\/uploads\/2017\/05\/18403259_1995762707328263_1666234561768304547_n-500x338.jpg 500w, http:\/\/www.pozol.org\/wp-content\/uploads\/2017\/05\/18403259_1995762707328263_1666234561768304547_n.jpg 960w\" alt=\"\" width=\"300\" height=\"203\" \/><\/a><\/p>\n<p>Las letras remarcadas en tinta roja quedan ah\u00ed plasmadas en esa libreta. Es la memoria de lo que ha pasado en los d\u00edas de huelga, ah\u00ed escribe el proceso del movimiento y los enga\u00f1os de los que han sido objeto por parte del gobierno.<\/p>\n<p>No sabe si alg\u00fan d\u00eda compartir\u00e1 lo que haya escrito, pero s\u00ed est\u00e1 segura que posteriormente le servir\u00e1 como constancia de su lucha, porque sabe que pasar\u00e1 a la historia de Chiapas como una mujer valiente que junto a sus compa\u00f1eras exigieron mejoras para el sistema de salud en Chiapas.<\/p>\n<p>En los 20 a\u00f1os de servicio como enfermera en el hospital Rafael Pascasio Gamboa ha experimentado historias desagradables, la que m\u00e1s duele, asegura, es ver a muchos familiares de los pacientes angustiados por falta de medicamentos o equipos para la atenci\u00f3n.<\/p>\n<p><a href=\"http:\/\/www.pozol.org\/?attachment_id=15121\" rel=\"attachment wp-att-15121\"><img loading=\"lazy\" decoding=\"async\" class=\"aligncenter size-medium wp-image-15121\" src=\"http:\/\/www.pozol.org\/wp-content\/uploads\/2017\/05\/18342597_1995762700661597_7088159191917031205_n-1-300x209.jpg\" sizes=\"auto, (max-width: 300px) 100vw, 300px\" srcset=\"http:\/\/www.pozol.org\/wp-content\/uploads\/2017\/05\/18342597_1995762700661597_7088159191917031205_n-1-300x209.jpg 300w, http:\/\/www.pozol.org\/wp-content\/uploads\/2017\/05\/18342597_1995762700661597_7088159191917031205_n-1-768x535.jpg 768w, http:\/\/www.pozol.org\/wp-content\/uploads\/2017\/05\/18342597_1995762700661597_7088159191917031205_n-1-500x348.jpg 500w, http:\/\/www.pozol.org\/wp-content\/uploads\/2017\/05\/18342597_1995762700661597_7088159191917031205_n-1.jpg 960w\" alt=\"\" width=\"300\" height=\"209\" \/><\/a><\/p>\n<p>-aparte de ser madre tambi\u00e9n tengo grandes compromisos como enfermera; una de ellas es preservar la vida, respeto hacia el paciente y a la defensa de ese paciente. Nosotras hacemos hasta lo imposible por atenderlos, pero si hace falta lo b\u00e1sico, toda la calidez que ponemos de nuestra parte, no sirve de nada.<\/p>\n<p>-los pacientes tiene que salir a la calle hacerse las radiograf\u00edas. Ac\u00e1 dentro del hospital est\u00e1 el servicio de tomo cirug\u00eda donde no hay ceftriaxona, amikacina, clindamicina, ketorolaco que son medicamentos que m\u00e1s se usan para la atenci\u00f3n del parto.<\/p>\n<p>Han pasado m\u00e1s de 200 horas de ayuno y el gobierno a\u00fan no atiende al cien por ciento sus peticiones; Emma, qui\u00e9n ahora es la segunda de sus compa\u00f1eras en someterse en ayuno total de 12 horas, asegura que el gobierno trata de enga\u00f1ar al pueblo afirmando que ha resuelto la problem\u00e1tica, pero ha sido una soluci\u00f3n a medias.<\/p>\n<p>Uno de los acuerdos firmados en la minuta con el Secretario de Gobierno era finiquitar m\u00e1s de 222 millones de pesos por concepto de prestaciones, sin embargo solamente se hizo un pago de 52 millones de pesos con el cual no se cumple con lo establecido.<\/p>\n<p>-Eso no es un cumplimiento formal, pues ellos se comprometieron a cubrir todo el adeudo y hasta que cumplan con todo ese acuerdo nosotras seguiremos ac\u00e1 en huelga de hambre. Precisa con esa seguridad que se le refleja en la mirada.<\/p>\n<p><a href=\"http:\/\/www.pozol.org\/?attachment_id=15118\" rel=\"attachment wp-att-15118\"><img loading=\"lazy\" decoding=\"async\" class=\"aligncenter size-medium wp-image-15118\" src=\"http:\/\/www.pozol.org\/wp-content\/uploads\/2017\/05\/18342208_1995762787328255_1073668252017452912_n-300x203.jpg\" sizes=\"auto, (max-width: 300px) 100vw, 300px\" srcset=\"http:\/\/www.pozol.org\/wp-content\/uploads\/2017\/05\/18342208_1995762787328255_1073668252017452912_n-300x203.jpg 300w, http:\/\/www.pozol.org\/wp-content\/uploads\/2017\/05\/18342208_1995762787328255_1073668252017452912_n-768x519.jpg 768w, http:\/\/www.pozol.org\/wp-content\/uploads\/2017\/05\/18342208_1995762787328255_1073668252017452912_n-290x195.jpg 290w, http:\/\/www.pozol.org\/wp-content\/uploads\/2017\/05\/18342208_1995762787328255_1073668252017452912_n-500x338.jpg 500w, http:\/\/www.pozol.org\/wp-content\/uploads\/2017\/05\/18342208_1995762787328255_1073668252017452912_n.jpg 960w\" alt=\"\" width=\"300\" height=\"203\" \/><\/a><\/p>\n<p>Con una rosa en la mano izquierda y con la esperanza en el coraz\u00f3n, Emma pasa el D\u00eda de las Madres, se dispone a realizar un aislamiento total dentro de una casa de campa\u00f1a para cumplir con el ayuno de 12 horas.<\/p>\n<p>Asegura que la presi\u00f3n crecer\u00e1, hasta que el gobierno cumpla en su totalidad las demandas.<br \/>\nNo hay texto alternativo autom\u00e1tico disponible.<\/p>\n<p><a href=\"http:\/\/www.pozol.org\/?attachment_id=15122\" rel=\"attachment wp-att-15122\"><img loading=\"lazy\" decoding=\"async\" class=\"aligncenter size-medium wp-image-15122\" src=\"http:\/\/www.pozol.org\/wp-content\/uploads\/2017\/05\/18423757_1995762590661608_1691750862589282578_n-203x300.jpg\" sizes=\"auto, (max-width: 203px) 100vw, 203px\" srcset=\"http:\/\/www.pozol.org\/wp-content\/uploads\/2017\/05\/18423757_1995762590661608_1691750862589282578_n-203x300.jpg 203w, http:\/\/www.pozol.org\/wp-content\/uploads\/2017\/05\/18423757_1995762590661608_1691750862589282578_n-338x500.jpg 338w, http:\/\/www.pozol.org\/wp-content\/uploads\/2017\/05\/18423757_1995762590661608_1691750862589282578_n.jpg 649w\" alt=\"\" width=\"203\" height=\"300\" \/><\/a><\/p>\n<p>Fuente: <a href=\"https:\/\/www.facebook.com\/permalink.php?story_fbid=1995770507327483&amp;id=1987046361533231\" target=\"_blank\">https:\/\/www.facebook.com\/permalink.php?story_fbid=1995770507327483&amp;id=1987046361533231<\/a><br \/>\n[:]<\/p>\n","protected":false},"excerpt":{"rendered":"<p>[:es]CalleLuz \u00a9 \/ Agencia de Informaci\u00f3n Comunitaria. Tuxtla Guti\u00e9rrez, Chiapas. 10 de mayo. -lucho por ellos, por mis hijos, por el pueblo de Chiapas, para que haya justicia y un mejor sistema de salud en nuestro estado. -ahorita me duelen los intestinos, he tenido diarreas. Mis compa\u00f1eras est\u00e1n igual, han sufrido mareos, calambres en el [&hellip;]<\/p>\n","protected":false},"author":1,"featured_media":0,"comment_status":"open","ping_status":"closed","sticky":false,"template":"","format":"standard","meta":{"footnotes":""},"categories":[6,183,196],"tags":[917,152],"class_list":["post-21208","post","type-post","status-publish","format-standard","hentry","category-chiapas","category-blog","category-radio-pozol","tag-chiapas","tag-salud"],"_links":{"self":[{"href":"https:\/\/radiozapatista.org\/index.php?rest_route=\/wp\/v2\/posts\/21208","targetHints":{"allow":["GET"]}}],"collection":[{"href":"https:\/\/radiozapatista.org\/index.php?rest_route=\/wp\/v2\/posts"}],"about":[{"href":"https:\/\/radiozapatista.org\/index.php?rest_route=\/wp\/v2\/types\/post"}],"author":[{"embeddable":true,"href":"https:\/\/radiozapatista.org\/index.php?rest_route=\/wp\/v2\/users\/1"}],"replies":[{"embeddable":true,"href":"https:\/\/radiozapatista.org\/index.php?rest_route=%2Fwp%2Fv2%2Fcomments&post=21208"}],"version-history":[{"count":0,"href":"https:\/\/radiozapatista.org\/index.php?rest_route=\/wp\/v2\/posts\/21208\/revisions"}],"wp:attachment":[{"href":"https:\/\/radiozapatista.org\/index.php?rest_route=%2Fwp%2Fv2%2Fmedia&parent=21208"}],"wp:term":[{"taxonomy":"category","embeddable":true,"href":"https:\/\/radiozapatista.org\/index.php?rest_route=%2Fwp%2Fv2%2Fcategories&post=21208"},{"taxonomy":"post_tag","embeddable":true,"href":"https:\/\/radiozapatista.org\/index.php?rest_route=%2Fwp%2Fv2%2Ftags&post=21208"}],"curies":[{"name":"wp","href":"https:\/\/api.w.org\/{rel}","templated":true}]}}