{"id":21087,"date":"2017-04-24T07:58:24","date_gmt":"2017-04-24T12:58:24","guid":{"rendered":"https:\/\/radiozapatista.org\/?p=21087"},"modified":"2019-03-26T10:08:54","modified_gmt":"2019-03-26T16:08:54","slug":"gustavo-esteva-la-finca-amurallada","status":"publish","type":"post","link":"https:\/\/radiozapatista.org\/?p=21087","title":{"rendered":"Gustavo Esteva: La finca amurallada"},"content":{"rendered":"<p>Por Gustavo Esteva | <a href=\"http:\/\/www.jornada.unam.mx\/2017\/04\/24\/opinion\/016a1pol\" target=\"_blank\">La Jornada<\/a><\/p>\n<p>Nuestras formas de entender lo que pasa se vuelven r\u00e1pidamente obsoletas, ante hechos sin precedente que no encajan en el marco mental dominante. Lo mismo ocurre con luchas convencionales, que se vuelven ineficaces o hasta contraproducentes. Al mismo tiempo, como se est\u00e1n sacudiendo hasta sus cimientos las anquilosadas estructuras dominantes y entran en crisis creencias muy arraigadas, aparecen peligrosas reacciones fundamentalistas. La confusi\u00f3n aumenta.<\/p>\n<p>Necesitamos velas que nos permitan ver en esta oscuridad. Las que se prendieron la semana pasada en el seminario de reflexi\u00f3n cr\u00edtica, <em>Los muros del capital, las grietas de la izquierda, <\/em>convocado por el Ej\u00e9rcito Zapatista de Liberaci\u00f3n Nacional, iluminan muchos aspectos de la compleja realidad que enfrentamos, cada vez m\u00e1s violenta y c\u00ednica.<\/p>\n<p>El 12 de abril el <em>subcomandante insurgente Mois\u00e9s <\/em>explic\u00f3 c\u00f3mo y por qu\u00e9 <q>el mundo capitalista es una finca amurallada<\/q>. Narr\u00f3 lo que le platicaron abuelos y abuelas, bisabuelos y bisabuelas. En tiempos como \u00e9stos, necesitamos mirar al pasado para poder otear el porvenir.<\/p>\n<p>Recordaron ellas y ellos c\u00f3mo era trabajar en las fincas, hacer la tarea, sufrir el castigo de caporales, mayordomos, capataces\u2026 C\u00f3mo el patr\u00f3n \u2013el due\u00f1o\u2013 se disfraza a veces de soldado. Y c\u00f3mo la resistencia a todo esto no lleg\u00f3 muy lejos cuando se colgaron de alguien que los encabezara, por lo que tuvieron que aprender a hacerlo en colectivo.<\/p>\n<p>De todo eso platic\u00f3 el <em>subcomandante Mois\u00e9s<\/em>, porque las, los zapatistas ven \u201cque hoy estamos entrando de nuevo en esto. En el capitalismo de hoy no existen pa\u00edses [\u2026] Lo va a convertir en finca el mundo. Los va a hacer en pedazos, como de por s\u00ed as\u00ed est\u00e1 [\u2026] Va a ser un grupo nada m\u00e1s de patrones-gobierno [\u2026] El que manda ya no es el que manda. El que manda son el patr\u00f3n capitalista [\u2026] Esos gobiernos [\u2026] son capataces. Los mayordomos: los gobernadores. Los presidentes municipales son los caporales. Todo est\u00e1 al servicio del capitalismo\u201d (<a href=\"http:\/\/enlacezapatista.ezln.org.mx\" target=\"_blank\">http:\/\/enlacezapatista.ezln.org.mx<\/a>).<\/p>\n<p><!--more-->La disputa por los recursos p\u00fablicos es parte de la lucha social y pol\u00edtica. Por muchos a\u00f1os, m\u00faltiples grupos concentraban sus empe\u00f1os en conseguir recursos del gobierno e influir en la orientaci\u00f3n de pol\u00edticas y programas. Tenemos que seguirlo haciendo, especialmente para resistir lo que hacen los gobiernos. Pero debemos tener presente que estamos ante una nueva situaci\u00f3n. De un lado, los gobiernos han aprendido a hacer caso omiso de las reivindicaciones populares, no importa cu\u00e1nta presi\u00f3n se ejerza sobre ellos. De otro lado, los llamados <q>programas sociales<\/q> son instrumentos de control y manipulaci\u00f3n. Buscan la domesticaci\u00f3n de la gente y en muchos casos tienen car\u00e1cter contrainsurgente. El despojo que ca\u00adracteriza la fase actual de acumulaci\u00f3n de capital y abarca desde los territorios ind\u00edgenas hasta los derechos de los trabajadores se realiza con el respaldo de todos los medios legales e ilegales de los gobiernos. El <q>Estado-naci\u00f3n<\/q> mismo, que fue arena privilegiada de expansi\u00f3n del capital, es hoy obst\u00e1culo para el capital globalizado, que lo ha estado desmantelando.Debemos tomar en cuenta todo eso al concebir y organizar las luchas actuales.<\/p>\n<p>Adem\u00e1s, debemos actuar a sabiendas de que el capitalismo, como nos dicen los zapatistas, est\u00e1 convirtiendo en finca el mundo. Transforma a todos los gobiernos en meros administradores de pedazos de esa finca. Reciben migajas del pastel por cumplir su funci\u00f3n, sea directamente, con la malversaci\u00f3n de los recursos p\u00fablicos, o indirectamente, con operaciones como la del <em>narco<\/em>.<\/p>\n<p>La disputa electoral, bajo estas condiciones, se libra entre quienes aspiran a convertirse en capataces, mayordomos o caporales. Ninguno de ellos ser\u00e1 patr\u00f3n. Estar\u00e1n a las \u00f3rdenes de los due\u00f1os nacionales y trasnacionales, que han convertido lo que a\u00fan llamamos <q>Estado<\/q> en una sociedad an\u00f3nima en que los partidos representan a grupos de accionistas, no a la gente. Se re\u00fanen peri\u00f3dicamente para elegir un consejo de administraci\u00f3n al servicio de un patr\u00f3n, del capital, que tiene cada vez m\u00e1s car\u00e1cter trasnacional.<\/p>\n<p><q>\u00bfQu\u00e9 vamos a hacer?&#8230; El mundo se va a convertir, quiere convertirlo en su finca el capitalismo. \u00bfQu\u00e9 vamos a hacer?<\/q>, nos pregunta el <em>sub Mois\u00e9s<\/em>. <q>V\u00e9anlo donde viven, donde est\u00e1n, si no est\u00e1n ah\u00ed en la mierda del capitalismo y qu\u00e9 hacer ah\u00ed con eso. Porque eso es lo que est\u00e1 haciendo el capitalismo ahora<\/q>.<\/p>\n<p>Las elecciones en el estado de M\u00e9xico se llenan cada vez m\u00e1s de palabras vac\u00edas, de promesas y de trampas. Tienen claramente un car\u00e1cter nacional. \u00bfTiene sentido seguir jugando ese juego? \u00bfPodemos todav\u00eda poner los huevos en esa canasta, con la ilusi\u00f3n de <q>recuperar el Estado<\/q>, meros pedazos de la finca? \u00bfDebemos participar en la elecci\u00f3n de caporales, mayordomos o capataces con la ilusi\u00f3n, alimentada contra toda experiencia, de que los nuevos har\u00e1n menos agresiva y da\u00f1ina la administraci\u00f3n de la finca?<\/p>\n<p>Hasta hace poco tiempo no parec\u00eda haber opci\u00f3n. Se votaba por el menos malo o para evitar que llegara alguien peor. Pero hoy existe un camino alternativo. La resistencia organizada toma ya forma y perfil. La respuesta est\u00e1 en el aire. Viene de abajo.<\/p>\n<p><a href=\"mailto:gustavoesteva@gmail.com\">gustavoesteva@gmail.com<\/a><\/p>\n<p><\/p>","protected":false},"excerpt":{"rendered":"<p>Por Gustavo Esteva | La Jornada Nuestras formas de entender lo que pasa se vuelven r\u00e1pidamente obsoletas, ante hechos sin precedente que no encajan en el marco mental dominante. Lo mismo ocurre con luchas convencionales, que se vuelven ineficaces o hasta contraproducentes. Al mismo tiempo, como se est\u00e1n sacudiendo hasta sus cimientos las anquilosadas estructuras [&hellip;]<\/p>\n","protected":false},"author":1,"featured_media":0,"comment_status":"open","ping_status":"closed","sticky":false,"template":"","format":"standard","meta":{"footnotes":""},"categories":[6,955,183],"tags":[56,926,1107,897,657],"class_list":["post-21087","post","type-post","status-publish","format-standard","hentry","category-chiapas","category-ezln-temas","category-blog","tag-encuentros","tag-ezln","tag-muros-y-grietas","tag-pensamiento-critico","tag-subcomandante-moises"],"_links":{"self":[{"href":"https:\/\/radiozapatista.org\/index.php?rest_route=\/wp\/v2\/posts\/21087","targetHints":{"allow":["GET"]}}],"collection":[{"href":"https:\/\/radiozapatista.org\/index.php?rest_route=\/wp\/v2\/posts"}],"about":[{"href":"https:\/\/radiozapatista.org\/index.php?rest_route=\/wp\/v2\/types\/post"}],"author":[{"embeddable":true,"href":"https:\/\/radiozapatista.org\/index.php?rest_route=\/wp\/v2\/users\/1"}],"replies":[{"embeddable":true,"href":"https:\/\/radiozapatista.org\/index.php?rest_route=%2Fwp%2Fv2%2Fcomments&post=21087"}],"version-history":[{"count":1,"href":"https:\/\/radiozapatista.org\/index.php?rest_route=\/wp\/v2\/posts\/21087\/revisions"}],"predecessor-version":[{"id":31107,"href":"https:\/\/radiozapatista.org\/index.php?rest_route=\/wp\/v2\/posts\/21087\/revisions\/31107"}],"wp:attachment":[{"href":"https:\/\/radiozapatista.org\/index.php?rest_route=%2Fwp%2Fv2%2Fmedia&parent=21087"}],"wp:term":[{"taxonomy":"category","embeddable":true,"href":"https:\/\/radiozapatista.org\/index.php?rest_route=%2Fwp%2Fv2%2Fcategories&post=21087"},{"taxonomy":"post_tag","embeddable":true,"href":"https:\/\/radiozapatista.org\/index.php?rest_route=%2Fwp%2Fv2%2Ftags&post=21087"}],"curies":[{"name":"wp","href":"https:\/\/api.w.org\/{rel}","templated":true}]}}