{"id":20938,"date":"2017-04-14T11:29:44","date_gmt":"2017-04-14T16:29:44","guid":{"rendered":"https:\/\/radiozapatista.org\/?p=20938"},"modified":"2017-04-14T11:30:37","modified_gmt":"2017-04-14T16:30:37","slug":"el-enemigo-capitalista-no-va-dejar-que-el-pueblo-mande-ezln-seminario-los-muros-del-capital","status":"publish","type":"post","link":"https:\/\/radiozapatista.org\/?p=20938","title":{"rendered":"\u201cEl enemigo capitalista no va dejar que el pueblo mande\u201d, EZLN; seminario Los muros del capital"},"content":{"rendered":"<p><a href=\"http:\/\/www.pozol.org\/?attachment_id=14905\" rel=\"attachment wp-att-14905\"><img loading=\"lazy\" decoding=\"async\" class=\"aligncenter size-medium wp-image-14905\" src=\"http:\/\/www.pozol.org\/wp-content\/uploads\/2017\/04\/SAM_1606-300x225.jpg\" sizes=\"auto, (max-width: 300px) 100vw, 300px\" srcset=\"http:\/\/www.pozol.org\/wp-content\/uploads\/2017\/04\/SAM_1606-300x225.jpg 300w, http:\/\/www.pozol.org\/wp-content\/uploads\/2017\/04\/SAM_1606-768x576.jpg 768w, http:\/\/www.pozol.org\/wp-content\/uploads\/2017\/04\/SAM_1606.jpg 1024w, http:\/\/www.pozol.org\/wp-content\/uploads\/2017\/04\/SAM_1606-500x375.jpg 500w\" alt=\"\" width=\"300\" height=\"225\" \/><\/a><\/p>\n<p>San Crist\u00f3bal, Chiapas. 13 de abril. \u201cLos migrantes no se fueron por que quisieron, sino porque ya no pudieron estar en su finca, mejor conocida como pa\u00eds\u201d, expuso esta noche el subcomandante Mois\u00e9s, al reiterar su apoyo a los que han emigrado a los Estados Unidos, debido a la pobreza y violencia en su lugar de origen; donde los explotan, reprimen y despojan como en una finca de hace 100 a\u00f1os. Dichas declaraciones las expres\u00f3 el insurgente chiapaneco en el segundo d\u00eda del seminario \u201cLos muros del capital, las grietas de la izquierda\u201d, en el Cideci Unitierra, Chiapas.<\/p>\n<p>\u201cHay que apoyar a quienes nos apoyaron. Nos toca ahora decirles que luchen con resistencia y rebeld\u00eda\u201d, es como explic\u00f3 Mois\u00e9s, el por qu\u00e9 se solidarizan con la sociedad discriminada y explotada. Ell@s nos ayudaron hace 23 a\u00f1os despu\u00e9s de nuestro levantamiento, abund\u00f3 el vocero zapatista e inform\u00f3 que apoyar\u00e1n a las y los migrantes en la uni\u00f3n americana con los ingresos de la venta de 3791 kilos de caf\u00e9.<\/p>\n<p>El ind\u00edgena zapatista convoc\u00f3 nuevamente a la sociedad a organizarse por que \u201cel enemigo capitalista no va dejar que el pueblo mande\u201d. \u201cEl enemigo no va a negociar y decir, te voy a medio explotar\u201d, puntualiz\u00f3 el subcomandante. \u201cNecesitamos ayudarnos entre los de abajo, para demostrar que no necesitamos a los que dan apoyo condicionado\u201d, agreg\u00f3 Mois\u00e9s, en referencia al gobierno y partidos pol\u00edticos. \u201chay que reorganizarnos, reeducar lo que ya cre\u00edamos que estaba educado\u201d, convoc\u00f3.<\/p>\n<p><a href=\"http:\/\/www.pozol.org\/?attachment_id=14906\" rel=\"attachment wp-att-14906\"><img loading=\"lazy\" decoding=\"async\" class=\"aligncenter size-medium wp-image-14906\" src=\"http:\/\/www.pozol.org\/wp-content\/uploads\/2017\/04\/SAM_1563-300x225.jpg\" sizes=\"auto, (max-width: 300px) 100vw, 300px\" srcset=\"http:\/\/www.pozol.org\/wp-content\/uploads\/2017\/04\/SAM_1563-300x225.jpg 300w, http:\/\/www.pozol.org\/wp-content\/uploads\/2017\/04\/SAM_1563-768x576.jpg 768w, http:\/\/www.pozol.org\/wp-content\/uploads\/2017\/04\/SAM_1563.jpg 1024w, http:\/\/www.pozol.org\/wp-content\/uploads\/2017\/04\/SAM_1563-500x375.jpg 500w\" alt=\"\" width=\"300\" height=\"225\" \/><\/a><\/p>\n<p>Por su parte el historiador Carlos Aguirre Rojas, con su ponencia \u201csituaci\u00f3n de Am\u00e9rica latina, vista desde abajo y a la izquierda\u201d, invit\u00f3 a aprender lo que los zapatistas han ense\u00f1ado, que es a mirar el mundo desde abajo y a la izquierda. \u201cNo podemos entender el capitalismo del siglo XXI, sin apoyarnos en la teor\u00eda del valor y de la historia de Marx\u201d, tambi\u00e9n agreg\u00f3 el acad\u00e9mico.<\/p>\n<p>\u00bfC\u00f3mo podemos ver el arriba de la Am\u00e9rica latina?, inici\u00f3 preguntando el investigador social, a lo que respondi\u00f3 que existen dos elementos. El primero son los Estados: los cuales pueden ser de ultra derecha, como el de Pe\u00f1a Nieto, que son antinacionales, entreguistas, represores y anticulturales; o pueden ser Estados denominados \u201cprogresistas\u201d, como en Venezuela, Bolivia o Ecuador, que en un inicio no apuestan a la represi\u00f3n sino a la cooptaci\u00f3n, y que a pesar de su discurso son profundamente pro-capitalistas, como en el caso de L\u00f3pez Obrador, expuso.<\/p>\n<p>Otra de los cuestionamientos hechos por Aguirre Rojas fue \u00bfc\u00f3mo se presenta el cuadro de los de arriba?, respondiendo con la analog\u00eda hecha por el subcomandante Mois\u00e9s, el d\u00eda de ayer, en la que los pa\u00edses han pasado a ser como fincas a cargo de la burgues\u00eda internacional, la cual no le interesa su merca do interno y son antinacionalistas, citando el caso de Carlos Slim en M\u00e9xico. \u201cEl Estado es parte del arriba, siempre ser\u00e1 el enemigo\u201d, evidenci\u00f3 el historiador, por lo que recomend\u00f3 que en su lugar se ponga un gobierno como el de los zapatistas, que mande obedeciendo.<\/p>\n<p><a href=\"http:\/\/www.pozol.org\/?attachment_id=14903\" rel=\"attachment wp-att-14903\"><img loading=\"lazy\" decoding=\"async\" class=\"aligncenter size-medium wp-image-14903\" src=\"http:\/\/www.pozol.org\/wp-content\/uploads\/2017\/04\/17918792_1851662711775242_1108912408_n-300x200.jpg\" sizes=\"auto, (max-width: 300px) 100vw, 300px\" srcset=\"http:\/\/www.pozol.org\/wp-content\/uploads\/2017\/04\/17918792_1851662711775242_1108912408_n-300x200.jpg 300w, http:\/\/www.pozol.org\/wp-content\/uploads\/2017\/04\/17918792_1851662711775242_1108912408_n-768x512.jpg 768w, http:\/\/www.pozol.org\/wp-content\/uploads\/2017\/04\/17918792_1851662711775242_1108912408_n-500x333.jpg 500w, http:\/\/www.pozol.org\/wp-content\/uploads\/2017\/04\/17918792_1851662711775242_1108912408_n.jpg 960w\" alt=\"\" width=\"300\" height=\"200\" \/><\/a><\/p>\n<p>En la sesi\u00f3n de esta noche tambi\u00e9n estuvo el soci\u00f3logo Arturo Anguiano, quien destac\u00f3 el car\u00e1cter reivindicativo de la lucha de los pueblos contra las pol\u00edticas neoliberales de los gobiernos. Hay gobiernos que no pueden definirse como progresistas ni de izquierda, porque permiten el extractivismo minero y los agronegocios, que dejan a un lado los par\u00e1metros de sustentabilidad y destruyen el medio ambiente, se\u00f1al\u00f3 el investigador social.<\/p>\n<p>\u00bfQu\u00e9 verdaderamente se puede caracterizar como izquierda?, pregunt\u00f3 Anguiano, indicando que solo aquello que ataque la discriminaci\u00f3n, el despojo, la opresi\u00f3n, es decir acabar con el capitalismo. \u201cNo puede haber m\u00e1s izquierda que la anticapitalista, la de abajo, con pueblos originarios, campesinos, proletarios, en donde se luche contra el poder y el capital, por una igualdad verdadera, por la autogesti\u00f3n y autonom\u00eda\u201d, expuso.<\/p>\n<p>Para el d\u00eda de ma\u00f1ana viernes a las 16:00 hrs. se contar\u00e1 con la participaci\u00f3n de Paulina Fern\u00e1ndez y Magda G\u00f3mez. Posteriormente a las 19:00 hrs, dar\u00e1n su palabra Alicia Castellanos, Luis Hern\u00e1ndez Navarro y la Comisi\u00f3n Sexta del EZLN, a l@s cuales se podr\u00e1 sintonizar por la p\u00e1gina enlacezapatista.ezln.org.mx<\/p>\n<p>AUDIOS: <a href=\"https:\/\/radiozapatista.org\/?p=20824\">https:\/\/radiozapatista.org\/?p=20824<\/a><\/p>\n<p>Fotos: \u00c1rea de Comunicaci\u00f3n Abejas de Acteal y Pozol<\/p>\n<p><a href=\"http:\/\/espoirchiapas.blogspot.mx\/2017\/04\/sub-moises-anuncia-casi-4-toneladas-de.html\" target=\"_blank\">Sub Mois\u00e9s anuncia casi 4 toneladas de caf\u00e9 para los herman@s migrantes de EEUU<\/a><\/p>","protected":false},"excerpt":{"rendered":"<p>San Crist\u00f3bal, Chiapas. 13 de abril. \u201cLos migrantes no se fueron por que quisieron, sino porque ya no pudieron estar en su finca, mejor conocida como pa\u00eds\u201d, expuso esta noche el subcomandante Mois\u00e9s, al reiterar su apoyo a los que han emigrado a los Estados Unidos, debido a la pobreza y violencia en su lugar [&hellip;]<\/p>\n","protected":false},"author":1,"featured_media":0,"comment_status":"open","ping_status":"closed","sticky":false,"template":"","format":"standard","meta":{"footnotes":""},"categories":[957,6,955,183,196],"tags":[917,923,56,926,1107,897],"class_list":["post-20938","post","type-post","status-publish","format-standard","hentry","category-autonomia","category-chiapas","category-ezln-temas","category-blog","category-radio-pozol","tag-chiapas","tag-cideci","tag-encuentros","tag-ezln","tag-muros-y-grietas","tag-pensamiento-critico"],"_links":{"self":[{"href":"https:\/\/radiozapatista.org\/index.php?rest_route=\/wp\/v2\/posts\/20938","targetHints":{"allow":["GET"]}}],"collection":[{"href":"https:\/\/radiozapatista.org\/index.php?rest_route=\/wp\/v2\/posts"}],"about":[{"href":"https:\/\/radiozapatista.org\/index.php?rest_route=\/wp\/v2\/types\/post"}],"author":[{"embeddable":true,"href":"https:\/\/radiozapatista.org\/index.php?rest_route=\/wp\/v2\/users\/1"}],"replies":[{"embeddable":true,"href":"https:\/\/radiozapatista.org\/index.php?rest_route=%2Fwp%2Fv2%2Fcomments&post=20938"}],"version-history":[{"count":0,"href":"https:\/\/radiozapatista.org\/index.php?rest_route=\/wp\/v2\/posts\/20938\/revisions"}],"wp:attachment":[{"href":"https:\/\/radiozapatista.org\/index.php?rest_route=%2Fwp%2Fv2%2Fmedia&parent=20938"}],"wp:term":[{"taxonomy":"category","embeddable":true,"href":"https:\/\/radiozapatista.org\/index.php?rest_route=%2Fwp%2Fv2%2Fcategories&post=20938"},{"taxonomy":"post_tag","embeddable":true,"href":"https:\/\/radiozapatista.org\/index.php?rest_route=%2Fwp%2Fv2%2Ftags&post=20938"}],"curies":[{"name":"wp","href":"https:\/\/api.w.org\/{rel}","templated":true}]}}