{"id":20879,"date":"2017-04-13T08:22:14","date_gmt":"2017-04-13T13:22:14","guid":{"rendered":"https:\/\/radiozapatista.org\/?p=20879"},"modified":"2017-04-13T08:22:14","modified_gmt":"2017-04-13T13:22:14","slug":"santa-maria-ostula-solidaridad-con-arantepacua","status":"publish","type":"post","link":"https:\/\/radiozapatista.org\/?p=20879","title":{"rendered":"Santa Mar\u00eda Ostula: Solidaridad con Arantepacua"},"content":{"rendered":"<p>A los hermanos y hermanas de Arantepacua.<br \/>\nA la sociedad civil en general<br \/>\nA Los medios de comunicaci\u00f3n<\/p>\n<p>Reciban un saludo respetuoso, combativo y fraterno, sepan que en la comunidad ind\u00edgena Nahua de Santa Mar\u00eda Ostula, municipio de Aquila, Michoac\u00e1n, tienen amigos que estamos y estaremos con ustedes en su dolor y en su lucha. Nos duelen, como nuestros, los compa\u00f1eros comuneros pur\u00e9pechas que fueron cobardemente asesinados por la polic\u00eda represora de Silvano Aureoles.<\/p>\n<p>Nos duele porque conocemos el dolor y la rabia que se siente al ver un ni\u00f1o muerto por las balas asesinas del gobierno que responde con descaro y cinismo. Nos duele porque conocemos el miedo que queda en la mirada de los ni\u00f1os que crecen sinti\u00e9ndose amenazados. Nos duele porque conocemos la profunda corrupci\u00f3n criminal del gobierno.<\/p>\n<p>Nos sumamos a la exigencia de castigo a Silvano Aureoles, as\u00ed como a todos los mandos pol\u00edticos, policiacos y militares que orquestaron la masacre en contra de la comunidad de Arantepacua y hacemos nuestra la exigencia de libertad inmediata de todos los comuneros detenidos.<\/p>\n<p>Condenamos la cobarde forma de hacer pol\u00edtica del gobierno del estado de Michocac\u00e1n, que est\u00e1 lleno simulaci\u00f3n, criminalizaci\u00f3n, asesinatos y atemorizaci\u00f3n de los pueblos. Es decir, condenamos la traici\u00f3n en todas sus formas.<\/p>\n<p>Condenamos el terrorismo de Estado operado por \u00a0los gobiernos de todos los niveles en las comunidades ind\u00edgenas de Michoac\u00e1n a trav\u00e9s del uso del ej\u00e9rcito en contra de la poblaci\u00f3n civil y exigimos la inmediata salida de militares y polic\u00edas del territorio de Arantepacua.<\/p>\n<p align=\"center\">Atentamente<\/p>\n<p align=\"center\">Abril de 2017<\/p>\n<p align=\"center\">Comunidad de Santa Mar\u00eda Ostula<\/p>\n<p><\/p>","protected":false},"excerpt":{"rendered":"<p>A los hermanos y hermanas de Arantepacua. A la sociedad civil en general A Los medios de comunicaci\u00f3n Reciban un saludo respetuoso, combativo y fraterno, sepan que en la comunidad ind\u00edgena Nahua de Santa Mar\u00eda Ostula, municipio de Aquila, Michoac\u00e1n, tienen amigos que estamos y estaremos con ustedes en su dolor y en su lucha. [&hellip;]<\/p>\n","protected":false},"author":1,"featured_media":0,"comment_status":"open","ping_status":"closed","sticky":false,"template":"","format":"standard","meta":{"footnotes":""},"categories":[954,183],"tags":[114,531,545,87,27],"class_list":["post-20879","post","type-post","status-publish","format-standard","hentry","category-mexico","category-blog","tag-ostula","tag-policia","tag-pueblos-indigenas","tag-represion","tag-solidaridad"],"_links":{"self":[{"href":"https:\/\/radiozapatista.org\/index.php?rest_route=\/wp\/v2\/posts\/20879","targetHints":{"allow":["GET"]}}],"collection":[{"href":"https:\/\/radiozapatista.org\/index.php?rest_route=\/wp\/v2\/posts"}],"about":[{"href":"https:\/\/radiozapatista.org\/index.php?rest_route=\/wp\/v2\/types\/post"}],"author":[{"embeddable":true,"href":"https:\/\/radiozapatista.org\/index.php?rest_route=\/wp\/v2\/users\/1"}],"replies":[{"embeddable":true,"href":"https:\/\/radiozapatista.org\/index.php?rest_route=%2Fwp%2Fv2%2Fcomments&post=20879"}],"version-history":[{"count":0,"href":"https:\/\/radiozapatista.org\/index.php?rest_route=\/wp\/v2\/posts\/20879\/revisions"}],"wp:attachment":[{"href":"https:\/\/radiozapatista.org\/index.php?rest_route=%2Fwp%2Fv2%2Fmedia&parent=20879"}],"wp:term":[{"taxonomy":"category","embeddable":true,"href":"https:\/\/radiozapatista.org\/index.php?rest_route=%2Fwp%2Fv2%2Fcategories&post=20879"},{"taxonomy":"post_tag","embeddable":true,"href":"https:\/\/radiozapatista.org\/index.php?rest_route=%2Fwp%2Fv2%2Ftags&post=20879"}],"curies":[{"name":"wp","href":"https:\/\/api.w.org\/{rel}","templated":true}]}}