{"id":2084,"date":"2011-03-16T19:45:10","date_gmt":"2011-03-17T01:45:10","guid":{"rendered":"https:\/\/radiozapatista.org\/?p=2084"},"modified":"2012-08-07T10:28:43","modified_gmt":"2012-08-07T15:28:43","slug":"encuentro-%e2%80%9ccon-la-memoria-los-pueblos-construimos-justicia-y-verdad%e2%80%9d","status":"publish","type":"post","link":"https:\/\/radiozapatista.org\/?p=2084","title":{"rendered":"Encuentro \u201cCon la memoria, los pueblos construimos justicia y verdad\u201d"},"content":{"rendered":"<p><\/p>\n<p style=\"text-align: center;\"><strong>Encuentro \u201cCON LA MEMORIA, LOS PUEBLOS CONSTRUIMOS JUSTICIA Y VERDAD\u201d <\/strong><\/p>\n<p style=\"text-align: center;\"><strong>16 Y 17 DE MARZO de 2011 en el CIDECI\/UniTierra<br \/>\nSan Crist\u00f3bal de Las Casas, Chiapas<br \/>\n<\/strong><\/p>\n<p style=\"text-align: left;\"><strong><a href=\"https:\/\/radiozapatista.org\/?p=2099\">Lee el PRONUNCIAMIENTO del Encuentro<\/a> (17 de marzo)<\/strong><\/p>\n<p style=\"text-align: left;\"><strong>Mi\u00e9rcoles 16 de marzo:<\/strong><\/p>\n<p><strong>Tema 1: Impunidad y nuevas formas de construir justicia<\/strong><\/p>\n<p><em>1. Polic\u00eda Comunitaria de Guerrero<\/em><\/p>\n<p><em>2. Organizaci\u00f3n Civil Las Abejas de Acteal<\/em><\/p>\n<p style=\"padding-left: 30px;\">Testimonio (tzotzil):[podcast]https:\/\/radiozapatista.org\/Audios\/R09_0055_a.mp3[\/podcast]<\/p>\n<p style=\"padding-left: 30px;\">Traducci\u00f3n el espa\u00f1ol:[podcast]https:\/\/radiozapatista.org\/Audios\/R09_0055_b.mp3[\/podcast]<\/p>\n<p style=\"padding-left: 30px;\">Otro testimonio (espa\u00f1ol):[podcast]https:\/\/radiozapatista.org\/Audios\/R09_0055_c.mp3[\/podcast]<\/p>\n<p><strong>Tema 2: Defensa de la Madre Tierra:<\/strong><\/p>\n<p><em>1. Frente de Pueblos en Defensa de la Tierra (FPDT) &#8211; San Salvador Atenco<\/em> (Ignacio del Valle):[podcast]https:\/\/radiozapatista.org\/Audios\/R09_0056.mp3[\/podcast]<\/p>\n<p><em>2. Ejidatari@s de San Sebasti\u00e1n Bachaj\u00f3n \u2013 Zona Norte de Chiapas<\/em><\/p>\n<p style=\"padding-left: 30px;\">Juan:[podcast]https:\/\/radiozapatista.org\/Audios\/110316_001.mp3[\/podcast]<\/p>\n<p style=\"padding-left: 30px;\">Jer\u00f3nima: (tzeltal)[podcast]https:\/\/radiozapatista.org\/Audios\/110316_002.mp3[\/podcast]<\/p>\n<p style=\"padding-left: 30px;\">Traducci\u00f3n al espa\u00f1ol:[podcast]https:\/\/radiozapatista.org\/Audios\/110316_004.mp3[\/podcast]<\/p>\n<p style=\"padding-left: 30px;\">Una compa\u00f1era (tzeltal):[podcast]https:\/\/radiozapatista.org\/Audios\/110316_005.mp3[\/podcast]<\/p>\n<p style=\"padding-left: 30px;\">Traducci\u00f3n al espa\u00f1ol:[podcast]https:\/\/radiozapatista.org\/Audios\/110316_006.mp3[\/podcast]<\/p>\n<p><strong>Tema 3. Experiencia concreta en trabajos de Memoria Hist\u00f3rica<\/strong><\/p>\n<p><em>1. Hij@s por la identidad y la justicia, contra el olvido y el silencio \u2013 M\u00e9xico DF<\/em> (Mar\u00eda Debechi y Tania Paloma):[podcast]https:\/\/radiozapatista.org\/Audios\/110316_008b.mp3[\/podcast]<\/p>\n<p><em>2. Compa\u00f1ero de Masoj\u00e1 Shucj\u00e1 &#8211; Zona Norte de Chiapas <\/em>(Manuel Mart\u00ednez P\u00e9rez):[podcast]https:\/\/radiozapatista.org\/Audios\/110316_009.mp3[\/podcast]<\/p>\n<p><strong>Tema 4. Defensores y defensoras y libertad de expresi\u00f3n<\/strong><\/p>\n<p><strong> <\/strong><\/p>\n<p><em>1. Centro de Derechos Humanos de las Mujeres &#8211; Chihuahua <\/em>(Karen Rivera):[podcast]https:\/\/radiozapatista.org\/Audios\/110316_010.mp3[\/podcast]<\/p>\n<p><em>2. Coordinadora de Mujeres en Resistencia:<\/em>[podcast]https:\/\/radiozapatista.org\/Audios\/110316_011.mp3[\/podcast]<\/p>\n<p><strong>Compa\u00f1eros del Consejo Aut\u00f3nomo de la Costa de Chiapas<\/strong> explican la situaci\u00f3n de hostigamiento, persecusi\u00f3n y represi\u00f3n que se vive en la Zona Costa.[podcast]http:\/\/www.radiozapatista.org\/Audios\/frayba\/DognaOchoa%20CDH.MP3[\/podcast]<\/p>\n<p>Conclusiones de las mesas, palabras de la comunidad de Masoj\u00e1 (Tila), video reportaje, art\u00edculos, cr\u00f3nicas y m\u00e1s abajo:<!--more--><\/p>\n<p><iframe loading=\"lazy\" title=\"YouTube video player\" width=\"450\" height=\"283\" src=\"http:\/\/www.youtube.com\/embed\/QFANsoTZvF4\" frameborder=\"0\" allowfullscreen><\/iframe>Conclusiones de la Mesa 1<\/p>\n<p><iframe loading=\"lazy\" title=\"YouTube video player\" width=\"450\" height=\"283\" src=\"http:\/\/www.youtube.com\/embed\/CJorf8BnD_M\" frameborder=\"0\" allowfullscreen><\/iframe>Conclusiones de la Mesa 2<\/p>\n<p><iframe loading=\"lazy\" title=\"YouTube video player\" width=\"450\" height=\"283\" src=\"http:\/\/www.youtube.com\/embed\/sOgpDz7ayRg\" frameborder=\"0\" allowfullscreen><\/iframe>Conclusiones de la Mesa 3<\/p>\n<p><iframe loading=\"lazy\" title=\"YouTube video player\" width=\"450\" height=\"283\" src=\"http:\/\/www.youtube.com\/embed\/UvTEkEAsGNM\" frameborder=\"0\" allowfullscreen><\/iframe>Mensaje de los pobladores de Masoj\u00e1, T\u00edla zona Norte de Chiapas<\/p>\n<p><iframe loading=\"lazy\" title=\"YouTube video player\" width=\"450\" height=\"368\" src=\"http:\/\/www.youtube.com\/embed\/C05DS-RjDB4\" frameborder=\"0\" allowfullscreen><\/iframe>Video por: Colectivo Koman Ilel<\/p>\n<p><strong><a href=\"http:\/\/www.jornada.unam.mx\/2011\/03\/17\/index.php?section=politica&amp;article=020n1pol\" target=\"_blank\">Lee el art\u00edculo de Hermann Bellinghausen en La Jornada<\/a><a><\/a><\/strong><\/p>\n<h3>Cr\u00f3nica de la ma\u00f1ana del 16 de marzo &#8211; por <a href=\"http:\/\/komanilel.blogspot.com\/2011\/03\/encuentro-con-la-memoria-los-pueblos.html\" target=\"_blank\">Colectivo Koman Ilel<\/a><\/h3>\n<p>En punto de las nueve de la ma\u00f1ana, el moderador de la mesa, el compa Manuel, llam\u00f3 a los presentes al encuentro \u201cCON LA MEMORIA, LOS PUEBLOS CONSTRUIMOS JUSTICIA Y VERDAD\u201d los d\u00edas 16 y 17 de marzo, convocado por el Centro de Derechos Humanos fray Bartolom\u00e9 de las Casas, con el fin de hacer conciencia sobre lo importante de hacer memoria de las luchas de los pueblos en resistencia.<\/p>\n<p>Un compa\u00f1ero de Acteal mont\u00f3 una ofrenda con juncia y con velas y dio gracias a la madre tierra y al padre sol para la buena realizaci\u00f3n del evento.<\/p>\n<p>Momentos despu\u00e9s se agradeci\u00f3 la presencia de cada uno de los asistentes: Agust\u00edn Pro, Centro de Derechos Humanos de Mujeres, Polic\u00eda Comunitaria de Guerrero, Centro de Derechos Humanos de Torre\u00f3n, Centro de Derechos Humanos de Colima; las comunidades de Palenque, Comit\u00e1n, la Parroquias del Calvario, Salto del Agua y Palenque.<\/p>\n<p>El primer tema fue \u201cImpunidad y nuevas formas de construir justicia\u201d. Ah\u00ed, tomaron la palabra la Polic\u00eda Comunitaria de Guerrero y la Organizaci\u00f3n Sociedad Civil Las Abejas de Acteal, Zona Altos de Chiapas. \u201cEn guerrero -dijo un compa\u00f1ero-la comunidad ha tomado la iniciativa de impartir justicia, somos nosotros mismos quienes atendemos estos problemas y les damos soluci\u00f3n conforme a previos acuerdos de asamblea.\u201d Los compa\u00f1eros de las Abejas, contaron su andar en la lucha: \u201cEscogimos nuestro nombre bas\u00e1ndonos en la organizaci\u00f3n de las abejitas, que son insectos muy organizados y trabajadores. Al igual que las abejas, nosotros trabajamos para el bien com\u00fan, asumiendo cada quien su rol en pro del bien de todos.\u201d<\/p>\n<p>El segundo tema fue: \u201cLa defensa de la Madre Tierra\u201d, donde participaron los ejidatarios de Atenco y ejidatarias de San Sebasti\u00e1n Bachaj\u00f3n. Los primeros llegaron levantando su machete y gritando \u00a1La tierra no se vende! Cuando tomaron la palabra, hablaron de lo importante del rescate de las peque\u00f1as historias locales, como la de Atenco (\u201ca orilla del agua\u201d ,en lengua n\u00e1huatl),repiti\u00f3 en varias ocasiones Ignacio del Valle. \u201cEs necesario-dijo- recordar que la historia es la que da identidad a nuestros pueblos, y pensar que somos una naci\u00f3n libre y soberana, como pretenden los poderosos es un enga\u00f1o. Los compa\u00f1eros de Bachaj\u00f3n, nos hablaron de lo dif\u00edcil que va siendo resistir a la construcci\u00f3n de la carretera a Palenque y denunciaron el hostigamiento de las autoridades, especialmente el caso del desalojo, ocupaci\u00f3n y despojo, del centro tur\u00edstico de Las cascadas de agua azul.<\/p>\n<p>Al final, se cantaron unos corridos dedicados a Rub\u00e9n Jaramillo y juntos y alegres nos encaminamos todos a comer los alimentos que generosamente los compa\u00f1eros del CIDECI compartieron con todos sus invitados.<br \/>\nCoincidimos en que es importante saber sobre el andar de cada lucha, que a final de cuentas es la misma (por un mundo donde quepan muchos mundos), y las dificultades que estas implican, pues cada testimonio fue muestra de los distintos procesos por los que van a travesando cada uno de los compa\u00f1eros en pie y resistiendo, con la digna rabia de la gente honesta vejada arbitrariamente por quienes detentan el poder. <\/p>","protected":false},"excerpt":{"rendered":"<p>Encuentro \u201cCON LA MEMORIA, LOS PUEBLOS CONSTRUIMOS JUSTICIA Y VERDAD\u201d 16 Y 17 DE MARZO de 2011 en el CIDECI\/UniTierra San Crist\u00f3bal de Las Casas, Chiapas Lee el PRONUNCIAMIENTO del Encuentro (17 de marzo) Mi\u00e9rcoles 16 de marzo: Tema 1: Impunidad y nuevas formas de construir justicia 1. Polic\u00eda Comunitaria de Guerrero 2. Organizaci\u00f3n Civil [&hellip;]<\/p>\n","protected":false},"author":1,"featured_media":0,"comment_status":"open","ping_status":"open","sticky":false,"template":"","format":"standard","meta":{"footnotes":""},"categories":[1,6,190,222],"tags":[100,916,61,58,56,197,78],"class_list":["post-2084","post","type-post","status-publish","format-standard","hentry","category-audio","category-chiapas","category-radiozapatista","category-video","tag-acteal","tag-atenco","tag-bachajon","tag-derechos-humanos","tag-encuentros","tag-memoria","tag-policia-comunitaria"],"_links":{"self":[{"href":"https:\/\/radiozapatista.org\/index.php?rest_route=\/wp\/v2\/posts\/2084","targetHints":{"allow":["GET"]}}],"collection":[{"href":"https:\/\/radiozapatista.org\/index.php?rest_route=\/wp\/v2\/posts"}],"about":[{"href":"https:\/\/radiozapatista.org\/index.php?rest_route=\/wp\/v2\/types\/post"}],"author":[{"embeddable":true,"href":"https:\/\/radiozapatista.org\/index.php?rest_route=\/wp\/v2\/users\/1"}],"replies":[{"embeddable":true,"href":"https:\/\/radiozapatista.org\/index.php?rest_route=%2Fwp%2Fv2%2Fcomments&post=2084"}],"version-history":[{"count":0,"href":"https:\/\/radiozapatista.org\/index.php?rest_route=\/wp\/v2\/posts\/2084\/revisions"}],"wp:attachment":[{"href":"https:\/\/radiozapatista.org\/index.php?rest_route=%2Fwp%2Fv2%2Fmedia&parent=2084"}],"wp:term":[{"taxonomy":"category","embeddable":true,"href":"https:\/\/radiozapatista.org\/index.php?rest_route=%2Fwp%2Fv2%2Fcategories&post=2084"},{"taxonomy":"post_tag","embeddable":true,"href":"https:\/\/radiozapatista.org\/index.php?rest_route=%2Fwp%2Fv2%2Ftags&post=2084"}],"curies":[{"name":"wp","href":"https:\/\/api.w.org\/{rel}","templated":true}]}}