{"id":20826,"date":"2017-04-15T01:02:24","date_gmt":"2017-04-15T06:02:24","guid":{"rendered":"https:\/\/radiozapatista.org\/?p=20826"},"modified":"2017-04-16T09:59:35","modified_gmt":"2017-04-16T14:59:35","slug":"dia-3-los-muros-del-capital-las-grietas-de-la-izquierda","status":"publish","type":"post","link":"https:\/\/radiozapatista.org\/?p=20826","title":{"rendered":"D\u00eda 3: Los muros del capital, las grietas de la izquierda"},"content":{"rendered":"<p><\/p>\n<h4 style=\"text-align: center;\">Los muros del capital, las grietas de la izquierda<br \/>\n14 de abril de 2017<br \/>\nSan Crist\u00f3bal de Las Casas<br \/>\nCideci \/ Universidad de la Tierra Chiapas<\/h4>\n<p>&#8220;NO HEMOS CRECIDO PARA SER COMO ELLOS&#8221;<\/p>\n<div class=\"slider js_slider\">\n\t                <div class=\"frame js_frame\">\n\t                    <ul class=\"slides js_slides\"><li class=\"js_slide\"><img loading=\"lazy\" decoding=\"async\" width=\"708\" height=\"472\" src=\"https:\/\/radiozapatista.org\/wp-content\/uploads\/2017\/04\/14042017lasgrietas2.1-27.jpg\" class=\"attachment- size-\" alt=\"\" srcset=\"https:\/\/radiozapatista.org\/wp-content\/uploads\/2017\/04\/14042017lasgrietas2.1-27.jpg 708w, https:\/\/radiozapatista.org\/wp-content\/uploads\/2017\/04\/14042017lasgrietas2.1-27-350x233.jpg 350w\" sizes=\"auto, (max-width: 708px) 100vw, 708px\" \/><\/li><li class=\"js_slide\"><img loading=\"lazy\" decoding=\"async\" width=\"708\" height=\"472\" src=\"https:\/\/radiozapatista.org\/wp-content\/uploads\/2017\/04\/14042017lasgrietas2.1-26.jpg\" class=\"attachment- size-\" alt=\"\" srcset=\"https:\/\/radiozapatista.org\/wp-content\/uploads\/2017\/04\/14042017lasgrietas2.1-26.jpg 708w, https:\/\/radiozapatista.org\/wp-content\/uploads\/2017\/04\/14042017lasgrietas2.1-26-350x233.jpg 350w\" sizes=\"auto, (max-width: 708px) 100vw, 708px\" \/><\/li><li class=\"js_slide\"><img loading=\"lazy\" decoding=\"async\" width=\"708\" height=\"472\" src=\"https:\/\/radiozapatista.org\/wp-content\/uploads\/2017\/04\/14042017lasgrietas2.1-25.jpg\" class=\"attachment- size-\" alt=\"\" srcset=\"https:\/\/radiozapatista.org\/wp-content\/uploads\/2017\/04\/14042017lasgrietas2.1-25.jpg 708w, https:\/\/radiozapatista.org\/wp-content\/uploads\/2017\/04\/14042017lasgrietas2.1-25-350x233.jpg 350w\" sizes=\"auto, (max-width: 708px) 100vw, 708px\" \/><\/li><li class=\"js_slide\"><img loading=\"lazy\" decoding=\"async\" width=\"690\" height=\"472\" src=\"https:\/\/radiozapatista.org\/wp-content\/uploads\/2017\/04\/14042017lasgrietas2.1-24.jpg\" class=\"attachment- size-\" alt=\"\" srcset=\"https:\/\/radiozapatista.org\/wp-content\/uploads\/2017\/04\/14042017lasgrietas2.1-24.jpg 690w, https:\/\/radiozapatista.org\/wp-content\/uploads\/2017\/04\/14042017lasgrietas2.1-24-350x239.jpg 350w\" sizes=\"auto, (max-width: 690px) 100vw, 690px\" \/><\/li><li class=\"js_slide\"><img loading=\"lazy\" decoding=\"async\" width=\"708\" height=\"472\" src=\"https:\/\/radiozapatista.org\/wp-content\/uploads\/2017\/04\/14042017lasgrietas2.1-23.jpg\" class=\"attachment- size-\" alt=\"\" srcset=\"https:\/\/radiozapatista.org\/wp-content\/uploads\/2017\/04\/14042017lasgrietas2.1-23.jpg 708w, https:\/\/radiozapatista.org\/wp-content\/uploads\/2017\/04\/14042017lasgrietas2.1-23-350x233.jpg 350w\" sizes=\"auto, (max-width: 708px) 100vw, 708px\" \/><\/li><li class=\"js_slide\"><img loading=\"lazy\" decoding=\"async\" width=\"708\" height=\"472\" src=\"https:\/\/radiozapatista.org\/wp-content\/uploads\/2017\/04\/14042017lasgrietas2.1-22.jpg\" class=\"attachment- size-\" alt=\"\" srcset=\"https:\/\/radiozapatista.org\/wp-content\/uploads\/2017\/04\/14042017lasgrietas2.1-22.jpg 708w, https:\/\/radiozapatista.org\/wp-content\/uploads\/2017\/04\/14042017lasgrietas2.1-22-350x233.jpg 350w\" sizes=\"auto, (max-width: 708px) 100vw, 708px\" \/><\/li><li class=\"js_slide\"><img loading=\"lazy\" decoding=\"async\" width=\"708\" height=\"472\" src=\"https:\/\/radiozapatista.org\/wp-content\/uploads\/2017\/04\/14042017lasgrietas2.1-21.jpg\" class=\"attachment- size-\" alt=\"\" srcset=\"https:\/\/radiozapatista.org\/wp-content\/uploads\/2017\/04\/14042017lasgrietas2.1-21.jpg 708w, https:\/\/radiozapatista.org\/wp-content\/uploads\/2017\/04\/14042017lasgrietas2.1-21-350x233.jpg 350w\" sizes=\"auto, (max-width: 708px) 100vw, 708px\" \/><\/li><li class=\"js_slide\"><img loading=\"lazy\" decoding=\"async\" width=\"708\" height=\"472\" src=\"https:\/\/radiozapatista.org\/wp-content\/uploads\/2017\/04\/14042017lasgrietas2.1-20.jpg\" class=\"attachment- size-\" alt=\"\" srcset=\"https:\/\/radiozapatista.org\/wp-content\/uploads\/2017\/04\/14042017lasgrietas2.1-20.jpg 708w, https:\/\/radiozapatista.org\/wp-content\/uploads\/2017\/04\/14042017lasgrietas2.1-20-350x233.jpg 350w\" sizes=\"auto, (max-width: 708px) 100vw, 708px\" \/><\/li><li class=\"js_slide\"><img loading=\"lazy\" decoding=\"async\" width=\"708\" height=\"472\" src=\"https:\/\/radiozapatista.org\/wp-content\/uploads\/2017\/04\/14042017lasgrietas2.1-19.jpg\" class=\"attachment- size-\" alt=\"\" srcset=\"https:\/\/radiozapatista.org\/wp-content\/uploads\/2017\/04\/14042017lasgrietas2.1-19.jpg 708w, https:\/\/radiozapatista.org\/wp-content\/uploads\/2017\/04\/14042017lasgrietas2.1-19-350x233.jpg 350w\" sizes=\"auto, (max-width: 708px) 100vw, 708px\" \/><\/li><li class=\"js_slide\"><img loading=\"lazy\" decoding=\"async\" width=\"708\" height=\"472\" src=\"https:\/\/radiozapatista.org\/wp-content\/uploads\/2017\/04\/14042017lasgrietas2.1-18.jpg\" class=\"attachment- size-\" alt=\"\" srcset=\"https:\/\/radiozapatista.org\/wp-content\/uploads\/2017\/04\/14042017lasgrietas2.1-18.jpg 708w, https:\/\/radiozapatista.org\/wp-content\/uploads\/2017\/04\/14042017lasgrietas2.1-18-350x233.jpg 350w\" sizes=\"auto, (max-width: 708px) 100vw, 708px\" \/><\/li><li class=\"js_slide\"><img loading=\"lazy\" decoding=\"async\" width=\"708\" height=\"472\" src=\"https:\/\/radiozapatista.org\/wp-content\/uploads\/2017\/04\/14042017lasgrietas2.1-17.jpg\" class=\"attachment- size-\" alt=\"\" srcset=\"https:\/\/radiozapatista.org\/wp-content\/uploads\/2017\/04\/14042017lasgrietas2.1-17.jpg 708w, https:\/\/radiozapatista.org\/wp-content\/uploads\/2017\/04\/14042017lasgrietas2.1-17-350x233.jpg 350w\" sizes=\"auto, (max-width: 708px) 100vw, 708px\" \/><\/li><li class=\"js_slide\"><img loading=\"lazy\" decoding=\"async\" width=\"708\" height=\"472\" src=\"https:\/\/radiozapatista.org\/wp-content\/uploads\/2017\/04\/14042017lasgrietas2.1-16.jpg\" class=\"attachment- size-\" alt=\"\" srcset=\"https:\/\/radiozapatista.org\/wp-content\/uploads\/2017\/04\/14042017lasgrietas2.1-16.jpg 708w, https:\/\/radiozapatista.org\/wp-content\/uploads\/2017\/04\/14042017lasgrietas2.1-16-350x233.jpg 350w\" sizes=\"auto, (max-width: 708px) 100vw, 708px\" \/><\/li><li class=\"js_slide\"><img loading=\"lazy\" decoding=\"async\" width=\"708\" height=\"472\" src=\"https:\/\/radiozapatista.org\/wp-content\/uploads\/2017\/04\/14042017lasgrietas2.1-15.jpg\" class=\"attachment- size-\" alt=\"\" srcset=\"https:\/\/radiozapatista.org\/wp-content\/uploads\/2017\/04\/14042017lasgrietas2.1-15.jpg 708w, https:\/\/radiozapatista.org\/wp-content\/uploads\/2017\/04\/14042017lasgrietas2.1-15-350x233.jpg 350w\" sizes=\"auto, (max-width: 708px) 100vw, 708px\" \/><\/li><li class=\"js_slide\"><img loading=\"lazy\" decoding=\"async\" width=\"708\" height=\"472\" src=\"https:\/\/radiozapatista.org\/wp-content\/uploads\/2017\/04\/14042017lasgrietas2.1-14.jpg\" class=\"attachment- size-\" alt=\"\" srcset=\"https:\/\/radiozapatista.org\/wp-content\/uploads\/2017\/04\/14042017lasgrietas2.1-14.jpg 708w, https:\/\/radiozapatista.org\/wp-content\/uploads\/2017\/04\/14042017lasgrietas2.1-14-350x233.jpg 350w\" sizes=\"auto, (max-width: 708px) 100vw, 708px\" \/><\/li><li class=\"js_slide\"><img loading=\"lazy\" decoding=\"async\" width=\"708\" height=\"472\" src=\"https:\/\/radiozapatista.org\/wp-content\/uploads\/2017\/04\/14042017lasgrietas2.1-13.jpg\" class=\"attachment- size-\" alt=\"\" srcset=\"https:\/\/radiozapatista.org\/wp-content\/uploads\/2017\/04\/14042017lasgrietas2.1-13.jpg 708w, https:\/\/radiozapatista.org\/wp-content\/uploads\/2017\/04\/14042017lasgrietas2.1-13-350x233.jpg 350w\" sizes=\"auto, (max-width: 708px) 100vw, 708px\" \/><\/li><li class=\"js_slide\"><img loading=\"lazy\" decoding=\"async\" width=\"708\" height=\"472\" src=\"https:\/\/radiozapatista.org\/wp-content\/uploads\/2017\/04\/14042017lasgrietas2.1-12.jpg\" class=\"attachment- size-\" alt=\"\" srcset=\"https:\/\/radiozapatista.org\/wp-content\/uploads\/2017\/04\/14042017lasgrietas2.1-12.jpg 708w, https:\/\/radiozapatista.org\/wp-content\/uploads\/2017\/04\/14042017lasgrietas2.1-12-350x233.jpg 350w\" sizes=\"auto, (max-width: 708px) 100vw, 708px\" \/><\/li><li class=\"js_slide\"><img loading=\"lazy\" decoding=\"async\" width=\"708\" height=\"472\" src=\"https:\/\/radiozapatista.org\/wp-content\/uploads\/2017\/04\/14042017lasgrietas2.1-11.jpg\" class=\"attachment- size-\" alt=\"\" srcset=\"https:\/\/radiozapatista.org\/wp-content\/uploads\/2017\/04\/14042017lasgrietas2.1-11.jpg 708w, https:\/\/radiozapatista.org\/wp-content\/uploads\/2017\/04\/14042017lasgrietas2.1-11-350x233.jpg 350w\" sizes=\"auto, (max-width: 708px) 100vw, 708px\" \/><\/li><li class=\"js_slide\"><img loading=\"lazy\" decoding=\"async\" width=\"708\" height=\"472\" src=\"https:\/\/radiozapatista.org\/wp-content\/uploads\/2017\/04\/14042017lasgrietas2.1-10.jpg\" class=\"attachment- size-\" alt=\"\" srcset=\"https:\/\/radiozapatista.org\/wp-content\/uploads\/2017\/04\/14042017lasgrietas2.1-10.jpg 708w, https:\/\/radiozapatista.org\/wp-content\/uploads\/2017\/04\/14042017lasgrietas2.1-10-350x233.jpg 350w\" sizes=\"auto, (max-width: 708px) 100vw, 708px\" \/><\/li><li class=\"js_slide\"><img loading=\"lazy\" decoding=\"async\" width=\"708\" height=\"472\" src=\"https:\/\/radiozapatista.org\/wp-content\/uploads\/2017\/04\/14042017lasgrietas2.1-9.jpg\" class=\"attachment- size-\" alt=\"\" srcset=\"https:\/\/radiozapatista.org\/wp-content\/uploads\/2017\/04\/14042017lasgrietas2.1-9.jpg 708w, https:\/\/radiozapatista.org\/wp-content\/uploads\/2017\/04\/14042017lasgrietas2.1-9-350x233.jpg 350w\" sizes=\"auto, (max-width: 708px) 100vw, 708px\" \/><\/li><li class=\"js_slide\"><img loading=\"lazy\" decoding=\"async\" width=\"708\" height=\"472\" src=\"https:\/\/radiozapatista.org\/wp-content\/uploads\/2017\/04\/14042017lasgrietas2.1-8.jpg\" class=\"attachment- size-\" alt=\"\" srcset=\"https:\/\/radiozapatista.org\/wp-content\/uploads\/2017\/04\/14042017lasgrietas2.1-8.jpg 708w, https:\/\/radiozapatista.org\/wp-content\/uploads\/2017\/04\/14042017lasgrietas2.1-8-350x233.jpg 350w\" sizes=\"auto, (max-width: 708px) 100vw, 708px\" \/><\/li><li class=\"js_slide\"><img loading=\"lazy\" decoding=\"async\" width=\"708\" height=\"472\" src=\"https:\/\/radiozapatista.org\/wp-content\/uploads\/2017\/04\/14042017lasgrietas2.1-7.jpg\" class=\"attachment- size-\" alt=\"\" srcset=\"https:\/\/radiozapatista.org\/wp-content\/uploads\/2017\/04\/14042017lasgrietas2.1-7.jpg 708w, https:\/\/radiozapatista.org\/wp-content\/uploads\/2017\/04\/14042017lasgrietas2.1-7-350x233.jpg 350w\" sizes=\"auto, (max-width: 708px) 100vw, 708px\" \/><\/li><li class=\"js_slide\"><img loading=\"lazy\" decoding=\"async\" width=\"708\" height=\"472\" src=\"https:\/\/radiozapatista.org\/wp-content\/uploads\/2017\/04\/14042017lasgrietas2.1-6.jpg\" class=\"attachment- size-\" alt=\"\" srcset=\"https:\/\/radiozapatista.org\/wp-content\/uploads\/2017\/04\/14042017lasgrietas2.1-6.jpg 708w, https:\/\/radiozapatista.org\/wp-content\/uploads\/2017\/04\/14042017lasgrietas2.1-6-350x233.jpg 350w\" sizes=\"auto, (max-width: 708px) 100vw, 708px\" \/><\/li><li class=\"js_slide\"><img loading=\"lazy\" decoding=\"async\" width=\"708\" height=\"472\" src=\"https:\/\/radiozapatista.org\/wp-content\/uploads\/2017\/04\/14042017lasgrietas2.1-5.jpg\" class=\"attachment- size-\" alt=\"\" srcset=\"https:\/\/radiozapatista.org\/wp-content\/uploads\/2017\/04\/14042017lasgrietas2.1-5.jpg 708w, https:\/\/radiozapatista.org\/wp-content\/uploads\/2017\/04\/14042017lasgrietas2.1-5-350x233.jpg 350w\" sizes=\"auto, (max-width: 708px) 100vw, 708px\" \/><\/li><li class=\"js_slide\"><img loading=\"lazy\" decoding=\"async\" width=\"708\" height=\"472\" src=\"https:\/\/radiozapatista.org\/wp-content\/uploads\/2017\/04\/14042017lasgrietas2.1-4.jpg\" class=\"attachment- size-\" alt=\"\" srcset=\"https:\/\/radiozapatista.org\/wp-content\/uploads\/2017\/04\/14042017lasgrietas2.1-4.jpg 708w, https:\/\/radiozapatista.org\/wp-content\/uploads\/2017\/04\/14042017lasgrietas2.1-4-350x233.jpg 350w\" sizes=\"auto, (max-width: 708px) 100vw, 708px\" \/><\/li><li class=\"js_slide\"><img loading=\"lazy\" decoding=\"async\" width=\"708\" height=\"472\" src=\"https:\/\/radiozapatista.org\/wp-content\/uploads\/2017\/04\/14042017lasgrietas2.1-3.jpg\" class=\"attachment- size-\" alt=\"\" srcset=\"https:\/\/radiozapatista.org\/wp-content\/uploads\/2017\/04\/14042017lasgrietas2.1-3.jpg 708w, https:\/\/radiozapatista.org\/wp-content\/uploads\/2017\/04\/14042017lasgrietas2.1-3-350x233.jpg 350w\" sizes=\"auto, (max-width: 708px) 100vw, 708px\" \/><\/li><li class=\"js_slide\"><img loading=\"lazy\" decoding=\"async\" width=\"708\" height=\"472\" src=\"https:\/\/radiozapatista.org\/wp-content\/uploads\/2017\/04\/14042017lasgrietas2.1-2.jpg\" class=\"attachment- size-\" alt=\"\" srcset=\"https:\/\/radiozapatista.org\/wp-content\/uploads\/2017\/04\/14042017lasgrietas2.1-2.jpg 708w, https:\/\/radiozapatista.org\/wp-content\/uploads\/2017\/04\/14042017lasgrietas2.1-2-350x233.jpg 350w\" sizes=\"auto, (max-width: 708px) 100vw, 708px\" \/><\/li><li class=\"js_slide\"><img loading=\"lazy\" decoding=\"async\" width=\"708\" height=\"472\" src=\"https:\/\/radiozapatista.org\/wp-content\/uploads\/2017\/04\/14042017lasgrietas2.1.jpg\" class=\"attachment- size-\" alt=\"\" srcset=\"https:\/\/radiozapatista.org\/wp-content\/uploads\/2017\/04\/14042017lasgrietas2.1.jpg 708w, https:\/\/radiozapatista.org\/wp-content\/uploads\/2017\/04\/14042017lasgrietas2.1-350x233.jpg 350w\" sizes=\"auto, (max-width: 708px) 100vw, 708px\" \/><\/li>\t<\/ul>\n\t                <\/div>\n\t\t\t\t\t<span class=\"js_prev rz_slider_nav\"><svg xmlns='http:\/\/www.w3.org\/2000\/svg' viewBox='0 0 40 70'>\n\t<line x1='37' y1='3' x2='3' y2='36' style='stroke:white;stroke-width:5px' \/>\n\t<line x1='3' y1='34' x2='37' y2='67' style='stroke:white;stroke-width:5px' \/>\n<\/svg><\/span>\n\t\t\t\t\t<span class=\"js_next rz_slider_nav\"><svg xmlns='http:\/\/www.w3.org\/2000\/svg' viewBox='0 0 40 70'>\n\t<line x1='3' y1='3' x2='35' y2='36' style='stroke:white;stroke-width:5px' \/>\n\t<line x1='35' y1='34' x2='3' y2='67' style='stroke:white;stroke-width:5px' \/>\n<\/svg><\/span><\/div><script>\n\t'use strict';\n\n\tif(!window.slideshowCodeAlreadyRun) {\n\t\twindow.slideshowCodeAlreadyRun = true;\n\t\tdocument.addEventListener('DOMContentLoaded', function(){\n\t\t\tvar slidersMarkup = document.querySelectorAll('.js_slider'),\n\t\t\t\tsliders = [];\n\n\t        Array.prototype.slice.call(slidersMarkup).forEach(function (element, index) {\n\t            sliders.push( lory(element, {\n\t\t\t\t    \tinfinite: 1\n\t\t            })\n\t\t\t\t);\n\t\t\t\t\/\/ console.log(sliders);\n\t        });\n\n\t\t\t\/\/ reset sliders. firefox bug?\n\t\t\t\/\/ setTimeout(function () {\n\t\t\t\/\/ \tsliders.forEach(function(slider){\n\t\t\t\/\/ \t\tconsole.log(slider);\n\t\t\t\/\/ \t\tslider.reset(); \n\t\t\t\/\/ \t\t\/\/ slider.slideTo(1);\n\t\t\t\/\/ \t});\n\t\t\t\/\/ }, 100);\n\t\n\t\t}); \n\t}\n\t<\/script>\n<p>Viernes 14 de abril, Cideci-Unitierra Chiapas. Continuaron las reflexiones cr\u00edticas de Paulina Fern\u00e1ndez, Magdalena G\u00f3mez,\u00a0 Alicia Castellanos, Luis Hern\u00e1ndez Navarro y el Subcomandante Insurgente Galeano en este seminario que llama a pensarnos, a buscar comprender la situaci\u00f3n que enfrentamos y la iniciativa que ha comenzado a caminar desde abajo y a la izquierda desde los pueblos que dan ra\u00edz, vida y lucha por esta naci\u00f3n.<\/p>\n<p>Paulina Fern\u00e1ndez habl\u00f3 sobre la guerra permanente sobre los pueblos zapatistas y del papel que han jugado los partidos pol\u00edticos al aplicar la contrainsurgencia, impulsar la paramilitarizaci\u00f3n y hacer uso del aparato institucional, pol\u00edticas y programas p\u00fablicos en su contra. En el marco de la conformaci\u00f3n del Concejo Ind\u00edgena de Gobierno (CIG) y el lanzamiento de una candidata como su vocera en el proceso electoral, Paulina se\u00f1al\u00f3 que los partidos pol\u00edticos -inclu\u00eddos sobre todo los de izquierda- abonaron a edificar un r\u00e9gimen partidocr\u00e1tico cuyo resultado final devino en la consolidaci\u00f3n de un sistema electoral construido desde el poder para desechar a la militancia y preservar la conservaci\u00f3n de s\u00ed mismo. Por ello, explic\u00f3 Paulina, la propuesta del CNI-EZLN podr\u00eda abonar a generar un proceso de reorganizaci\u00f3n combativa entre la poblaci\u00f3n que, quiz\u00e1s m\u00e1s que ap\u00e1tica, no conoce o posee referentes de convocatoria social distintos a los partidos pol\u00edticos.<\/p>\n<p>Magdalena G\u00f3mez llam\u00f3 a la reflexi\u00f3n sobre &#8220;El tel\u00f3n de fondo del despojo territorial a los pueblos&#8221;, a ver por la ventana ind\u00edgena donde adem\u00e1s de su pluralidad muestran sus aspectos y proyectos comunes, la situaci\u00f3n a la que se enfrentan, a la finca y los finqueros en la actualidad y a sus pol\u00edticas que son obedecidas por los gobiernos-capataces. Adem\u00e1s, Magdalena lanz\u00f3 una serie de preguntas para la reflexi\u00f3n sobre la conformaci\u00f3n del Concejo y la apuesta de la Candidata Ind\u00edgena que les invitamos a escuchar.<\/p>\n<p>Alicia Castellanos habl\u00f3 sobre la lucha de los pueblos ind\u00edgenas y el car\u00e1cter nacional -no s\u00f3lo hoy sino de manera hist\u00f3rica- que se les ha negado para en cambio formular una distinci\u00f3n entre la naci\u00f3n dominante y las nacionalidades populares, todo ello mediante una mirada que no ha hecho sino racializar al otrx, excluirlo y discriminarlo. Tal mirada, enfatiz\u00f3 Magda, ha sido distintiva de quienes han hecho de la pol\u00edtica institucional su monopolio y han privatizado y vendido nuestro pa\u00eds. Por ello, Alicia comparti\u00f3 su entusiasmo ante la apuesta del Congreso Nacional Ind\u00edgena y el EZLN por conformar un Concejo que aporte a la defensa, integraci\u00f3n, refundaci\u00f3n y reconstituci\u00f3n de la naci\u00f3n.<\/p>\n<p>Luis Hern\u00e1ndez Navarro present\u00f3 cuatro ventanas para asomarnos a lo que sucede en el pa\u00eds: la de la econom\u00eda nacional en profunda crisis, la que muestra la relaci\u00f3n narco-pol\u00edtica, la que deja ver la crisis de la representaci\u00f3n pol\u00edtica y de derechos humanos y, finalmente, la de la nostalgia del porvenir, de la reivindicaci\u00f3n de la solidaridad, la fraternidad y los sue\u00f1os. Sobre cada una de ellas Luis present\u00f3 experiencias y cifras que son evidencia de la descomposici\u00f3n del Estado, todo lo cual muestra la pertinencia de la apuesta que ya es caminada por el CNI y EZLN: la defensa de la soberan\u00eda nacional desde abajo.<\/p>\n<p>Finalmente, el Subcomandante Insurgente Galeano describi\u00f3 el sentir (\u201cun dolor que acalambra, con dolor en la mirada, con la muerte sobre los hombros\u201d) del Ejercito Zapatista de Liberaci\u00f3n Nacional (EZLN) tras el reciente fallecimiento de la Comandanta Malena el pasado cuatro de abril. Destac\u00f3 adem\u00e1s que, as\u00ed como un d\u00eda ellxs recibieron el apoyo de la Europa Rebelde, de la comunidad solidaria de Estados Unidos, y de la Latinoam\u00e9rica y del M\u00e9xico de abajo, un apoyo que fue un murmullo que al decirles claro no se vendan, no se rindan, no claudiquen se volvi\u00f3 compromiso, ahora es turno de lxs Zapatistas de apoyar y mostrar que ahora nosotrxs -ya que simplemente no nos quedar\u00e1 de otra que luchar en nuestras distintas geograf\u00edas- podremos contar con ellxs. \u201cDesde lejos los del color de la tierra les decimos que no est\u00e1n solos, su resistencia y rebeld\u00eda tambi\u00e9n son nuestros\u201d, reiter\u00f3 el SupGaleano y refrend\u00f3 el respeto, el cari\u00f1o y la admiraci\u00f3n a las familias migrantes en la uni\u00f3n americana y a todos aquellos abajos que resistir\u00e1n y se rebelar\u00e1n en cualquier parte. Galeano resalt\u00f3 la importancia de probar y organizarse desde el trabajo en colectivo, pues cuando los finqueros no puedan ocultar m\u00e1s que los nav\u00edos se hunden en la tormenta, ser\u00e1n los pueblos originarios y los abajos colectivos los que tengan m\u00e1s posibilidad de saber a d\u00f3nde el paso y la mirada. Finalmente, al referirse a la propuesta de conformar el Concejo Ind\u00edgena de Gobierno del cual surja una mujer ind\u00edgena como candidata a las elecciones presidenciales del 2018, el SupGaleano reiter\u00f3 que el Zapatismo no ha crecido para ser como ellos, como los mandones. &#8220;Nosotros no somos como ellos y no queremos serlo (&#8230;) Para nosotrxs el todo es la Libertad, y simplemente no queremos patrones&#8221;, anunci\u00f3.<\/p>\n<p>&nbsp;<\/p>\n<p>Paulina Fernandez. Elecciones 2018: &#8220;La Propuesta del CNI-EZLN no divide, exhibe a los partidos pol\u00edticos&#8221;<br \/>\n[podcast]https:\/\/radiozapatista.org\/Audios\/rzchiapas\/paulinafernandez.mp3[\/podcast]<\/p>\n<p>Magda G\u00f3mez. &#8220;El tel\u00f3n de fondo del despojo territorial a los pueblos&#8221;<br \/>\n[podcast]https:\/\/radiozapatista.org\/Audios\/rzchiapas\/magdagomez.mp3[\/podcast]<\/p>\n<p>Alicia Castellanos. &#8220;El Concejo de Gobierno y la Candidatura Ind\u00edgena, frente al despojo neoliberal de la naci\u00f3n multi\u00e9tnica y pluricultural&#8221;<br \/>\n[podcast]https:\/\/radiozapatista.org\/Audios\/rzchiapas\/aliciacastellanos.mp3[\/podcast]<\/p>\n<p>Luis Hern\u00e1ndez Navarro. Crisis econ\u00f3mica, crisis de la representaci\u00f3n pol\u00edtica en general, crisis de los derechos humanos y narcoeconom\u00eda.<br \/>\n[podcast]https:\/\/radiozapatista.org\/Audios\/rzchiapas\/luishernandeznavarro.mp3[\/podcast]<\/p>\n<p>Sub Comandante Insurgente Galeano. <a href=\"https:\/\/radiozapatista.org\/?p=21029\">&#8220;Lecciones de geografias globalizadas y calendarios&#8221;<\/a><br \/>\n[podcast]https:\/\/radiozapatista.org\/Audios\/rzchiapas\/supgaleanodiatres.mp3[\/podcast]<\/p>\n<p>&nbsp;<\/p>\n<p><iframe loading=\"lazy\" src=\"https:\/\/www.youtube.com\/embed\/Xwe_FWx4kTM\" width=\"560\" height=\"315\" frameborder=\"0\" allowfullscreen=\"allowfullscreen\"><\/iframe><\/p>\n<p>&nbsp;<\/p>\n<p><iframe loading=\"lazy\" src=\"https:\/\/www.youtube.com\/embed\/YPi5Mt9XPPQ\" width=\"560\" height=\"315\" frameborder=\"0\" allowfullscreen=\"allowfullscreen\"><\/iframe><\/p>","protected":false},"excerpt":{"rendered":"<p>Los muros del capital, las grietas de la izquierda 14 de abril de 2017 San Crist\u00f3bal de Las Casas Cideci \/ Universidad de la Tierra Chiapas &#8220;NO HEMOS CRECIDO PARA SER COMO ELLOS&#8221; Viernes 14 de abril, Cideci-Unitierra Chiapas. Continuaron las reflexiones cr\u00edticas de Paulina Fern\u00e1ndez, Magdalena G\u00f3mez,\u00a0 Alicia Castellanos, Luis Hern\u00e1ndez Navarro y el [&hellip;]<\/p>\n","protected":false},"author":1,"featured_media":20970,"comment_status":"open","ping_status":"closed","sticky":false,"template":"","format":"standard","meta":{"footnotes":""},"categories":[1,957,6,1024,955,949,190],"tags":[917,923,63,56,926,1107,897],"class_list":["post-20826","post","type-post","status-publish","format-standard","has-post-thumbnail","hentry","category-audio","category-autonomia","category-chiapas","category-cni-temas","category-ezln-temas","category-fotorreportaje","category-radiozapatista","tag-chiapas","tag-cideci","tag-cni","tag-encuentros","tag-ezln","tag-muros-y-grietas","tag-pensamiento-critico"],"_links":{"self":[{"href":"https:\/\/radiozapatista.org\/index.php?rest_route=\/wp\/v2\/posts\/20826","targetHints":{"allow":["GET"]}}],"collection":[{"href":"https:\/\/radiozapatista.org\/index.php?rest_route=\/wp\/v2\/posts"}],"about":[{"href":"https:\/\/radiozapatista.org\/index.php?rest_route=\/wp\/v2\/types\/post"}],"author":[{"embeddable":true,"href":"https:\/\/radiozapatista.org\/index.php?rest_route=\/wp\/v2\/users\/1"}],"replies":[{"embeddable":true,"href":"https:\/\/radiozapatista.org\/index.php?rest_route=%2Fwp%2Fv2%2Fcomments&post=20826"}],"version-history":[{"count":0,"href":"https:\/\/radiozapatista.org\/index.php?rest_route=\/wp\/v2\/posts\/20826\/revisions"}],"wp:featuredmedia":[{"embeddable":true,"href":"https:\/\/radiozapatista.org\/index.php?rest_route=\/wp\/v2\/media\/20970"}],"wp:attachment":[{"href":"https:\/\/radiozapatista.org\/index.php?rest_route=%2Fwp%2Fv2%2Fmedia&parent=20826"}],"wp:term":[{"taxonomy":"category","embeddable":true,"href":"https:\/\/radiozapatista.org\/index.php?rest_route=%2Fwp%2Fv2%2Fcategories&post=20826"},{"taxonomy":"post_tag","embeddable":true,"href":"https:\/\/radiozapatista.org\/index.php?rest_route=%2Fwp%2Fv2%2Ftags&post=20826"}],"curies":[{"name":"wp","href":"https:\/\/api.w.org\/{rel}","templated":true}]}}