{"id":20753,"date":"2017-03-25T12:03:37","date_gmt":"2017-03-25T18:03:37","guid":{"rendered":"https:\/\/radiozapatista.org\/?p=20753"},"modified":"2017-03-25T12:03:49","modified_gmt":"2017-03-25T18:03:49","slug":"declaratoria-encuentro-de-medios-libres-y-radios-comunitarias","status":"publish","type":"post","link":"https:\/\/radiozapatista.org\/?p=20753","title":{"rendered":"[:es]Declaratoria: Encuentro de Medios Libres y Radios Comunitarias.[:]"},"content":{"rendered":"<p>[:es]&nbsp;<\/p>\n<p><a href=\"https:\/\/radiozapatista.org\/wp-content\/uploads\/2017\/03\/Copia-de-DSC01555-2.jpg\"><img loading=\"lazy\" decoding=\"async\" class=\"aligncenter wp-image-20754\" src=\"https:\/\/radiozapatista.org\/wp-content\/uploads\/2017\/03\/Copia-de-DSC01555-2.jpg\" alt=\"Copia de DSC01555 2\" width=\"556\" height=\"369\" srcset=\"https:\/\/radiozapatista.org\/wp-content\/uploads\/2017\/03\/Copia-de-DSC01555-2.jpg 2400w, https:\/\/radiozapatista.org\/wp-content\/uploads\/2017\/03\/Copia-de-DSC01555-2-350x232.jpg 350w, https:\/\/radiozapatista.org\/wp-content\/uploads\/2017\/03\/Copia-de-DSC01555-2-1024x680.jpg 1024w\" sizes=\"auto, (max-width: 556px) 100vw, 556px\" \/><\/a><\/p>\n<p>&nbsp;<\/p>\n<p><strong>Encuentro de Medios Libres y Radios Comunitarias.<\/strong><br \/>\n<strong> 19 de marzo de 2017<\/strong><\/p>\n<p>Despu\u00e9s de nueve meses de la represi\u00f3n sufrida por parte de las fuerzas federales y estatales contra los habitantes de la comunidad de Asunci\u00f3n Nochixtlan, los medios libres, comunitarios o como se llamen, nos hemos dado a la tarea de reunirnos para el Tercer encuentro nacional de radios comunitarias y medios libres. Cuyo objetivo, al igual que en sus dos reuniones anteriores, ha sido Conservarlos, promoverlos y desarrollarlos, tejiendo redes de solidaridad y apoyo mutuo que busquen unir problemas y esperanzas afines, entre las comunidades y los comunicadores que la integran.<\/p>\n<p>Se\u00a0 decidi\u00f3 que\u00a0 la comunidad de Asunci\u00f3n Nochixtlan fuera la sede para dar el\u00a0 apoyo y cobertura a los compa\u00f1eros en resistencia, quienes han sido v\u00edctimas de la agresi\u00f3n cobarde del mal gobierno; es una comunidad que ha mantenido su duelo, pero tambi\u00e9n su organizaci\u00f3n y su rebeld\u00eda. Su Radio Comunitaria: La Combativa, es espacio para la palabra de abajo. Ellas y ellos, compas de los rebeldes pueblos oaxaque\u00f1os son sede de este tejemedios donde se busca compartir los saberes, colectivizarlos; enlazar redes de afinidad fortaleciendo la comunicaci\u00f3n independiente, desde abajo.<\/p>\n<p><!--more--><\/p>\n<p>A lo largo de estos d\u00edas de trabajo, m\u00e1s de 40 medios acudieron al llamado, presentando y retroalimentado sus proyectos de comunicaci\u00f3n. El formato de este encuentro promovi\u00f3 la realizaci\u00f3n de talleres que permitieron el intercambio de conocimientos en torno a temas de Radio t\u00e9cnica b\u00e1sica,\u00a0 producci\u00f3n de radio comunitaria, streeming, herramientas de seguridad e investigaci\u00f3n y formaci\u00f3n pol\u00edtica, as\u00ed como los riesgos de las comunicadoras.<\/p>\n<p>Otra modalidad para la compartici\u00f3n de saberes fueron las plenarias y mesas de trabajo, que permitieron visibilizar la represi\u00f3n sufrida por los medios libres as\u00ed como coordinar acciones que permitan resguardar e impulsar el trabajo de nuestros compa\u00f1eros comunicadores; en este sentido y ante la amenaza hacia las y los periodistas, y la violencia hacia las mujeres, surge la necesidad de crear una Red de seguridad para mujeres en medios libres. Un espacio donde las compa\u00f1eras (radialistas, fot\u00f3grafas y dem\u00e1s colaboradoras de medios libres), encuentren la contenci\u00f3n, seguridad y el apoyo para realizar una denuncia sobre cualquier tipo de violencia ejercida hacia ellas. Con esta Red se busca asumir responsabilidad ante las violencias, crear espacios de di\u00e1logo y convivencias seguros, promover espacios de resoluci\u00f3n de conflictos, as\u00ed Como la Reflexi\u00f3n y an\u00e1lisis cr\u00edtico y profundo del qu\u00e9 hacer de las comunicadoras.<\/p>\n<p>De esta manera, Nosotros, los medios libres y comunitarios, luchamos contra la manipulaci\u00f3n medi\u00e1tica que los poderes f\u00e1cticos imponen al pueblo. En este contexto, los proyectos que aqu\u00ed se re\u00fanen han acompa\u00f1ado y participado de manera activa en procesos de organizaci\u00f3n y resistencia en los diversos rincones donde nuestras voces; nuestra palabra, no ha sido tomada en cuenta y adem\u00e1s ha sido golpeada y silenciada. Por lo que hacemos la denuncia de los siguientes actos represivos:<br \/>\nEl acoso que ha sufrido el colectivo Radio Zapote por parte de las autoridades de la Escuela Nacional de Antropolog\u00eda e Historia desde el inicio de las actividades de la nueva gesti\u00f3n en enero de 2016, mismo en que fue despedido de manera arbitraria el compa\u00f1ero y trabajador Arturo Camas, solo por pertenecer a dicho colectivo. De manera sistem\u00e1tica la administraci\u00f3n acosa a las y los trabajadores de la estaci\u00f3n, mediante la polic\u00eda que resguarda las instalaciones de la ENAH.<br \/>\nEl martes 07 de marzo de 2017, la cabina de Regeneraci\u00f3n radio fue saqueada: la puerta fue abierta por la fuerza y el equipo de transmisi\u00f3n de radio fue totalmente extra\u00eddo (micr\u00f3fonos, cables, aud\u00edfonos, mezcladoras, procesadores de audio y una computadora con acervo de m\u00e1s de 10 a\u00f1os de trabajo. Nos es la primera vez que os atacan. Es preciso recordar que el 21 de septiembre de 2015 su anterior cabina fue completamente destruida por un grupo porril en la UNAM, aunado a las agresiones f\u00edsicas, amenazas de muerte y el intento de asesinato a uno de los integrantes, a quien apu\u00f1alaron tres veces.<\/p>\n<p>El secuestro y posterior robo de la cabina y el espacio de trabajo del Laboratorio Popular de Medios Libres, por parte del gobierno de Miguel Mancera, en la ciudad de M\u00e9xico. Bajo esta misma tem\u00e1tica de denuncia, en el estado de Oaxaca, La Radio comunitaria y magisterial Tuun \u00d1uu Savi, La palabra del pueblo de la lluvia, ha vivido agresiones desde su fundaci\u00f3n en 2014. Ha sido hostigada, estigmatizada como una radio ilegal y pirata. Los poderes f\u00e1cticos han creado un clima enardecido en contra de estos radialistas, mismo que ha tenido como resultado la muerte de Salvador Olmos Garc\u00eda y Agust\u00edn Pavia Pavia en el a\u00f1o 2016. Adem\u00e1s del constante bloqueo de la frecuencia de la estaci\u00f3n.\u00a0 Radio Tuun \u00d1uu Savi demanda a las autoridades federales, estatales y municipales cesen la violencia. A los poderes judiciales que aceleren las investigaciones y se castigue a los responsables de estos cr\u00edmenes. As\u00ed mismo exigen a las radios concesionadas en Huajuapan de Le\u00f3n y en la mixteca oaxaque\u00f1a, que dejen de montar una campa\u00f1a negra en su contra.<br \/>\nEn la regi\u00f3n de la ca\u00f1ada, Los compa\u00f1eros de la Radio comunitaria Ricardo flores Mag\u00f3n, que transmite en la comunidad de Teotitlan, denuncian que su se\u00f1al ha sido interferida por CORTV (medio oficial del gobierno del estado de Oaxaca). Tambien denunciamos el hostigamiento a miembros de Diversa Radio al haberles cancelado su programa en Radio Chapingo sin ninguna justificaci\u00f3n.<br \/>\nEs por ello que proponemos una coordinaci\u00f3n m\u00e1s fuerte y efectiva que nos respalde ante los ataques a nuestros medios libres y comunitarios. No permitiremos m\u00e1s hostigamientos, agresiones y saqueos. No permitiremos que nos callen.<\/p>\n<p>Ante la agresi\u00f3n del estado en contra de los periodistas cr\u00edticos nos sumamos a la protesta, denuncia y condenamos los asesinatos a nuestros compa\u00f1eros que apoyan, defienden y coberturan las dignas luchas del pueblo.<\/p>\n<p>M\u00e9xico vive una crisis en cuanto a desaparici\u00f3n y desaparici\u00f3n forzada. Son las familias de desparecid@s quienes han desenterrado la verdad: el pa\u00eds es una fosa clandestina. Comprendemos, saludamos acompa\u00f1amos y nos solidarizamos con la iniciativa ciudadana de b\u00fasqueda de los colectivos y de la Brigada Nacional de B\u00fasqueda de Personas Desaparecidas como una labor social fundamental\u00a0\u00a0 ante la omisi\u00f3n del estado.<br \/>\nNuestros medios libres y radios comunitarias seguiremos exigiendo justicia para el pueblo de Nochixtlan, condenamos el atentado al compa\u00f1ero Santiago Ambrosio Hern\u00e1ndez, presidente de la COVIC, as\u00ed como el recientes actos de violencia contra Felipe Montesinos, quien fue tiroteado por personas que transitaban en una suburban oscura sin placas este mismo d\u00eda a las 11 pm, a unas cuantas horas de haber concluido nuestro Tercer encuentro Nacional de radios comunitarias y medios libres, en la comunidad de Nochixtlan. Cualquier agresi\u00f3n contra las v\u00edctimas del 19 de junio es y seguir\u00e1 siendo denunciada y condenada por todos los medios libres y radios comunitarias. Ninguna agresi\u00f3n m\u00e1s sin respuesta.<br \/>\nExigimos la presentaci\u00f3n de nuestros 43 compa\u00f1eros normalistas de Ayotzinapa. Refrendamos la lucha vigente que est\u00e1n dando los compa\u00f1eros jornaleros de San Quint\u00edn por un salario digno. Nos manifestamos en contra de la reforma educativa y todos los intentos por privatizar nuestros bienes naturales. Nos pronunciamos en contra de los castigos, mutas y censuras derivados de la reforma a la ley de IFETEL.<\/p>\n<p>Por la visibilizaci\u00f3n, valoraci\u00f3n y reconocimiento de la mujer comunicadora y de sus problem\u00e1ticas y denuncias<br \/>\nExigimos un alto al acoso y agresiones de los compa\u00f1eros comunicadores.<br \/>\nEsta lucha la hemos dado y la seguiremos haciendo al lado de diversas comunidades y movimientos;\u00a0 al lado del magisterio, a quien solicitamos de manera fraterna que se pronuncie a favor de la creaci\u00f3n, recuperaci\u00f3n y defensa de todos estos espacios, as\u00ed como de los compa\u00f1eros que los sostienen.<\/p>\n<p>Ninguna agresi\u00f3n sin respuesta<br \/>\nEncuentro de Medios Libres y Radios Comunitarias<br \/>\nAsunci\u00f3n de Nochixtl\u00e1n, Oaxaca, M\u00e9xico,<br \/>\nMarzo de 2017.<\/p>\n<p>COVIC Comite de Victimas de Nochixtl\u00e1n; Coordinadora Nacional de Medios Libres; Seccion XXII CNTE; Radio La Combativa de Nochixtlan; Ateneacalling GRECIA; Radio Comunitaria Xadani Oaxaca; Radio Plant\u00f3n Oaxaca; Regeneraci\u00f3n radio DF; Radio Voces Nuestras Voz de todos Normal de Ayotzinapa Guerrero; Luna Negra Espacio cultural; Radio Comunitaria Amiltzinko Morelos; Surco Informativo DF; Desde las nubes Oaxaca;\u00a0 Radio Aguilita La Merced DF, Radio Santa Maria La Rivera DF, Radio Tuun \u00d1uu Savi Huajuapan Oaxaca; Radio Xhuba huini del Itsmo Oaxaca; Radio Comunitaria Zacacopan Eloxochitlan Puebla; Radio Metamorfosis urbana DF;\u00a0 La Voladora Radio Amecameca Edo de Mexico; Radio Zapatista Chiapas;\u00a0 Tierra Com\u00fan-Rancho electronico; Mazorca.org; Willakanyun ARGENTINA; Batallones Femeninos Cd Juarez; Radio Zapote DF; Okupa Radio Pachuca Hidalgo; Voices in Movement EUA; Red de Comunicadores Boca de Polen; Colectivo Ruptura; Diversa Radio; Laboratorio Popular de Medios Libres; Colectivo Forum; Asociaci\u00f3n de Periodistas independientes de la Mixteca; OIDHO; Radio Klaxon ZAD FRANCIA;\u00a0 Radio Rocardo Flores Mag\u00f3n Teotitaln Oaxaca; FUDEPPA; Radio Yaxhil; Memoria y Territorio; Comucaci\u00f3n Integral Comunitaria; Hijos de la Tierra; Radio Hermanos Serdan Puebla; Radio Tacuate; CoAATV.[:]<\/p>\n","protected":false},"excerpt":{"rendered":"<p>[:es]&nbsp; &nbsp; Encuentro de Medios Libres y Radios Comunitarias. 19 de marzo de 2017 Despu\u00e9s de nueve meses de la represi\u00f3n sufrida por parte de las fuerzas federales y estatales contra los habitantes de la comunidad de Asunci\u00f3n Nochixtlan, los medios libres, comunitarios o como se llamen, nos hemos dado a la tarea de reunirnos [&hellip;]<\/p>\n","protected":false},"author":15,"featured_media":20755,"comment_status":"open","ping_status":"closed","sticky":false,"template":"","format":"standard","meta":{"footnotes":""},"categories":[1,826],"tags":[56,1007,87,148,27],"class_list":["post-20753","post","type-post","status-publish","format-standard","has-post-thumbnail","hentry","category-audio","category-medios-libres-2","tag-encuentros","tag-magisterio","tag-represion","tag-resistencia","tag-solidaridad"],"_links":{"self":[{"href":"https:\/\/radiozapatista.org\/index.php?rest_route=\/wp\/v2\/posts\/20753","targetHints":{"allow":["GET"]}}],"collection":[{"href":"https:\/\/radiozapatista.org\/index.php?rest_route=\/wp\/v2\/posts"}],"about":[{"href":"https:\/\/radiozapatista.org\/index.php?rest_route=\/wp\/v2\/types\/post"}],"author":[{"embeddable":true,"href":"https:\/\/radiozapatista.org\/index.php?rest_route=\/wp\/v2\/users\/15"}],"replies":[{"embeddable":true,"href":"https:\/\/radiozapatista.org\/index.php?rest_route=%2Fwp%2Fv2%2Fcomments&post=20753"}],"version-history":[{"count":0,"href":"https:\/\/radiozapatista.org\/index.php?rest_route=\/wp\/v2\/posts\/20753\/revisions"}],"wp:featuredmedia":[{"embeddable":true,"href":"https:\/\/radiozapatista.org\/index.php?rest_route=\/wp\/v2\/media\/20755"}],"wp:attachment":[{"href":"https:\/\/radiozapatista.org\/index.php?rest_route=%2Fwp%2Fv2%2Fmedia&parent=20753"}],"wp:term":[{"taxonomy":"category","embeddable":true,"href":"https:\/\/radiozapatista.org\/index.php?rest_route=%2Fwp%2Fv2%2Fcategories&post=20753"},{"taxonomy":"post_tag","embeddable":true,"href":"https:\/\/radiozapatista.org\/index.php?rest_route=%2Fwp%2Fv2%2Ftags&post=20753"}],"curies":[{"name":"wp","href":"https:\/\/api.w.org\/{rel}","templated":true}]}}