{"id":20695,"date":"2017-03-13T16:54:59","date_gmt":"2017-03-13T22:54:59","guid":{"rendered":"https:\/\/radiozapatista.org\/?p=20695"},"modified":"2020-01-25T07:52:48","modified_gmt":"2020-01-25T13:52:48","slug":"danza-ninez-y-resistencias-desde-cerro-blanco-chile","status":"publish","type":"post","link":"https:\/\/radiozapatista.org\/?p=20695","title":{"rendered":"Danza, ni\u00f1ez y resistencias desde Cerro Blanco, Chile"},"content":{"rendered":"<p><\/p>\n<p style=\"text-align: right;\"><a href=\"https:\/\/radiozapatista.org\/wp-content\/uploads\/2017\/03\/7.jpg\"><img loading=\"lazy\" decoding=\"async\" class=\"wp-image-20698 alignleft\" src=\"https:\/\/radiozapatista.org\/wp-content\/uploads\/2017\/03\/7.jpg\" alt=\"7\" width=\"200\" height=\"300\" srcset=\"https:\/\/radiozapatista.org\/wp-content\/uploads\/2017\/03\/7.jpg 427w, https:\/\/radiozapatista.org\/wp-content\/uploads\/2017\/03\/7-200x300.jpg 200w\" sizes=\"auto, (max-width: 200px) 100vw, 200px\" \/><\/a><\/p>\n<p style=\"text-align: right;\">Por Ignacio Andr\u00e9s.<br \/>\nAm\u00e9rica Leatina desde Abajo.<\/p>\n<p><strong>I.-Celebrando Anata en el Cerro Blanco<\/strong><\/p>\n<p>Durante el 3, 4 y 5 de marzo se realiz\u00f3 la decimotercera versi\u00f3n del Anata en el Cerro Blanco. Fueron tres d\u00edas en donde resonaron las tarkas y las danzas se sucedieron una tras otra, en los que la alegr\u00eda se apropi\u00f3 de anfitriones y asistentes tanto como el juego y la compartici\u00f3n.<\/p>\n<p>Antes de abordar dicha experiencia, inicialmente cabe comenzar por precisar el significado del Anata. Para el Centro Ceremonial Cerro Blanco &#8211; Apu Wechuraba, impulsor del mismo, el Anata es una festividad que hace referencia al \u201ctiempo de juego\u201d en un contexto ritual en plena \u00e9poca de Jallu Pacha o lluvias en el Altiplano. Es el tiempo femenino, tiempo de la Phaxsi Mama (Luna) y de la Pacha Mama, ya que la tierra est\u00e1 abierta, fue sembrada y aparecen los primeros frutos y flores.<\/p>\n<p>Todos los ritos est\u00e1n dirigidos a la papa, la quinoa, la arveja y todo lo que est\u00e9 floreciendo, y en algunos casos se est\u00e9 cosechando. Se le conoce tambi\u00e9n como la fiesta o \u201cfloreo de la gente\u201d, es el espacio de reproducci\u00f3n social de la comunidad. Son tres d\u00edas de fiesta en la que aparece la organizaci\u00f3n espacial y social de los ayllus y en que se representa la adscripci\u00f3n y pertenencia a un grupo de parentesco y comunidad identificada por los antepasados.<\/p>\n<p>La celebraci\u00f3n del Anata se hace generalmente en el mes de febrero o comienzos de marzo, cuando las plantas est\u00e1n en pleno florecimiento. Como tiempo ritual, sagrado, se invoca a las divinidades andinas expresadas en cerros y zonas sagradas, los Apus, Achachilas, Uywires, Wakas.<sup>1<\/sup><\/p>\n<p>Por considerarse una \u00e9poca femenina es el momento propicio para la fertilidad de todo ser vivo. Las plantas de la papa florecen, dando a su tiempo el fruto esperado por la comunidad.<\/p>\n<p>En el Anata se manifiesta la relaci\u00f3n intr\u00ednseca en el mundo andino entre el Jaqi o Runa (persona), la naturaleza y las divinidades. Es un tiempo de renovaci\u00f3n. Las relaciones sociales se restablecen, los ahijados visitan a los padrinos, los ni\u00f1os socializan con la comunidad, se realizan alianzas matrimoniales. Es tiempo de encuentro.<\/p>\n<p>El Anata est\u00e1 asociado con el uso de instrumentos como tarkas, mose\u00f1os y pinkillos. Las danzas ejecutadas est\u00e1n en directa relaci\u00f3n con el instrumento. Dentro de los aguayos las personas portan los primeros productos de las chacras, seleccionando los mejores para ser challados, los cuales posibilitan la multiplicaci\u00f3n en la cosecha.<\/p>\n<p>En la celebraci\u00f3n del Anata es primordial la ch\u2019alla (rociar la tierra o alg\u00fan elemento con alcohol) y la instalaci\u00f3n de mesas ceremoniales en las cuatro esquinas de todo lugar. Este agradecimiento se extiende a todo el conjunto de la naturaleza, animales, casa, bienes. Todo lo circundante al Jaqi o Runa, las herramientas de trabajo, los productos agr\u00edcolas, la naturaleza, las cosas, adquieren vida, son seres que comen y beben.<\/p>\n<p>Lanzar agua en Anata est\u00e1 relacionado con la fecundidad de la tierra, en las comunidades se juega con agua y tambi\u00e9n harina. La Pacha Mama necesita confites para satisfacer su hambre, realiz\u00e1ndose mesas ceremoniales dulces. La serpentina y la mixtura son otros elementos fundamentales para esta festividad, simbolizando la continuidad, alegr\u00eda, unidad y cooperaci\u00f3n, pero sobre todo la hoja sagrada de la Mama Coca, la que nos permite relacionarnos con nuestras divinidades.<\/p>\n<p>En algunas comunidades el Anata es representado por una figura masculina llamada \u00d1o Carnaval\u00f3n o Jos\u00e9 Domingo Carnaval\u00f3n, dando cuenta del principio andino de la dualidad, el chacha-warmi (hombre-mujer), siendo el complemento de la Pacha Mama, el abuelo eterno. Su desentierro en el inicio de la fiesta representa el regreso de los antepasados. Es tiempo de fertilidad y hay que despedirlo con alegr\u00eda.<sup>2<\/sup><\/p>\n<p>Pero hay algo m\u00e1s por exponer. Hist\u00f3ricamente, el Anata que se realiza en el Cerro Blanco guarda una estrecha relaci\u00f3n con el Anata oriundo del Valle de Azapa (ubicado en la XV regi\u00f3n de Arica y Parinacota), desde que a principios de los 70\u2019 agrupaciones de danza aymaras bolivianas junto a familias afro-descendientes organizaran el primer carnaval en dicho valle, que ya en aquel entonces ten\u00eda la figura del abuelo carnaval\u00f3n o \u00abesp\u00edritu de los cultivos\u00bb, una suerte de jornalero o campesino de la zona. Cabe se\u00f1alar tambi\u00e9n que estas primeras agrupaciones referir\u00edan sus nombres a los pueblos de origen en Bolivia, como es el caso de la agrupaci\u00f3n Andino Sajama que alude a la provincia de Sajama, departamento de Oruro.<sup>3<\/sup><\/p>\n<p>Por otra parte, podr\u00edamos decir que el abuelo carnaval\u00f3n, abuelo carnaval, o tambi\u00e9n conocido en otros lugares como el \u00d1o carnaval\u00f3n, visto con ojos de no creyente, es un mono hecho de paja, madera y otros elementos, con vestimentas de traje, un vest\u00f3n y un pantal\u00f3n de tela muy elegantes. Pero \u00e9l, al levantarse de la tierra, es el que da comienzo tanto a los carnavales de los pueblos del interior de Arica como al del Cerro Blanco. Seg\u00fan la concepci\u00f3n andina, cada pueblo cuenta con su propio abuelo enterrado en alg\u00fan cerro sagrado, debi\u00e9ndose realizar un ritual en agradecimiento (denominado pawa) al desenterrarlo, visti\u00e9ndolo para los d\u00edas que siguen de carnaval, y al acabar \u00e9ste, enterrarlo nuevamente y permitirle descansar hasta el otro a\u00f1o. Com\u00fanmente una agrupaci\u00f3n denominada \u00abalf\u00e9rez\u00bb, suele hacerse cargo de la ceremonia de vestimenta para el abuelo, de comprarle un traje nuevo para este a\u00f1o, as\u00ed como zapatos, sombrero, camisa, etc., si es necesario.<sup>4<\/sup><\/p>\n<p>En el caso del Anata del Cerro Blanco &#8211; Apu Wechuraba, el alf\u00e9rez de este a\u00f1o fue la fraternidad <a href=\"https:\/\/www.facebook.com\/centralistassanmiguel.stgodechile\">Caporales Centralistas San Miguel<\/a>, agrupaci\u00f3n con m\u00e1s de cuarenta a\u00f1os de trayectoria, que sostuvo durante los tres d\u00edas de carnaval las diversas ceremonias, actividades, comidas, bebidas, higiene y aseo del cerro y centro ceremonial, adem\u00e1s de acoger a las m\u00e1s de 500 personas asistentes y manteniendo as\u00ed el esp\u00edritu del carnaval.<sup>5<\/sup> El pr\u00f3ximo a\u00f1o el nuevo alf\u00e9rez deber\u00e1 desempe\u00f1arse en la misma funci\u00f3n, sin esperar nada a cambio, en \u00edntima reciprocidad con las dem\u00e1s agrupaciones, como ya es marcada tradici\u00f3n.<\/p>\n<p>Todo esto ocurre en un territorio que al estar ubicado en el Valle del Mapocho y sus cercan\u00edas, alberga todo un universo de entidades sagradas que nos rememoran antiguos parajes donde conviv\u00edan personas venidas del norte, pueblos andinos del kollasuyu, y pueblos del sur, mapuche. Lo que hoy se conoce como Santiago siempre constituy\u00f3 un espacio intercultural. De hecho, en las laderas del Cerro Blanco en direcci\u00f3n poniente, se ubica el Qhapaq \u00d1ana (o camino principal en quechua), el sendero que los pueblos del norte y sur usaban para cruzar el valle del Mapocho, en donde actualmente se ubica la Avenida Independencia y la calle Bandera.<sup>6<\/sup><\/p>\n<p>Hoy d\u00eda, la celebraci\u00f3n del Anata es parte de una pol\u00edtica latente, en tanto proyecto y necesidad, que da cuenta por entre otros aspectos, de la apremiante necesidad del encuentro entre nuestros c\u00edrculos de organizaci\u00f3n, de las muchas veces omitida compartici\u00f3n y alegr\u00eda en nuestras relaciones, conc\u00edbanse estas pol\u00edticas o no. Un valeroso programa que a trav\u00e9s de la rigurosidad que conlleva el constante levantamiento de actividades, se consolida y defiende ante el hostigamiento de las instituciones de la vieja pol\u00edtica y la ascendente represi\u00f3n hacia las comunidades.<\/p>\n<p>No hay duda que en un pa\u00eds como el nuestro, convertido ya desde hace d\u00e9cadas en un laboratorio del neoliberalismo, la cultura constituye una aguda problem\u00e1tica en donde cada pormenor, dicho sea de paso, puede tornarse crucial. Es cuesti\u00f3n de entrever como \u00e9sta se desarrolla en el actual conflicto del Centro Ceremonial Cerro Blanco &#8211; Apu Wechuraba. Desde la hora en que sale el sol hasta que \u00e9ste se pone, son f\u00e1cilmente distinguibles dos culturas.<\/p>\n<p>Por una parte, una cultura \u00abdesde arriba\u00bb, que en el caso que nos ocupa, se muestra est\u00e1tica, incapaz de romper con el paternalismo y las concepciones de identidad dominantes, impuestas con sangre, tristeza y olvido, como lo son la naci\u00f3n o inclusive la de raza, cuya autenticidad ha sido reducida a certificados provistos por la misma Rep\u00fablica que desde su conformaci\u00f3n, no ha hecho m\u00e1s que reprimir las comunidades ind\u00edgenas. Vemos ah\u00ed el hecho tr\u00e1gico de que, como anta\u00f1o, la pol\u00edtica se antepone a la cultura \u2014traducido esto en la maquinaci\u00f3n partidista que amenaza la gesti\u00f3n del cerro\u2014, proliferando as\u00ed la indiferencia, la ambici\u00f3n y la traici\u00f3n en las relaciones humanas.<\/p>\n<p>Por otra parte, en paralelo se robustece una cultura \u00abdesde abajo\u00bb, que al ser din\u00e1mica se reinventa una y otra vez, aun\u00e1ndose de forma comunitaria, a partir del encuentro, del sentir, haciendo de este un catalizador ante las amarguras del d\u00eda a d\u00eda. Cultura que en el caso que nos convoca, inspir\u00f3 tanto a quienes de manera eventual tocaron, bailaron o de alguna u otra fueron parte del Anata, como es parte de quienes desde hace diecis\u00e9is a\u00f1os han sido parte \u00edntegra de la construcci\u00f3n a pulso y se han esfuerzan d\u00eda a d\u00eda en la manutenci\u00f3n del Centro Ceremonial Cerro Blanco &#8211; Apu Wechuraba. En este caso se dif\u00edcil distinguir el divorcio entre cultura y pol\u00edtica o siquiera establecer un orden \u00abt\u00e1ctico\u00bb entre ambas.<\/p>\n<p>Con este tel\u00f3n de fondo, el CONACIN o Coordinadora Nacional Indianista se ha situado en el desarrollo y fomento de la cultura desde abajo, potenciando as\u00ed no s\u00f3lo la ancestral condici\u00f3n de punto de encuentro del Cerro Blanco, sino que hoy al mismo tiempo, la de resistencia.<\/p>\n<p>De all\u00ed que a cuatro d\u00edas de finalizado el Anata, el jueves 9 de marzo, fuese realizada la Mesa Indianista en la Aldea de La Paz del centro ceremonial, jornada en donde asistieron m\u00e1s de 100 personas, muchas en representaci\u00f3n de diversas agrupaciones de danza, con el fin de hacer converger las formas de lucha en la restituci\u00f3n del comodato.<\/p>\n<p>Del mismo modo, este jueves 16 de marzo se realizar\u00e1 una asamblea abierta a las 19:00 hrs. en la Aldea de La Paz del Centro Ceremonial del Apu Wechuraba, en donde han sido convocada a participar la Mesa Ind\u00edgena de Recoleta, siendo este encuentro propicio para el di\u00e1logo entre los diversos actores involucrados, as\u00ed como otra oportunidad para la colaboraci\u00f3n de quienes de alg\u00fan modo son conscientes del conflicto y la importancia en la defensa de las culturas desde abajo.<\/p>\n<table style=\"height: 79px;\" width=\"5\">\n<tbody>\n<tr>\n<td><\/td>\n<\/tr>\n<tr>\n<td style=\"text-align: center;\"><\/td>\n<\/tr>\n<\/tbody>\n<\/table>\n<p>Notas:<\/p>\n<p>1.Apu es el t\u00edtulo de honor que significa &#8216;Se\u00f1or&#8217; y que se da en especial a los Achachilas y tambi\u00e9n al Dios cristiano.<\/p>\n<p>Los Achachilas, junto con la Pachamama, constituyen la categor\u00eda m\u00e1s importante. Son los grandes protectores del pueblo aymara y de cada comunidad local. Como las monta\u00f1as y los cerros, que son sus moradas, abrigan al hombre. Existe una relaci\u00f3n filial entre los aymaras y los Achachilas, porque estos \u00faltimos son los esp\u00edritus de los antepasados remotos, que siguen permaneciendo cerca de sus pueblos. Supervisando la vida de los suyos, comparten sus sufrimientos y sus penas, y les colman con sus bendiciones. Los hombres les pagan por todo esto respet\u00e1ndoles y ofreci\u00e9ndoles oraciones y ofrendas. Existen varias clases de Achachilas. Una primera clase la forman los Achachilas grandes, generalmente identificados con las m\u00e1s altas monta\u00f1as de las cordilleras andinas, como por ejemplo el Illampu, el Illimani y el Sajama. \u00c9stos son los protectores de todo el pueblo aymara y de todo el territorio ocupado por \u00e9ste. Una segunda clase la forman los Achachilas, que son identificados con los cerros que rodean las comunidades; \u00e9stos son los esp\u00edritus protectores de las comunidades locales: as\u00ed, cada comunidad tiene sus propios Achachilas.<\/p>\n<p>Los Uywires (o uywiri) son los esp\u00edritus protectores locales, en especial del hogar y del ganado. Son tambi\u00e9n el nombre gen\u00e9rico para los distintos lugares sagrados que se encuentran dentro de los l\u00edmites de una comunidad. Estos lugares son considerados como protectores de los habitantes, de los cultivos y del ganado.<\/p>\n<p>El Waka es un esp\u00edritu protector de menor categor\u00eda. Su fuerza est\u00e1 presente en determinadas piedras que son respetadas por los campesinos. Los misioneros de la \u00e9poca colonial usaban la palabra waka para todos los seres sobrehumanos de los aymaras y sus representaciones.<\/p>\n<p>Fuente: &#8220;Glosario&#8221;, de Hans van den Berg, 2005. Disponible en <a href=\"http:\/\/www.scielo.org.bo\/scielo.php?script=sci_arttext&amp;pid=S2077-33232005000100010\">http:\/\/www.scielo.org.bo\/scielo.php?script=sci_arttext&amp;pid=S2077-33232005000100010\u00a0<\/a><\/p>\n<ol start=\"2\">\n<li>Transcripci\u00f3n directa del cartel puesto a la entrada del Centro Ceremonial, que explica seg\u00fan quienes componen \u00e9ste mismo el significado del Anata.<\/li>\n<\/ol>\n<ol start=\"3\">\n<li>&#8220;Carnaval Andino en la ciudad de Arica: Performance en la frontera norte chilena&#8221;, de Andrea Chamorro, 2013. Disponible en: <a href=\"http:\/\/www.scielo.cl\/scielo.php?script=sci_arttext&amp;pid=S0718-10432013000100004\/\">http:\/\/www.scielo.cl\/scielo.php?script=sci_arttext&amp;pid=S0718-10432013000100004\/<\/a><\/li>\n<li>&#8220;\u00c9poca de carnaval: celebrando el mundo Aymara y derribando estereotipos en nuestras culturas ancestrales&#8221;, de Paula Jorquera, 2017. Disponible en: <a href=\"http:\/\/www.elmostrador.cl\/braga\/2017\/02\/26\/epoca-de-carnaval-celebrando-el-mundo-aymara-y-derribando-estereotipos-en-nuestras-culturas-ancestrales\/\">http:\/\/www.elmostrador.cl\/braga\/2017\/02\/26\/epoca-de-carnaval-celebrando-el-mundo-aymara-y-derribando-estereotipos-en-nuestras-culturas-ancestrales\/<\/a><\/li>\n<\/ol>\n<ol start=\"5\">\n<li>Fuente: <a href=\"https:\/\/www.facebook.com\/somoscerroblanco\/?fref=ts\">Somos Cerro Blanco<\/a><\/li>\n<\/ol>\n<ol start=\"6\">\n<li>Santiago Jacha Marka: Danzas, cosmovisi\u00f3n, festividades y acci\u00f3n pol\u00edtica en el espacio urbano. Compa\u00f1\u00eda de Investigaci\u00f3n y Danzas Andinas Taypi Aru. Editorial Quimant\u00fa, 2011.<\/li>\n<\/ol>\n<p><strong>II. Corso infantil en el Apu Wechuraba: la danza, la ni\u00f1ez y otras resistencias<\/strong><\/p>\n<p>Durante el pasado s\u00e1bado 25 de febrero, en el Centro Ceremonial Ind\u00edgena Apu Wechuraba<sup>1<\/sup> del Cerro Blanco, se realiz\u00f3 un corso infantil organizado por la Coordinadora Nacional Indianista, m\u00e1s conocida como CONACIN, que actualmente agrupa a diversas agrupaciones de danza tales como Mankasaya, Kullabas, Bailes Chinos, temascaleros, adem\u00e1s de machis y otros.<sup>2<\/sup><\/p>\n<p>Siendo CONACIN un crisol de distintas danzas, cosmovisiones, experiencias y sensibilidades pol\u00edticas, hablar de danza para \u00e9sta es hacer referencia directa a su cultura de proveniencia, la ritualidad en la que se instala, el car\u00e1cter de festividad que desarrolla, la m\u00fasica, la vestimenta, y por sobre todo los y las danzantes. Es m\u00e1s, podr\u00edamos decir que en cierto sentido las agrupaciones se han convertido en ayllus<sup>3<\/sup>, comunidades ya no transitorias como los conjuntos folcl\u00f3ricos (entendidos de manera simplista), sino m\u00e1s bien como comunidades de sentido, desde la reelaboraci\u00f3n de la solidaridad y fraternidad a trav\u00e9s del movimiento y los cuerpos<sup>4<\/sup>.<\/p>\n<p>A partir de esta perspectiva \u2013y dentro de la apretada agenda que suele mantener el CONACIN durante el a\u00f1o\u2013, ser\u00eda llevar\u00eda a cabo el corso infantil.<\/p>\n<p>Pero cabe preguntarse, \u00bfqu\u00e9 es un corso?<\/p>\n<p>Un corso se distingue de otras formas carnavalescas en tanto no posee un car\u00e1cter homog\u00e9neo en el desfile, pues no se compone s\u00f3lo de bandas, como lo ser\u00eda una comparsa, sino que permite personas o agrupaciones no precisamente vinculadas a la danza, as\u00ed como tambi\u00e9n da paso a toda una variedad de atuendos (no solamente pertenecientes a conjuntos folcl\u00f3ricos) tales como disfraces o caras pintadas, tal como lo ser\u00eda en esta ocasi\u00f3n. Adem\u00e1s, el corso se suele realizar en \u00e9poca de carnaval y esta no ser\u00eda la excepci\u00f3n, pues habr\u00eda sido previo a la Anata<sup>5<\/sup> realizada el 3, 4 y 5 de marzo en el Apu Wechuraba.<\/p>\n<p>\u00bfPor qu\u00e9, entonces, un corso infantil?<\/p>\n<p>Puesto que para las agrupaciones de danza andina reunidas en el Apu Wechuraba es com\u00fan observar como las ni\u00f1as y ni\u00f1os suelen ser apartados de todas las presentaciones, reuniones organizativas o m\u00faltiples instancias consideradas solemnes, serias, formales o en estricto rigor, \u00abadultas\u00bb en la sociedad, no siendo precisamente tales agrupaciones la excepci\u00f3n. De ah\u00ed a que durante La Comadre<sup>6<\/sup> del pasado jueves 23, entre las diversas intervenciones realizadas por las compa\u00f1eras, se se\u00f1alase la necesidad de resolver dicha problem\u00e1tica, comenzando as\u00ed por el corso infantil. No obstante, seg\u00fan tambi\u00e9n se marcar\u00eda el \u00e9nfasis en que \u00e9ste ser\u00eda parte de toda una apuesta por sostener en el tiempo, orientada a las nuevas generaciones, consider\u00e1ndose al corso como el primero de muchos carnavales infantiles por realizar. Es as\u00ed como durante el presente a\u00f1o se realizar\u00edan al menos dos talleres de danza infantil. Por un lado la Aldea Kenay o escuela masculina en las estaciones de oto\u00f1o e invierno y por otro, la Aldea Sayen o escuela femenina en las estaciones de primavera y verano.<\/p>\n<p>En otro aspecto, la puesta en marcha de semejante iniciativa da cuenta como la educaci\u00f3n en torno a las culturas propias de Nuestra Am\u00e9rica, no puede resolverse ya a trav\u00e9s de relaciones asim\u00e9tricas en donde es el ni\u00f1o quien sigue y aprende, y el adulto, quien se\u00f1ala y ense\u00f1a, y del mismo modo, como los saberes no pueden comprenderse sino a trav\u00e9s del v\u00ednculo con la realidad y su subjetividad, el hacer mismo. De forma tal que, la transformaci\u00f3n de las relaciones sociales y la vinculaci\u00f3n con nuestras diversas ra\u00edces no ser\u00eda ya una cuesti\u00f3n que ata\u00f1er\u00eda tan s\u00f3lo a la responsabilidad de las personas adultas, poseedoras de conocimientos espec\u00edficos o no, sino que tomar\u00eda en forma y contenido otros saberes, sentimientos e inquietudes, los que suelen marcar el paso del ritmo festivo que es la misma infancia, pero que se ven entorpecidos a diario por los desabrimientos, desigualdades y contrariedades de la educaci\u00f3n actual en Chile.<\/p>\n<p>Por otra parte, en cuanto al curso de la actividad, el pasacalle comenzar\u00eda en la Casa Andina, espacio en donde habitualmente se realizan ceremonias y rogativas, para posteriormente dirigirse al Jard\u00edn Machi, en donde los infantes interactuar\u00edan con una llama<sup>7<\/sup> ah\u00ed presente, cruzando junto al Temascal y llegando finalmente al escenario del Apu Wechuraba, en donde com\u00fanmente se suelen celebrar las presentaciones de danza y m\u00fasica de mayor envergadura. Posteriormente se retornar\u00eda a la Casa Andina para as\u00ed realizar el apthapi<sup>8<\/sup> y de forma paralela, los siempre entusiastas juegos de agua.<\/p>\n<p>Por \u00faltimo, hay que se\u00f1alar el corso infantil se llevar\u00eda a cabo en pleno conflicto con la gesti\u00f3n municipal de Daniel Jadue (PC), encontr\u00e1ndose actualmente el CONACIN ante la inminencia de un desalojo. Esto debido a que dos semanas luego de haberse celebrado el Inti Raymi el a\u00f1o pasado, la Coordinadora ser\u00eda notificada del t\u00e9rmino en el comodato, a raz\u00f3n de un supuesto \u201cincumplimiento de contrato\u201d, puesto que el Centro Ceremonial Apu Huechuraba no habr\u00eda contado formalmente con instalaciones de agua y luz. Parad\u00f3jicamente, esto \u00faltimo le habr\u00eda correspondido precisamente al SIRVIU o la Municipalidad.<\/p>\n<p>Ante tal situaci\u00f3n, se hace relevante tomar en cuenta como el CONACIN ha sostenido de manera aut\u00f3noma por m\u00e1s de diecis\u00e9is a\u00f1os el Apu Wechuraba, levantando diversas instancias tales como carnavales, rogativas, comparticiones, talleres, etc\u00e9tera, hasta el d\u00eda de hoy, autofinanci\u00e1ndose para todo ello.<\/p>\n<p>Es por ello que el jueves 9 de marzo se realizar\u00e1 una Mesa Indianista con todas las agrupaciones part\u00edcipes o relacionadas de alg\u00fan u otro modo al centro ceremonial, de la cual resultar\u00e1 una propuesta de administraci\u00f3n del cerro en su totalidad \u2013y no una fracci\u00f3n del mismo como actualmente ocurre\u2013, desde la visi\u00f3n de la autogesti\u00f3n y autonom\u00eda ind\u00edgena.<sup>9<\/sup><\/p>\n<p><a href=\"https:\/\/radiozapatista.org\/wp-content\/uploads\/2017\/03\/5.jpg\"><img loading=\"lazy\" decoding=\"async\" class=\"alignnone wp-image-20696\" src=\"https:\/\/radiozapatista.org\/wp-content\/uploads\/2017\/03\/5.jpg\" alt=\"5\" width=\"365\" height=\"243\" srcset=\"https:\/\/radiozapatista.org\/wp-content\/uploads\/2017\/03\/5.jpg 640w, https:\/\/radiozapatista.org\/wp-content\/uploads\/2017\/03\/5-350x234.jpg 350w\" sizes=\"auto, (max-width: 365px) 100vw, 365px\" \/><\/a><\/p>\n<p><a href=\"https:\/\/radiozapatista.org\/wp-content\/uploads\/2017\/03\/8.jpg\"><img loading=\"lazy\" decoding=\"async\" class=\"alignnone wp-image-20697\" src=\"https:\/\/radiozapatista.org\/wp-content\/uploads\/2017\/03\/8.jpg\" alt=\"8\" width=\"384\" height=\"256\" srcset=\"https:\/\/radiozapatista.org\/wp-content\/uploads\/2017\/03\/8.jpg 640w, https:\/\/radiozapatista.org\/wp-content\/uploads\/2017\/03\/8-350x234.jpg 350w\" sizes=\"auto, (max-width: 384px) 100vw, 384px\" \/><\/a><\/p>\n<p>Fotograf\u00edas: Jorge Rosales<\/p>\n<p>&nbsp;<\/p>\n<p>&nbsp;<\/p>\n<p><strong>Notas <\/strong><\/p>\n<ol>\n<li>El Cerro Blanco era ya denominado como Apu Wechuraba desde tiempos remotos. \u201cApu\u201d en quechua vendr\u00eda a significar un lugar o cerro sagrado, mientras que \u201cWechuraba\u201d es una palabra en mapuzung\u00fan, que vendr\u00eda a significar \u201cde donde nace la greda\u201d.2. Fuente: <a href=\"https:\/\/www.facebook.com\/Periodico.RecoLector\">Peri\u00f3dico El Recolector<\/a>3. El \u201cayllu\u201d es un t\u00e9rmino de origen quechua al que suele asoci\u00e1rsele por significado parentela, familia o linaje. Del mismo modo fue la unidad pol\u00edtica, econ\u00f3mica y social b\u00e1sica del Estado Inca, siendo conformado as\u00ed por miles de familias. Los ayllus sin embargo no se conformaban por lazos puramente sangu\u00edneos (como hoy podr\u00edan serlo las familias), sino que tambi\u00e9n por estrechos v\u00ednculos territoriales, espirituales, laborales, etc\u00e9tera.\n<p>4. <em>Santiago Jacha Marka: Danzas, cosmovisi\u00f3n, festividades y acci\u00f3n pol\u00edtica en el espacio urbano<\/em>. Compa\u00f1\u00eda de Investigaci\u00f3n y Danzas Andinas Taypi Aru. Editorial Quimant\u00fa, 2011.<\/p>\n<p>5. La Anata es una festividad andina, realizada en el Apu Wechuraba [\u2026]<\/p>\n<p>6. Las Comadres son fiestas provenientes de Asturias, el Pueblo Vasco y otros lugares de Espa\u00f1a, que ser\u00eda adquirida durante el proceso de colonizaci\u00f3n por comunidades andinas, cosmovisi\u00f3n andina alcanzando diversos territorios de Am\u00e9rica Latina, aunque manteniendo la esencia de una actividad de contenci\u00f3n, catarsis y compartici\u00f3n, preponderantemente femenina.<\/p>\n<p>7. Actualmente la llama sigue siendo un animal fundamental para el desarrollo de la econom\u00eda cotidiana, los mitos y la ciencia de las m\u00faltiples culturas relacionadas con el Altiplano andino.<\/p>\n<p>8. El apthapi proviene del vocablo apthapi\u00f1a, que significa \u201crecoger de la cosecha\u201d. Se le suele denominar as\u00ed a la costumbre de compartir alimentos entre los miembros de una comunidad, amigos o familiares se conoce entre los aymaras como apthapi y es una herencia de los pueblos nativos del occidente boliviano. Tiene adem\u00e1s el objetivo de compartir, unir a las familias y tambi\u00e9n permitir a las comunidades reconciliarse con aquellas que se encuentran distanciadas por discusiones o problemas.<\/p>\n<p>9. Fuente: <a href=\"https:\/\/www.facebook.com\/Periodico.RecoLector\">Peri\u00f3dico El Recolector<\/a><\/li>\n<\/ol>\n<p><\/p>","protected":false},"excerpt":{"rendered":"<p>Por Ignacio Andr\u00e9s. Am\u00e9rica Leatina desde Abajo. I.-Celebrando Anata en el Cerro Blanco Durante el 3, 4 y 5 de marzo se realiz\u00f3 la decimotercera versi\u00f3n del Anata en el Cerro Blanco. Fueron tres d\u00edas en donde resonaron las tarkas y las danzas se sucedieron una tras otra, en los que la alegr\u00eda se apropi\u00f3 [&hellip;]<\/p>\n","protected":false},"author":13,"featured_media":0,"comment_status":"open","ping_status":"closed","sticky":false,"template":"","format":"standard","meta":{"footnotes":""},"categories":[51,1284,826,960,935],"tags":[85,768],"class_list":["post-20695","post","type-post","status-publish","format-standard","hentry","category-autor","category-latinoamerica","category-medios-libres-2","category-ninxs","category-temas","tag-chile","tag-infancia"],"_links":{"self":[{"href":"https:\/\/radiozapatista.org\/index.php?rest_route=\/wp\/v2\/posts\/20695","targetHints":{"allow":["GET"]}}],"collection":[{"href":"https:\/\/radiozapatista.org\/index.php?rest_route=\/wp\/v2\/posts"}],"about":[{"href":"https:\/\/radiozapatista.org\/index.php?rest_route=\/wp\/v2\/types\/post"}],"author":[{"embeddable":true,"href":"https:\/\/radiozapatista.org\/index.php?rest_route=\/wp\/v2\/users\/13"}],"replies":[{"embeddable":true,"href":"https:\/\/radiozapatista.org\/index.php?rest_route=%2Fwp%2Fv2%2Fcomments&post=20695"}],"version-history":[{"count":1,"href":"https:\/\/radiozapatista.org\/index.php?rest_route=\/wp\/v2\/posts\/20695\/revisions"}],"predecessor-version":[{"id":33879,"href":"https:\/\/radiozapatista.org\/index.php?rest_route=\/wp\/v2\/posts\/20695\/revisions\/33879"}],"wp:attachment":[{"href":"https:\/\/radiozapatista.org\/index.php?rest_route=%2Fwp%2Fv2%2Fmedia&parent=20695"}],"wp:term":[{"taxonomy":"category","embeddable":true,"href":"https:\/\/radiozapatista.org\/index.php?rest_route=%2Fwp%2Fv2%2Fcategories&post=20695"},{"taxonomy":"post_tag","embeddable":true,"href":"https:\/\/radiozapatista.org\/index.php?rest_route=%2Fwp%2Fv2%2Ftags&post=20695"}],"curies":[{"name":"wp","href":"https:\/\/api.w.org\/{rel}","templated":true}]}}