{"id":20652,"date":"2017-03-10T10:25:01","date_gmt":"2017-03-10T16:25:01","guid":{"rendered":"https:\/\/radiozapatista.org\/?p=20652"},"modified":"2017-03-15T09:32:15","modified_gmt":"2017-03-15T15:32:15","slug":"comunicado-del-congreso-nacional-indigena-del-9-de-marzo-de-2017","status":"publish","type":"post","link":"https:\/\/radiozapatista.org\/?p=20652","title":{"rendered":"Comunicado del Congreso Nacional Ind\u00edgena del 9 de marzo de 2017"},"content":{"rendered":"<p><\/p>\n<p style=\"text-align: center;\"><a href=\"https:\/\/radiozapatista.org\/wp-content\/uploads\/2017\/03\/240217-desalojo-4.jpg\"><img loading=\"lazy\" decoding=\"async\" class=\"aligncenter size-full wp-image-20653\" src=\"https:\/\/radiozapatista.org\/wp-content\/uploads\/2017\/03\/240217-desalojo-4.jpg\" alt=\"240217-desalojo-4\" width=\"600\" height=\"450\" srcset=\"https:\/\/radiozapatista.org\/wp-content\/uploads\/2017\/03\/240217-desalojo-4.jpg 600w, https:\/\/radiozapatista.org\/wp-content\/uploads\/2017\/03\/240217-desalojo-4-350x263.jpg 350w\" sizes=\"auto, (max-width: 600px) 100vw, 600px\" \/><\/a><br \/>\n<small>Foto: Agencia Infoman\u00eda<\/small><\/p>\n<p><a href=\"http:\/\/enlacezapatista.ezln.org.mx\/2017\/03\/09\/comunicato-del-congresso-nazionale-indigeno-del-9-marzo-2017\/\" target=\"_blank\">Traduzione italiano<\/a><br \/>\n<a href=\"http:\/\/enlacezapatista.ezln.org.mx\/2017\/03\/14\/comunicado-do-congresso-nacional-indigena-do-dia-9-de-marco-de-2017\/\" target=\"_blank\">Tradu\u00e7\u00e3o em portug\u00eas<\/a><\/p>\n<p>::::::::::::::::::::::::::::<\/p>\n<p class=\"western\" style=\"text-align: center;\"><b>Comunicado del Congreso Nacional Ind\u00edgena<\/b><\/p>\n<p>9 de marzo 2017<\/p>\n<p>A la sexta nacional e internacional<br \/>\nA los medios libres de comunicaci\u00f3n<br \/>\nA la sociedad civil en general<\/p>\n<p class=\"western\">Compa\u00f1eros, compa\u00f1eras, mientras nuestros pueblos cada uno a sus modos y formas seguimos organiz\u00e1ndonos, analizando y tomando acuerdos colectivos para la conformaci\u00f3n de un Concejo Ind\u00edgena de Gobierno, la guerra en contra de nuestros pueblos no cesa, el despojo y la represi\u00f3n desde los malos gobiernos en sus tres niveles sigue actuando en contra de nuestra madre tierra, de nuestros pueblos y nuestras organizaciones aut\u00f3nomas.<\/p>\n<p class=\"western\"><b>En el estado de Oaxaca<\/b><\/p>\n<p class=\"western\">Con indignaci\u00f3n denunciamos y condenamos lo acontecido en la comunidad de San Francisco del Mar, regi\u00f3n del Istmo de Tehuantepec, Oaxaca, donde se suscitaron actos de violencia, incluso el uso de armas de fuego, para imponer la aprobaci\u00f3n de proyectos e\u00f3licos que despojar\u00edan de una parte importante de tierras de uso com\u00fan de esta comunidad y afectar\u00edan gravemente a su rico y delicado ecosistema.<\/p>\n<p class=\"western\">Los hechos se desarrollaron durante la asamblea del comisariado de bienes comunales de San Francisco del Mar, la cual fue convocada para tratar la autorizaci\u00f3n del uso de m\u00e1s de 15 mil hect\u00e1reas para proyectos camaroniferos de Pueblo Viejo en la zona denominada la bocabarra. Varios oradores expusieron su rechazo a la entrega de tierras, evidenciaron que en realidad es para proyectos e\u00f3licos; se dijo que la bocabarra se trata de un lugar vital para miles de pescadores y de ser aprobado el proyecto significar\u00eda quitarles el derecho a su fuente de vida y sustento; adem\u00e1s que una decisi\u00f3n tan importante requiere la participaci\u00f3n y decisi\u00f3n de toda la poblaci\u00f3n.<\/p>\n<p class=\"western\"><!--more-->La bocabarra forma parte del sistema lagunar del Istmo y es un lugar de suma importancia por ser la principal zona de pesca y encontrarse lugares sagrados y de alto valor espiritual. En esta parte de la regi\u00f3n, la pesca brinda el mayor sustento econ\u00f3mico y es la fuente de alimentaci\u00f3n para toda la poblaci\u00f3n. Tambi\u00e9n es un lugar muy codiciado por las empresas e\u00f3licas por sus potentes vientos, ya hubo un intento de construir el parque e\u00f3lico de Mare\u00f1a Renovables en la Barra de Santa Teresa, el cual gener\u00f3 grandes movilizaciones de rechazo por todos los pueblos circundantes.<\/p>\n<p class=\"western\">Es necesario evidenciar que lo que pas\u00f3 en San Francisco del Mar no es un hecho aislado, se trata de un plan integral de despojo de los territorios de las comunidades del Istmo para cumplir con los megaproyectos que pretenden imponer en la regi\u00f3n con la llamada Zona Econ\u00f3mica Especial del Istmo de Tehuantepec (ZEE), que viene sustentando la segunda fase de desarrollo e\u00f3lico.<\/p>\n<p class=\"western\"><b>En el estado de Michoac\u00e1n<\/b><\/p>\n<p class=\"western\">En la comunidad de Calzonzin, el pasado viernes 24 de febrero el mal Gobierno del Estado de Michoac\u00e1n, en contubernio con el Gobierno Federal, reprimieron salvajemente al pueblo p\u00b4urh\u00e9pecha de Caltzontzin que se manifestaban por defender su leg\u00edtimo derecho a la restituci\u00f3n del territorio comunal.<\/p>\n<p class=\"western\">Ese d\u00eda, las fuerzas represivas del Estado mexicano sitiaron toda la comunidad Caltzontzin, sin permitir el acceso o salida de ninguna persona, acto seguido arrojaron bombas de gas lacrim\u00f3geno desde un helic\u00f3ptero sobre toda la comunidad, ingresando al territorio de la comunidad y deteniendo arbitrariamente a 17 comuneros, de los cuales 13 a\u00fan contin\u00faan detenidos y uno padece de sus facultades mentales, paralelamente ingresaron a diversos hogares en la comunidad sin orden de cateo causando destrozos, violando los derechos humanos por defender los privilegios de la empresa trasnacional ferrocarrilera Kansas City\u00a0Southern.<\/p>\n<p class=\"western\">Nos pronunciamos por la libertad inmediata de los presos pol\u00edticos de los pueblos originarios de Michoac\u00e1n, en particular de los 13 comuneros detenidos en Caltzontzin, cuyo \u00fanico delito ha sido la defensa de tierra comunal, de la dignidad y de la vida para sus pueblos y las futuras generaciones.<\/p>\n<p class=\"western\">En la Costa, la comunidad nahua de Santa Mar\u00eda Ostula es agredida por grupos de la delincuencia organizada que penetraron el territorio al sureste del municipio de Aquila, con muerte y el saqueo miras a desarticular la organizaci\u00f3n aut\u00f3noma y la seguridad comunitaria para que regrese el terror y el saqueo de recursos naturales y tierras comunales.<\/p>\n<p class=\"western\">El 5 de febrero de este a\u00f1o 5 polic\u00edas comunitarios de San Pedro Naranjestil, al sur del municipio de Aquila adscritos a la polic\u00eda municipal, el pasado 5 de febrero fueron secuestrados por e elementos de la Secretar\u00eda de Marina, quienes despu\u00e9s los entregaron a los grupos delictivos encabezados por Jes\u00fas Cruz Virrueta (alias Chuy Playas), Fernando Cruz Mendoza (alias El Tena), Jos\u00e9 Mar\u00eda Cruz (alias el Tunco), Federico Gonz\u00e1lez Medina (alias Lico) y Mario \u00c1lvarez L\u00f3pez (alias El Chacal), a lo que ha seguido la obstaculizaci\u00f3n de los operativos emprendidos por los grupos de autodefensa de los municipios de Aquila, Chinicuila y Coahuayana para detener a los grupos delincuenciales.<\/p>\n<p class=\"western\">Lo anterior se suma a los muchos episodios en que las fuerzas armadas del mal gobierno han actuado al unisono con las bandas delincuenciales y en contra de la comunidad ind\u00edgena de Santa Mar\u00eda Ostula, lo que ha contribuido al luto colectivo y la exigencia de justicia por los 34 comuneros que han sido asesinados y por los 5 que se est\u00e1n desaparecidos.<\/p>\n<p class=\"western\"><b>En el estado de Quer\u00e9taro<\/b>.<\/p>\n<p class=\"western\">El mal gobierno mantiene injustamente preso al compa\u00f1ero ind\u00edgena \u00f1ha\u00f1h\u00fa Raymundo Pascual Garc\u00eda originario de San Ildefonso, Amealco, Qro. Quien fue detenido por participar junto con su comunidad en las movilizaciones en contra del gasolinazo, junto con otros compa\u00f1eros. Asi mismo denunciamos que persiste el despojo de las tierras del Fundo Legal de las comunidades de Galeras y La Pe\u00f1uela del municipio de Col\u00f3n, a trav\u00e9s de las acciones corruptas de los malos gobiernos y sus partidos pol\u00edticos<\/p>\n<p class=\"western\">En consecuencia, los pueblos, naciones y tribus que somos el Congreso Nacional Ind\u00edgena, declaramos:<\/p>\n<ol>\n<li>\n<p class=\"western\">Que responsabilizamos de los actos violentos en el territorio Ikoot y el intento de despojo de tierras, al presidente municipal y el comisariado de bienes comunales de San Francisco del Mar y denunciamos la complicidad de conocidos pol\u00edticos y autoridades estales y federales que trabajan para, exigimos que se esclarezcan los hechos y el castigo a los responsables de los disparos que se realizaron durante la asamblea y que se respete el leg\u00edtimo derecho del pueblo de San Francisco del Mar a decidir sobre el destino de sus tierras y bienes naturales<\/p>\n<\/li>\n<li>\n<p class=\"western\">Que nos pronunciamos por el pleno respeto a la organizaci\u00f3n comunitaria y autonom\u00eda de Santa Mar\u00eda Ostula, por la detenci\u00f3n de los l Jes\u00fas Cruz Virrueta (alias Chuy Playas), Fernando Cruz Mendoza (alias El Tena), Jos\u00e9 Mar\u00eda Cruz (alias el Tunco), Federico Gonz\u00e1lez Medina (alias Lico) y Mario \u00c1lvarez L\u00f3pez (alias El Chacal), la desarticulaci\u00f3n de la estructura econ\u00f3mica y pol\u00edtica que los sostiene, por el castigo a los militares y pol\u00edticos responsables por el asesinato del ni\u00f1o Hidelberto Reyes Garc\u00eda y todos los comuneros asesinados, por la cancelaci\u00f3n de las \u00f3rdenes de aprehensi\u00f3n en contra de comandantes de Ostula y la regi\u00f3n Sierra Costa, la presentaci\u00f3n con vida de los desaparecidos y el respeto absoluto al territorio comunal de Ostula.<\/p>\n<\/li>\n<li>\n<p class=\"western\">Que exigimos inmediata liberaci\u00f3n absoluta del compa\u00f1ero Raymundo Pascual Garc\u00eda originario de San Ildefonso, Amealco, Qro. Quien fue detenido por participar junto con su comunidad contra el gasolinazo impuesto por el mal gobierno, porque cese el despojo de tierras de las comunidades de Galeras y La Pe\u00f1uela del municipio de Col\u00f3n, Quer\u00e9taro y el castigo a los responsables por el injusto encarcelamiento de m\u00e1s de 3 a\u00f1os de las compa\u00f1eras ind\u00edgenas \u00d1ha\u00f1hu de Amealco, Quer\u00e9taro Jacinta Francisco Marcial, Alberta Alc\u00e1ntara Juan y Teresa Gonz\u00e1lez.<\/p>\n<\/li>\n<\/ol>\n<p class=\"western\">A nuestros hermanos y hermanas de los pueblos Ikoot, P\u00b4urh\u00e9pecha, Nahua y \u00d1ha\u00f1u en estas regiones y en el resto del pa\u00eds donde sostienen cada d\u00eda con su lucha nuestra esperanza, rebeld\u00eda y dignidad, les decimos que no est\u00e1n solos, que los colores, lenguas y geograf\u00edas que hacemos el CNI somos ustedes, que su anhelo de justicia es nuestro, que su dolor nos lastima y que su exigencia que hace florecer el nacimiento de un nuevo mundo es nuestro coraz\u00f3n y nuestra certeza irrenunciable.<\/p>\n<p style=\"text-align: center;\">Hasta que la dignidad se haga costumbre<br \/>\nLibertad a todos los presos pol\u00edticos<br \/>\nPresentaci\u00f3n con vida los desparecidos<br \/>\nJusticia para San Francisco del Mar<br \/>\nJusticia para Calzonzin<br \/>\nJusticia para Santa Mar\u00eda Ostula<br \/>\nJusticia para el pueblo \u00d1ha\u00f1u de Quer\u00e9taro<\/p>\n<p style=\"text-align: center;\">Atentamente<\/p>\n<p style=\"text-align: center;\">Por la Reconstituci\u00f3n Integral de Nuestros Pueblos<br \/>\nNunca Mas un M\u00e9xico sin Nosotros<\/p>\n<p style=\"text-align: center;\">Marzo de 2017<br \/>\nCongreso Nacional Ind\u00edgena<\/p>\n<p><small>Fuente: <a href=\"http:\/\/enlacezapatista.ezln.org.mx\/2017\/03\/09\/comunicado-del-congreso-nacional-indigena\/\" target=\"_blank\">Enlace Zapatista <\/a><\/small><\/p>","protected":false},"excerpt":{"rendered":"<p>Foto: Agencia Infoman\u00eda Traduzione italiano Tradu\u00e7\u00e3o em portug\u00eas :::::::::::::::::::::::::::: Comunicado del Congreso Nacional Ind\u00edgena 9 de marzo 2017 A la sexta nacional e internacional A los medios libres de comunicaci\u00f3n A la sociedad civil en general Compa\u00f1eros, compa\u00f1eras, mientras nuestros pueblos cada uno a sus modos y formas seguimos organiz\u00e1ndonos, analizando y tomando acuerdos colectivos [&hellip;]<\/p>\n","protected":false},"author":1,"featured_media":20658,"comment_status":"open","ping_status":"closed","sticky":false,"template":"","format":"standard","meta":{"footnotes":""},"categories":[957,1024,943,958,954],"tags":[63,255,567,545,87,483],"class_list":["post-20652","post","type-post","status-publish","format-standard","has-post-thumbnail","hentry","category-autonomia","category-cni-temas","category-cni","category-megaproyectos","category-mexico","tag-cni","tag-despojo","tag-megaproyectos","tag-pueblos-indigenas","tag-represion","tag-tierra-y-territorio"],"_links":{"self":[{"href":"https:\/\/radiozapatista.org\/index.php?rest_route=\/wp\/v2\/posts\/20652","targetHints":{"allow":["GET"]}}],"collection":[{"href":"https:\/\/radiozapatista.org\/index.php?rest_route=\/wp\/v2\/posts"}],"about":[{"href":"https:\/\/radiozapatista.org\/index.php?rest_route=\/wp\/v2\/types\/post"}],"author":[{"embeddable":true,"href":"https:\/\/radiozapatista.org\/index.php?rest_route=\/wp\/v2\/users\/1"}],"replies":[{"embeddable":true,"href":"https:\/\/radiozapatista.org\/index.php?rest_route=%2Fwp%2Fv2%2Fcomments&post=20652"}],"version-history":[{"count":0,"href":"https:\/\/radiozapatista.org\/index.php?rest_route=\/wp\/v2\/posts\/20652\/revisions"}],"wp:featuredmedia":[{"embeddable":true,"href":"https:\/\/radiozapatista.org\/index.php?rest_route=\/wp\/v2\/media\/20658"}],"wp:attachment":[{"href":"https:\/\/radiozapatista.org\/index.php?rest_route=%2Fwp%2Fv2%2Fmedia&parent=20652"}],"wp:term":[{"taxonomy":"category","embeddable":true,"href":"https:\/\/radiozapatista.org\/index.php?rest_route=%2Fwp%2Fv2%2Fcategories&post=20652"},{"taxonomy":"post_tag","embeddable":true,"href":"https:\/\/radiozapatista.org\/index.php?rest_route=%2Fwp%2Fv2%2Ftags&post=20652"}],"curies":[{"name":"wp","href":"https:\/\/api.w.org\/{rel}","templated":true}]}}