{"id":20584,"date":"2017-02-28T15:36:50","date_gmt":"2017-02-28T21:36:50","guid":{"rendered":"https:\/\/radiozapatista.org\/?p=20584"},"modified":"2017-02-28T15:36:50","modified_gmt":"2017-02-28T21:36:50","slug":"presos-denuncian-condiciones-en-el-centro-penitenciario-14-el-amate","status":"publish","type":"post","link":"https:\/\/radiozapatista.org\/?p=20584","title":{"rendered":"[:es]Presos denuncian condiciones en el Centro Penitenciario 14, &#8220;El Amate&#8221;[:]"},"content":{"rendered":"<p>[:es]La organizaci\u00f3n La Voz Verdadera del Amate nos reunimos el d\u00eda martes 14 de febrero del a\u00f1o presente para tratar asuntos sobre lo que engloba en el centro penitenciario n\u00famero 14, El Amate.<\/p>\n<p>Ahora hemos visto cuatro puntos que las autoridades no cumplen lo que dijo el Subsecretario de Gobierno:<\/p>\n<p>En primer lugar es referente a la visita, las visitas traen cosas indispensables para sus internos o familiares recluidos, pero las cosas que traen no las dejan pasar o sino les cobran el diez por ciento de las cosas.<\/p>\n<p>El segundo punto se trata sobre el hilo y madera que constantemente est\u00e1n subiendo el precio, en vez de ayudarnos nos perjudican por eso los afectados somos nosotros. Porque el trabajo que elaboramos con eso sobrevivimos y muchos ayudan a sus familiares.<\/p>\n<p>El tercer punto sobre las cuestiones de medicamento, cuando los compa\u00f1eros internos se enferman y llegan a pedir medicamentos en la enfermer\u00eda no le dan, por lo mismo que no hay medicamento. Por otra parte cuando quiere uno quitar la muela o dientes cobran cincuenta pesos, de igual manera cuando el interno se hace un estudio de an\u00e1lisis de sangre tambi\u00e9n es cobrado.<\/p>\n<p>El cuarto punto: la comida. La subsecretar\u00eda especific\u00f3 que se mejorar\u00eda la comida, pero hasta el momento no lo han cumplido y ya han pasado dos meses, sigue siendo frijol en la ma\u00f1ana, y frijol en la tarde. Todos los internos ya est\u00e1n aburridos de comer frijoles, tambi\u00e9n la cena es un pan bolillo que recibe cada interno.<\/p>\n<p>Es todo lo que dieron su punto de vista los seis elementos y declaran que est\u00e1n organizados aqu\u00ed en el Cereso n\u00famero 14 El Amate.<\/p>\n<p style=\"text-align: center;\">Respetuosamente,<\/p>\n<p style=\"text-align: center;\">La Voz Verdadera del Amate<\/p>\n<p style=\"text-align: center;\">Esteban M\u00e9ndez L\u00f3pez<br \/>\nAdri\u00e1n G\u00f3mez Jim\u00e9nez<br \/>\nDiego L\u00f3pez M\u00e9ndez<br \/>\nAbraham L\u00f3pez Montejo<br \/>\nGerm\u00e1n L\u00f3pez Montejo<br \/>\nPascual G\u00f3mez Jim\u00e9nez<\/p>\n<p>[:]<\/p>\n","protected":false},"excerpt":{"rendered":"<p>[:es]La organizaci\u00f3n La Voz Verdadera del Amate nos reunimos el d\u00eda martes 14 de febrero del a\u00f1o presente para tratar asuntos sobre lo que engloba en el centro penitenciario n\u00famero 14, El Amate. Ahora hemos visto cuatro puntos que las autoridades no cumplen lo que dijo el Subsecretario de Gobierno: En primer lugar es referente [&hellip;]<\/p>\n","protected":false},"author":1,"featured_media":0,"comment_status":"open","ping_status":"closed","sticky":false,"template":"","format":"standard","meta":{"footnotes":""},"categories":[183,962],"tags":[948],"class_list":["post-20584","post","type-post","status-publish","format-standard","hentry","category-blog","category-presos","tag-presos"],"_links":{"self":[{"href":"https:\/\/radiozapatista.org\/index.php?rest_route=\/wp\/v2\/posts\/20584","targetHints":{"allow":["GET"]}}],"collection":[{"href":"https:\/\/radiozapatista.org\/index.php?rest_route=\/wp\/v2\/posts"}],"about":[{"href":"https:\/\/radiozapatista.org\/index.php?rest_route=\/wp\/v2\/types\/post"}],"author":[{"embeddable":true,"href":"https:\/\/radiozapatista.org\/index.php?rest_route=\/wp\/v2\/users\/1"}],"replies":[{"embeddable":true,"href":"https:\/\/radiozapatista.org\/index.php?rest_route=%2Fwp%2Fv2%2Fcomments&post=20584"}],"version-history":[{"count":0,"href":"https:\/\/radiozapatista.org\/index.php?rest_route=\/wp\/v2\/posts\/20584\/revisions"}],"wp:attachment":[{"href":"https:\/\/radiozapatista.org\/index.php?rest_route=%2Fwp%2Fv2%2Fmedia&parent=20584"}],"wp:term":[{"taxonomy":"category","embeddable":true,"href":"https:\/\/radiozapatista.org\/index.php?rest_route=%2Fwp%2Fv2%2Fcategories&post=20584"},{"taxonomy":"post_tag","embeddable":true,"href":"https:\/\/radiozapatista.org\/index.php?rest_route=%2Fwp%2Fv2%2Ftags&post=20584"}],"curies":[{"name":"wp","href":"https:\/\/api.w.org\/{rel}","templated":true}]}}