{"id":20200,"date":"2017-01-05T19:01:21","date_gmt":"2017-01-06T01:01:21","guid":{"rendered":"https:\/\/radiozapatista.org\/?p=20200"},"modified":"2020-01-25T08:03:42","modified_gmt":"2020-01-25T14:03:42","slug":"quien-es-la-machi-francisca-linconao","status":"publish","type":"post","link":"https:\/\/radiozapatista.org\/?p=20200","title":{"rendered":"\u00bfQui\u00e9n es la Machi Francisca Linconao?"},"content":{"rendered":"<p><\/p>\n<div class=\"container\"><\/div>\n<div class=\"container\">\n<div class=\"row main-section\">\n<div class=\"col-lg-8 col-md-8 col-sm-8 col-xs-12 with-sidebar content-column\">\n<article class=\" single-content clearfix post-146421 post type-post status-publish format-standard has-post-thumbnail hentry category-analisis category-chile tag-carcel tag-chile-2 tag-corte tag-justicia tag-mapuche tag-pruebas\">\n<div class=\"featured\"><a title=\"\u201cConsiderada por el Estado de Chile como un peligro y por su Pueblo un s\u00edmbolo \u00bfQui\u00e9n es la Machi Francisca Linconao?\u201d. Este art\u00edculo publicado en el portal de Radio Villa Francia repasa la historia de vida y la situaci\u00f3n procesal de la l\u00edder espiritual mapuche\" href=\"http:\/\/www.nodal.am\/wp-content\/uploads\/2017\/01\/machi-francisca-linconao-afiche.png\" rel=\"prettyPhoto\"><img loading=\"lazy\" decoding=\"async\" class=\"img-responsive wp-post-image\" title=\"\u201cConsiderada por el Estado de Chile como un peligro y por su Pueblo un s\u00edmbolo \u00bfQui\u00e9n es la Machi Francisca Linconao?\u201d. Este art\u00edculo publicado en el portal de Radio Villa Francia repasa la historia de vida y la situaci\u00f3n procesal de la l\u00edder espiritual mapuche\" src=\"http:\/\/www.nodal.am\/wp-content\/uploads\/2017\/01\/machi-francisca-linconao-afiche-700x350.png\" alt=\"machi-francisca-linconao-afiche\" width=\"700\" height=\"350\" \/><\/a><\/div>\n<p class=\"page-heading \"><em><strong><span class=\"h-title\">\u201cConsiderada por el Estado de Chile como un peligro y por su Pueblo un s\u00edmbolo \u00bfQui\u00e9n es la Machi Francisca Linconao?\u201d. Este art\u00edculo publicado en el portal de Radio Villa Francia repasa la historia de vida y la situaci\u00f3n procesal de la l\u00edder espiritual mapuche.<\/span><\/strong><\/em><\/p>\n<div class=\"the-content post-content clearfix\">\n<p><span class=\"time\">\u00a0<time datetime=\"2017-01-05T09:59:29-03:00\"><\/time><\/span>Francisca del Carmen Linconao Huircapan tiene hoy 60 a\u00f1os, su rostro curtido y mirada profunda \u201c<strong>evoca a las ancestrales machi, a las \u00f1a\u00f1as sabias<\/strong>\u201c, dice Juana, su hermana. Hoy su mirada de ojos negros profundos\u00a0se acrecienta en afiches y lienzos que exigen su libertad, sin embargo su rostro y su cuerpo asemejan hoy m\u00e1s a una vela que se va extinguiendo con el correr de los d\u00edas, esa energ\u00eda que se ofrec\u00eda a todo aquel que llegaba a su consulta en Curarrehue se va apagando. Y es que ya va el d\u00e9cimo segundo d\u00eda de Huelga de Hambre y tanto los m\u00e9dicos, su entorno cercano y diversos movimientos en Chile como desde distintas partes del mundo exigen su liberaci\u00f3n ante la evidencia de que la Machi, quien hoy pesa 42 kilos, literalmente se muere.<\/p>\n<p>El Instituto Nacional de Derechos Humanos (INDH) ha <a href=\"http:\/\/www.indh.cl\/declaracion-publica-del-consejo-indh-ante-la-situacion-de-la-machi-francisca-linconao\" target=\"_blank\"><strong>manifestado preocupaci\u00f3n por la situaci\u00f3n de la Machi<\/strong><\/a>. Amnist\u00eda Internacional Chile ha iniciado una campa\u00f1a para visibilizar su caso<a href=\"http:\/\/amnistia.cl\/noticia\/amnistia-internacional-la-machi-francisca-linconao-debe-esperar-el-juicio-en-libertad\/\" target=\"_blank\"><strong> y exige que la Machi espere su juicio en libertad<\/strong><\/a>. El\u00a0Defensor Nacional, Andr\u00e9s Mahnke, ha cuestionado el trato y debido proceso hacia la Machi, a eso se ha sumado \u00a0el llamado de alerta de diversos luchadores\/as de los Derechos Humanos y diversas <a href=\"https:\/\/twitter.com\/rvfradiopopular\/status\/814288847211151361\" target=\"_blank\"><strong>personalidades art\u00edsticas nacionales e internacionales que han levantado su voz<\/strong><\/a> para apoyar y exigir la liberaci\u00f3n de la Machi.<\/p>\n<p><!--more--><br \/>\n<strong>Revisa:\u00a0<a href=\"http:\/\/www.radiovillafrancia.cl\/cadena-radial-dias-3-4-y-5-de-enero-por-la-libertad-de-la-machi-linconao-y-contra-la-persecucion-al-pueblo-mapuche#sthash.PBanXe4c.dpbs\" target=\"_blank\">Cadena Radial: D\u00edas 3, 4 y 5 de enero por la Libertad de la Machi Linconao y contra la persecuci\u00f3n al Pueblo Mapuche<\/a><\/strong><\/p>\n<p>Y es que por cuarta vez la Corte de Apelaciones de Temuco revoc\u00f3 la modificaci\u00f3n de cautelar y, a pesar de que la mayor\u00eda de la sala de la Corte estuvo porque la Machi esperara en su casa el juicio, nuevamente el voto del ministro Luis Troncoso evit\u00f3 la unanimidad obligando a la Machi a volver a la c\u00e1rcel, a m\u00e1s de 9 meses de realizada la formalizaci\u00f3n y a\u00fan sin pruebas concretas que sustenten un juicio (Caso Luchsinger \u2013 Mackay) que comienza poco a poco a desmoronarse.<\/p>\n<p><strong>Revisa:\u00a0<a href=\"http:\/\/www.radiovillafrancia.cl\/por-cuarta-vez-la-corte-de-apelaciones-de-temuco-revoca-cautelar-y-ordena-prision-preventiva-para-la-machi-linconao#sthash.VlNItYL1.dpbs\" target=\"_blank\">Por cuarta vez la Corte de Apelaciones de Temuco revoca cautelar y ordena prisi\u00f3n preventiva para la Machi Linconao<\/a><\/strong><\/p>\n<p>\u00bfPor qu\u00e9 a pesar de que la mayor\u00eda de los ministros\/as de la Corte de Apelaciones estuvo porque la Machi esperara el juicio en su domicilio se orden\u00f3 nuevamente la prisi\u00f3n preventiva? En este caso, cuando el Estado de Chile invoca la conducta terrorista (Ley Anti Terrorista), se pre supone una especia de \u201cqu\u00f3rum calificado\u201d de unanimidad para resolver (en base a los incisos 3 y 4 de articulo 140 del CPP), as\u00ed, en este caso y a pesar de que la mayor\u00eda de la Corte estaba por aceptar lo que el Juzgado de Garant\u00eda hab\u00eda determinado, el voto del Ministro Luis Troncoso revoc\u00f3 la medida y se oblig\u00f3 a la Machi a volver a una prisi\u00f3n preventiva que es una condena anticipada sin haber sido condenada, algo bastante frecuente en casos donde hay comuneros mapuche imputados y que han terminado absueltos.<\/p>\n<p><strong>Aqu\u00ed algunos casos:<\/strong><\/p>\n<p><strong>Revisa:\u00a0<a href=\"http:\/\/www.radiovillafrancia.cl\/daniel-melinao-absuelto-fiscal-chamorro#sthash.6U2ID8g5.dpbs\" target=\"_blank\">TOP de Angol absuelve por segunda vez a Daniel Melinao: La triste despedida del fiscal Chamorro<\/a><\/strong><\/p>\n<p><strong>Revisa:\u00a0<a href=\"http:\/\/www.radiovillafrancia.cl\/en-libertad-quedaron-comuneros-de-la-wente-winkul-mapu-tras-meses-de-prision-preventiva-por-caso-reten-de-chol-chol#sthash.FmQg2sA7.dpbs\" target=\"_blank\">En libertad quedaron comuneros de la Wente Winkul Mapu tras meses de prisi\u00f3n preventiva por caso ret\u00e9n de Chol Chol<\/a><\/strong><\/p>\n<p><strong>Revisa:\u00a0<a href=\"http:\/\/www.radiovillafrancia.cl\/caida-de-un-montaje-top-de-canete-absolvio-por-unanimidad-a-comuneros-mapuche-acusados-por-carabineros-y-los-medios#sthash.V0PnlVT5.dpbs\" target=\"_blank\">Ca\u00edda de un Montaje: TOP de Ca\u00f1ete absolvi\u00f3 por unanimidad a comuneros mapuche acusados por carabineros y los medios<\/a><\/strong><\/p>\n<p><strong>Revisa:\u00a0<a href=\"http:\/\/www.radiovillafrancia.cl\/corte-de-apelaciones-rechaza-recurso-del-gobierno-y-confirma-absolucion-de-fotografo-felipe-duran-y-cristian-levinao#sthash.xKU5hnxx.dpbs\" target=\"_blank\">Corte de Apelaciones rechaza recurso del Gobierno y confirma absoluci\u00f3n de fot\u00f3grafo Felipe Dur\u00e1n y Cristi\u00e1n Levinao<\/a><\/strong><\/p>\n<p><strong>Revisa:\u00a0<a href=\"http:\/\/www.radiovillafrancia.cl\/absuelven-a-grupo-de-mapuche-acusados-de-terrorismo-tras-anos-en-prision-preventiva#sthash.hRdGR81Z.iks0g2f5.dpbs\" target=\"_blank\">Absuelven a grupo de mapuche acusados de terrorismo tras a\u00f1os en prisi\u00f3n preventiva<\/a><\/strong><\/p>\n<p>Y fue esta decisi\u00f3n, la cuarta, que gatill\u00f3 que la Machi Francisca Linconao tomara la dr\u00e1stica decisi\u00f3n de iniciar una huelga de hambre en el Hospital de Nueva Imperial lugar en donde est\u00e1 internada. Tras su decisi\u00f3n, Gendarmer\u00eda le hizo llegar un oficio (<a href=\"http:\/\/www.radiovillafrancia.cl\/wp-content\/uploads\/2017\/01\/notificacion-sancion-a-la-machi-linconao-de-Gendarmeria.pdf\" target=\"_blank\"><strong>ver aqu\u00ed<\/strong><\/a>) en donde le comunica que luego de que termine la huelga, ser\u00e1 llevada hasta la c\u00e1rcel de mujeres de Temuco y se le anuncia desde ya una sanci\u00f3n -debido a la huelga- de 30 d\u00edas sin visitas cuando vuelva a la prisi\u00f3n preventiva.<\/p>\n<p><strong>Revisa:\u00a0<a href=\"http:\/\/www.radiovillafrancia.cl\/tras-nueva-revocacion-de-cautelares-la-machi-francisca-linconao-anuncia-medida-radical-e-inicia-huelga-de-hambre#sthash.GTVBbIUS.dpbs\" target=\"_blank\">Tras nueva revocaci\u00f3n de cautelar, la Machi Francisca Linconao anuncia medida radical e inicia Huelga de Hambre<\/a><\/strong><\/p>\n<h4><strong>La \u201cMachi peligrosa\u201d\u00a0<\/strong><\/h4>\n<p>\u00bfQu\u00e9 es una o un Machi? Los machis o las machis son una autoridad en la cultura y tradici\u00f3n mapuche, profundamente ligada a la tierra, que cumple la funci\u00f3n de sanadora (curar enfermos) y de gu\u00eda espiritual para sus comunidades (consejos) para todo aquel que recurran a ellos\/as. En la misma tradici\u00f3n mapuche, la ligaz\u00f3n de los machis con la tierra es inquebrantable. Si no est\u00e1n cerca de su <em>\u00d1uke Mapu<\/em>,\u00a0se debilitan y mueren.<\/p>\n<p>\u201c<strong>A mi hermana la persiguen porque gan\u00f3 hace a\u00f1os por el Convenio 169 de la OIT, desde ah\u00ed molest\u00f3 a los latifundistas y empresarios del sector, y no le perdonan eso<\/strong>\u201d, dice a RVF la Papay, Juana Linconao, hermana mayor de la Machi Francisca Linconao (60).<\/p>\n<p>Juana trabaj\u00f3 gran parte de su vida con la familia Luschinger \u2013 Mackay, alrededor de 15 a\u00f1os, particularmente en la casa de \u2018Don Verni\u2019 (como le dice ella al fallecido Werner Luschinger) y do\u00f1a Vivian (Mackay). Juana cr\u00edo a todos los hijos del matrimonio suizo \u2013 chileno y a\u00fan tiene palabras cari\u00f1osas para \u201cDon Verni\u201d. \u201c<strong>Ellos siempre fueron correctos con nosotros, nunca hablaron mal de los mapuche, de hecho \u2018Don Werni\u2019 me pidi\u00f3 algunas veces asistir al Rehue (ceremonia) de mi hermana (Machi Francisca) y \u00e9l asisti\u00f3 dos veces. Desafortunadamente luego de que mi hermana gan\u00f3 ese juicio que fue la primera vez que se gan\u00f3 por el 169 (de la OIT en Chile), las cosas cambiaron un poco, me dec\u00edan \u201csali\u00f3 famosa tu hermana\u201d, pero a los que les cay\u00f3 m\u00e1s mal eso fue a algunos de los hijos de \u2018Don Werni\u2019 y la gente con la que se juntaban que vieron a mi hermana como un peligro por lo que hab\u00eda pasado con el juicio contra la Forestal a la que le gan\u00f3 mi hermana<\/strong>\u201d, afirma.<\/p>\n<p>Y es que efectivamente la vida de la Machi Francisca Linconao cambi\u00f3 dram\u00e1ticamente cuando, siguiendo el principio de salvaguardar la tierra y los \u201cmenokos\u201d, esa misma conexi\u00f3n que la une a su esp\u00edritu \u201cy el de todo lo que vive\u201d, la llev\u00f3 a interponer un recurso de protecci\u00f3n, acogi\u00e9ndose\u00a0al recientemente adscrito Convenio 169 de la OIT, por la tala de un bosque nativo, cercano a cursos de agua, ambos considerados sagrados por el Pueblo Mapuche, por parte de\u00a0la Forestal Palermo Ltda. El caso se conoci\u00f3 como \u201cCaso Machi Linconao versus Palermo\u201d.<\/p>\n<h4><strong>El fallo del 169 OIT\u00a0<\/strong><\/h4>\n<p>Fue el 30 de noviembre del 2009 cuando la Corte Suprema confirm\u00f3 la sentencia, que hab\u00eda sido apelada en la Corte de Apelaciones de Temuco, resolviendo a favor del recurso de protecci\u00f3n interpuesto por la Machi Francisca Linconao Huircapan en el marco del art\u00edculo 169 de la OIT (adscrito por Chile) y creando un precedente y jurisprudencia, convirti\u00e9ndose de paso en el primer caso y fallo favorable y signific\u00f3 un importante precedente para las comunidades ind\u00edgenas del pa\u00eds y su conflictos con empresas que hasta ese momento operaban impunemente en sus territorios. Fue ese d\u00eda cuando la Machi fue vista con otros ojos. En Juntas de vigilancia rural, en reuniones informales y hasta en algunas gremiales y de importantes personalidades ligadas empresas forestal y proyectos energ\u00e9ticos, pronunciaban el nombre de la Machi con desd\u00e9n y evidente odiosidad. Su acci\u00f3n dej\u00f3 un precedente peligroso que podr\u00edan seguir otras comunidades y eso no era algo para tomar a la ligera, la Machi se convert\u00eda inesperadamente en un s\u00edmbolo y modelo a seguir para resistir a la industria forestal por la v\u00eda institucional, la misma que poco y nada ha ayudado a las comunidades en resistencia, y de paso, ocupar herramientas jur\u00eddicas para obligar al Estado y empresas\u00a0a consultar a las comunidades cualquier proyecto que se pensara realizar en zonas donde habitan comunidades ind\u00edgenas.<\/p>\n<p>La importancia del fallo a favor de la machi en 2009 es indiscutible y referencia obligatoria en la jurisprudencia chilena en relaci\u00f3n a los temas de conflictos de comunidades ind\u00edgenas y el derecho (constitucional) a vivir en un ambiente limpio de contaminaci\u00f3n:\u00a0<strong>\u201c<a href=\"http:\/\/portalrevistas.uct.cl\/index.php\/RDCP\/article\/viewFile\/11\/9\">Primera sentencia que aplica el Convenio N\u00b0 169 de la OIT en Chile. Derecho a vivir en un medio ambiente libre de contaminaci\u00f3n comprende el concepto de territorio, h\u00e1bitat y protecci\u00f3n de la cultura de los pueblos originarios.<\/a>\u201c<\/strong><\/p>\n<h4><strong>El Caso Luchsinger \u2013 Mackay<\/strong><\/h4>\n<p>El 04 de enero de 2013 falleci\u00f3 el matrimonio de Werner Luchsinger y Vivian Mackay tras un atentado que destruy\u00f3 su casa debido al ataque de desconocidos. Por el caso se encuentra cumpliendo una condena de\u00a018 a\u00f1os el machi Celestino C\u00f3rdova, como c\u00f3mplice del delito, descart\u00e1ndose si -en el juicio- la acci\u00f3n de car\u00e1cter terrorista. Nunca se pudo establecer la presencia de C\u00f3rdova en el lugar de los hechos ni vincular directamente con el incendio. La defensa de C\u00f3rdova apunt\u00f3 a una serie de irregularidades durante el proceso y al rol de las polic\u00edas quien, esa misma noche, en un per\u00edmetro de tres kil\u00f3metros, se encontraba en toda la zona e inmediaciones del lugar y contra la Fiscal\u00eda que solo plante\u00f3 una tesis investigativa.<\/p>\n<p>La sentencia, que si bien logr\u00f3 una condena alta para Celestino Cordova, fue le\u00edda como una derrota por la familia Luchsinger Mackay y las organizaciones gremiales de la zona, esto porque al descartarse el car\u00e1cter de delito terrorista, en uno de los casos m\u00e1s emblem\u00e1ticos para ese sector, afect\u00f3 directamente al discurso y exigencia por parte de las organizaciones gremiales, rurales y empresariales, de que en la Araucan\u00eda -y otras zonas- hay terrorismo y, por lo mismo, el Estado de Chile debe tomar medidas en esa l\u00ednea, de paso, debe dejar de \u201cdialogar con organizaciones o movimientos terroristas\u201d, es decir, cortar relaciones con comunidades en proceso de recuperaci\u00f3n territorial. pasando m\u00e1s all\u00e1 del discurso y acciones que ven, en los ataques, solo hechos delictuales.<\/p>\n<p><a href=\"http:\/\/www.radiovillafrancia.cl\/wp-content\/uploads\/2017\/01\/Machi-Francisca-Linconao-Detenida.jpg\"><img loading=\"lazy\" decoding=\"async\" class=\"wp-image-27253 size-medium\" src=\"http:\/\/www.radiovillafrancia.cl\/wp-content\/uploads\/2017\/01\/Machi-Francisca-Linconao-Detenida-300x200.jpg\" sizes=\"auto, (max-width: 300px) 100vw, 300px\" srcset=\"http:\/\/www.radiovillafrancia.cl\/wp-content\/uploads\/2017\/01\/Machi-Francisca-Linconao-Detenida-300x200.jpg 300w, http:\/\/www.radiovillafrancia.cl\/wp-content\/uploads\/2017\/01\/Machi-Francisca-Linconao-Detenida.jpg 600w\" alt=\"machi-francisca-linconao-detenida\" width=\"300\" height=\"200\" \/><\/a><\/p>\n<p>La machi Francisca Linconao tambi\u00e9n fue vinculada al hecho en ese entonces por parte de la Fiscal\u00eda. Una supuesta escopeta hechiza encontrada en su casa por la polic\u00eda en medio de un allanamiento fue la escusa. As\u00ed la Machi fue detenida y violentada. Sin embargo el Tribunal termin\u00f3 desestimando los cargos inculpatorios y la Machi fue absuelta por la justicia, (<a href=\"http:\/\/www.radiovillafrancia.cl\/wp-content\/uploads\/2017\/01\/absuelve-machi.pdf\" target=\"_blank\"><strong>ver fallo<\/strong><\/a>) motivo por el cual la machi demand\u00f3 al Estado por da\u00f1o moral y lucro cesante, ganando el juicio en que el Estado de Chile deb\u00eda indemnizarla con $30 millones. Sobre el caso durante el juicio, el funcionario de inteligencia que habr\u00eda encontrado la escopeta en el domicilio de la Machi nunca declar\u00f3 en el juicio y el oficial que declar\u00f3 en el Caso (Coronel Larrondo) no pudo recordar el nombre del funcionario que encontr\u00f3 el arma (que hab\u00eda sido presentada como prueba material). El caso fue fallado y se absolvi\u00f3 a la Machi y se orden\u00f3 el pago de una idemnizaci\u00f3n. Nuevamente la Machi ganaba por la via institucional, el odio en su contra se acrecent\u00f3.<\/p>\n<p><a href=\"http:\/\/www.radiovillafrancia.cl\/wp-content\/uploads\/2017\/01\/linconao-fisco.pdf\" target=\"_blank\"><strong>Revisa el fallo<\/strong><\/a><\/p>\n<p>Sin embargo, este a\u00f1o, en marzo de 2016, la machi fue vuelta a encarcelar, luego un inmenso operativo policial que se despleg\u00f3 simult\u00e1neamente en distintas viviendas que fueron allanadas violentamente. As\u00ed la Machi fue sacada de su hogar, no se le permiti\u00f3 ponerse su vestimenta mapuche y fue tratada como una terrorista, no respetando un trato digno amparado por la propia 169 OIT que a\u00f1os atr\u00e1s le vali\u00f3 un rotundo triunfo frente a la forestal.<\/p>\n<p>La Machi, tras el allanamiento, qued\u00f3 detenida junto a otros 10 comuneros. Y es que uno de los comuneros (imputados) habr\u00eda inculpado a los otros 10 supuestos participantes de la planificaci\u00f3n y ejecuci\u00f3n del incendio que habr\u00eda dado muerte al matrimonio Luchsinger Mackay. Sin embargo, durante la misma audiencia de formalizaci\u00f3n,\u00a0Jos\u00e9 Peralino, el testigo clave y quien fuera planteado por la propia Fiscal\u00eda como la raz\u00f3n principal de la reapertura del caso y avance en la ampliaci\u00f3n de la carpeta investigativa, se sent\u00f3 en el estrado y comenz\u00f3 a relatar frente a la jueza, que el testimonio que dio\u00a0era falso y que hab\u00eda sido dado bajo la presi\u00f3n y amenazas de funcionarios de la PDI y la Fiscal\u00eda. As\u00ed Jos\u00e9 Peralino relataba la larga historia de persecuci\u00f3n policial y presiones -por m\u00e1s dos a\u00f1os- en su contra.<\/p>\n<p><strong>Revisa:\u00a0<a href=\"http:\/\/www.radiovillafrancia.cl\/testigo-clave-en-reapertura-del-caso-luchsinger-mackay-la-pdi-y-los-fiscales-me-amenazaron-y-obligaron-a-mentir#sthash.8wggv5HM.dpbs\" target=\"_blank\">Testigo clave en reapertura del Caso Luchsinger \u2013 Mackay: \u201cLa PDI y los Fiscales me amenazaron y obligaron a mentir\u201d<\/a><\/strong><\/p>\n<p>A ra\u00edz de la declaraci\u00f3n de Peralino,\u00a0\u00e9l y los otros comuneros han pasado entre la prisi\u00f3n preventiva y el arresto domiciliario, \u00a0de eso ya van nueve meses, sin pruebas concretas y sin juicio. La principal prueba era la declaraci\u00f3n de Peralino, mismo que denunci\u00f3 la presi\u00f3n de la Fiscal\u00eda y la PDI para dar falso testimonio. La comisi\u00f3n de Derechos Humanos de la C\u00e1mara de Diputados cit\u00f3 a Peralino a una sesi\u00f3n especial, para ello la Defensa de este pidi\u00f3 la fianza a su arresto domiciliario para acudir, en forma inexplicable, el Tribunal fij\u00f3 una fianza de 10 millones de pesos, imposible de pagar para la familia de Peralino, por ello no pudo acudir a la sesi\u00f3n, mientras un sumario, tras la declaraci\u00f3n de Peralino, se lleva adelante a\u00fan sin resultados. La otra prueba material presentada en contra de los comuneros es la geolocalizaci\u00f3n de sus celulares. La primera vez que se entreg\u00f3 a la defensa parte de esas pruebas -de la carpeta investigativa- que previamente se hab\u00edan negado a entregar, no correspond\u00edan a las antenas que, supuestamente, ubicaban en la zona a los acusados. Incluye que uno de los acusados, Luis Tralcal, ha presentado pruebas de que no se encontraba en la regi\u00f3n esa noche, lo que no ha sido tomado en consideraci\u00f3n. Sin embargo la prueba de la geolocalizaci\u00f3n es cuestionada incluso por la compa\u00f1\u00eda telef\u00f3nica que entreg\u00f3 los datos. En un informe, la misma prestadora de servicio se\u00f1ala que no es posible referenciar la ubicaci\u00f3n de las personas con los datos recogidos.<\/p>\n<p>A pesar de la debilidad de las pruebas, constantes aplazamientos e incluso el hostigamiento en contra de abogados y abogadas defensores de los comuneros y la machi, en la cual se abri\u00f3 un sumario el que posteriormente fue sobrese\u00eddo, a los comuneros y a la Machi se les mantiene en prisi\u00f3n preventiva, sin pruebas contundentes y, como han se\u00f1alado diversos organismos de Derechos Humanos, sin un debido proceso y como una forma de castigo y pena anticipada.<\/p>\n<p>Por su parte, el gobierno sigue siendo parte del caso y ha pedido la revocaci\u00f3n de los cambios de medidas cautelares e insiste en el car\u00e1cter terrorista y la participaci\u00f3n de los involucrados. Hecho llamativo, pues cuando las victimas han sido mapuche, la actitud del Estado de Chile, y de todos los gobiernos desde el retorno de la democracia, ha sido totalmente distinta no haci\u00e9ndose parte, cosa distinta cuando las victimas son empresas o latifundistas.<\/p>\n<p><strong>Revisa:\u00a0<a href=\"http:\/\/www.radiovillafrancia.cl\/sicarios-reconocen-en-juicio-abreviado-que-atacaron-comunidad-mapuche-por-orden-del-colono-broder-redlefsen#sthash.5jtHQMm4.dpbs\" target=\"_blank\">Sicarios reconocen en el Tribunal de Paillaco que atacaron comunidad mapuche por orden del colono Broder Redlefsen<\/a><\/strong><\/p>\n<p>La Machi hoy, como lo ha advertido una comisi\u00f3n del Colegio de M\u00e9dicos de Chile, est\u00e1 en verdadero peligro de muerte en cosa de d\u00edas, no semanas. A ella se han sumado -en la Huelga de Hambre- otros comuneros del caso Luchsinger \u00a0Mackay (se trata de: Alfredo Tralcal, Jos\u00e9 Tralcal, Benito Trongol, Luis Tralcal y Nicol\u00e1s Railaf) a quienes tambi\u00e9n se les revoc\u00f3 la medida cautelar oblig\u00e1ndoos a volver a la c\u00e1rcel a prisi\u00f3n preventiva.<\/p>\n<p>As\u00ed mismo, en las afueras del Hospital Intercultural de Nueva Imperial, en donde se encuentra la Machi, se ha instalado un campamento coordinado por el grupo de apoyo de la Machi, hasta donde han llegado distintas comunidades mapuches, v\u00edctimas de la represi\u00f3n (como la familia de Brandon Hern\u00e1ndez Huentecol) y organizaciones nacionales e internacionales en se\u00f1al de solidaridad y apoyo a la exigencia de libertad de la Machi.<\/p>\n<p><strong>Revisa:\u00a0<a href=\"http:\/\/www.radiovillafrancia.cl\/padres-de-menor-mapuche-baleado-denuncian-que-han-intentado-comprar-su-silencio-y-piden-retirar-ffee-de-comunidades#sthash.QDC32Pvh.dpbs\" target=\"_blank\">Padres de menor mapuche baleado denuncian que han intentado comprar su silencio y piden retirar FFEE de comunidades<\/a><\/strong><\/p>\n<p>En el resto del pa\u00eds se han llevado simult\u00e1neamente marchas y acciones exigiendo la libertad de la Machi Linconao y el termino a la persecuci\u00f3n del Pueblo Mapuche, varias de estas manifestaciones han sido duramente reprimidas por fuerzas especiales de carabineros.<\/p>\n<p>Mientras las horas pasan, la Machi se va apagando, la misma que fue la primera en ganar por la v\u00eda institucional con un fallo basado en el 169 de la OIT, la misma que fue declarada como un peligro solo por defender su derecho y el derecho de su pueblo a existir, la Machi Linconao, la mujer de car\u00e1cter fuerte y decidida, caracter\u00edsticas que hoy, dicen en su circulo cercano, es lo que m\u00e1s preocupa, porque se\u00f1alan que esa tozudez y fuerza de car\u00e1cter, hace que la Machi haya tomado una decisi\u00f3n que llevar\u00e1 hasta las \u00faltimas consecuencias, o sale libre o sale en un caj\u00f3n. Si el gobierno no cambia su posici\u00f3n, la Machi morir\u00e1 pero su pueblo no lo aceptar\u00e1, dicen desde el Hospital Intercultral de Nueva Imperial.<\/p>\n<p>Revisa:\u00a0<a href=\"http:\/\/www.radiovillafrancia.cl\/la-carta-de-la-machi-francisca-linconao-a-la-presidenta-bachelet-le-pido-que-no-siga-persiguiendo-a-mi-pueblo#sthash.CmKIK7e6.dpbs\" target=\"_blank\">La carta de la Machi Francisca Linconao a la Presidenta Bachelet: \u201cLe pido que no siga persiguiendo a mi pueblo\u201d<\/a><\/p>\n<\/div>\n<\/article>\n<\/div>\n<\/div>\n<\/div>\n<p><\/p>","protected":false},"excerpt":{"rendered":"<p>\u201cConsiderada por el Estado de Chile como un peligro y por su Pueblo un s\u00edmbolo \u00bfQui\u00e9n es la Machi Francisca Linconao?\u201d. Este art\u00edculo publicado en el portal de Radio Villa Francia repasa la historia de vida y la situaci\u00f3n procesal de la l\u00edder espiritual mapuche. \u00a0Francisca del Carmen Linconao Huircapan tiene hoy 60 a\u00f1os, su [&hellip;]<\/p>\n","protected":false},"author":1,"featured_media":0,"comment_status":"open","ping_status":"closed","sticky":false,"template":"","format":"standard","meta":{"footnotes":""},"categories":[1284,961,183,962],"tags":[1097,37],"class_list":["post-20200","post","type-post","status-publish","format-standard","hentry","category-latinoamerica","category-mujeres","category-blog","category-presos","tag-mapuches","tag-presos-politicos"],"_links":{"self":[{"href":"https:\/\/radiozapatista.org\/index.php?rest_route=\/wp\/v2\/posts\/20200","targetHints":{"allow":["GET"]}}],"collection":[{"href":"https:\/\/radiozapatista.org\/index.php?rest_route=\/wp\/v2\/posts"}],"about":[{"href":"https:\/\/radiozapatista.org\/index.php?rest_route=\/wp\/v2\/types\/post"}],"author":[{"embeddable":true,"href":"https:\/\/radiozapatista.org\/index.php?rest_route=\/wp\/v2\/users\/1"}],"replies":[{"embeddable":true,"href":"https:\/\/radiozapatista.org\/index.php?rest_route=%2Fwp%2Fv2%2Fcomments&post=20200"}],"version-history":[{"count":1,"href":"https:\/\/radiozapatista.org\/index.php?rest_route=\/wp\/v2\/posts\/20200\/revisions"}],"predecessor-version":[{"id":33906,"href":"https:\/\/radiozapatista.org\/index.php?rest_route=\/wp\/v2\/posts\/20200\/revisions\/33906"}],"wp:attachment":[{"href":"https:\/\/radiozapatista.org\/index.php?rest_route=%2Fwp%2Fv2%2Fmedia&parent=20200"}],"wp:term":[{"taxonomy":"category","embeddable":true,"href":"https:\/\/radiozapatista.org\/index.php?rest_route=%2Fwp%2Fv2%2Fcategories&post=20200"},{"taxonomy":"post_tag","embeddable":true,"href":"https:\/\/radiozapatista.org\/index.php?rest_route=%2Fwp%2Fv2%2Ftags&post=20200"}],"curies":[{"name":"wp","href":"https:\/\/api.w.org\/{rel}","templated":true}]}}