{"id":19563,"date":"2016-12-09T17:39:16","date_gmt":"2016-12-09T23:39:16","guid":{"rendered":"https:\/\/radiozapatista.org\/?p=19563"},"modified":"2017-10-27T09:18:53","modified_gmt":"2017-10-27T14:18:53","slug":"19563","status":"publish","type":"post","link":"https:\/\/radiozapatista.org\/?p=19563","title":{"rendered":"[:es]Chiapas: recuerdan al maestro David Ruiz, fallecido durante las protestas contra la &#8220;reforma educativa&#8221; en diciembre de 2015[:]"},"content":{"rendered":"<p>[:es]<strong><span class=\"_5yl5\">Tuxtla Guti\u00e9rrez, Chiapas. 8 de diciembre.- <\/span><\/strong>Este d\u00eda jueves familiares, amigos y compa\u00f1eros de trabajo, recordaron al profesor David Gemayel Ruiz Estudillo, en su pueblo natal Doctor Domingo Chanona, despu\u00e9s de que hace un a\u00f1o falleciera tras un fuerte operativo de las fuerzas polic\u00edacas contra el magisterio disidente, que protestaba contra la autodenominada \u201creforma educativa\u201d de Pe\u00f1a Nieto.<\/p>\n<p>Durante este primer aniversario luctuoso del maestro David, diferentes actividades tambi\u00e9n se realizaron a lo largo y ancho de la geograf\u00eda chiapaneca, ya que a un a\u00f1o de su fallecimiento la lucha por la defensa de educaci\u00f3n p\u00fablica y los derechos laborales contin\u00faa en la entidad, por parte de la Coordinadora Nacional de Trabajadores de la Educaci\u00f3n (CNTE).<\/p>\n<p>Entrevista con David Ru\u00edz L\u00f3pez, padre del profesor David Gemayel Ru\u00edz Estudillo:<\/p>\n<p><iframe loading=\"lazy\" src=\"https:\/\/www.youtube.com\/embed\/jQT6I7FNKbY?feature=oembed\" width=\"618\" height=\"348\" frameborder=\"0\" allowfullscreen=\"allowfullscreen\"><\/iframe><\/p>\n<p>La ma\u00f1ana lluviosa del 8 de diciembre del 2015, envuelta en una densa niebla, era testigo de c\u00f3mo la movilizaci\u00f3n magisterial resist\u00eda las agresiones de las fuerzas federales que, apostados en un solitario tramo carretero a 15 kil\u00f3metros de la capital chiapaneca, en formaci\u00f3n escalonada y armados de muerte como si de un operativo de guerra se tratara, \u201cresguardaban\u201d las instalaciones de la Escuela Nacional de Protecci\u00f3n Civil donde algunos maestros acarreados y algunos m\u00e1s que no pertenecen al magisterio, se prestaban al montaje de una supuesta \u201cevaluaci\u00f3n\u201d docente.<\/p>\n<p><!--more--><\/p>\n<p>En esa carretera, defendiendo su leg\u00edtimo derecho a la protesta, cay\u00f3 el profesor David. Decenas de miles de maestras y maestros, tristes y con la rabia a\u00fan entre los pu\u00f1os, caminaron los m\u00e1s de 20 kil\u00f3metros de regreso hasta el parque central de Tuxtla Guti\u00e9rrez. El Estado (la clase pol\u00edtica y empresarial), hab\u00eda agregado un n\u00famero m\u00e1s a su larga lista de cr\u00edmenes contra el pueblo. El magisterio pagaba con sangre, una vez m\u00e1s, su rebeld\u00eda ante los poderosos. Se a\u00f1ad\u00eda un nombre m\u00e1s a la memoria de la lucha: una estrella sub\u00eda al firmamento, David Gemayel Ru\u00edz Estudillo, para encender su luz e iluminar la larga noche de la resistencia.<\/p>\n<p>&nbsp;[:]<\/p>\n","protected":false},"excerpt":{"rendered":"<p>[:es]Tuxtla Guti\u00e9rrez, Chiapas. 8 de diciembre.- Este d\u00eda jueves familiares, amigos y compa\u00f1eros de trabajo, recordaron al profesor David Gemayel Ruiz Estudillo, en su pueblo natal Doctor Domingo Chanona, despu\u00e9s de que hace un a\u00f1o falleciera tras un fuerte operativo de las fuerzas polic\u00edacas contra el magisterio disidente, que protestaba contra la autodenominada \u201creforma educativa\u201d [&hellip;]<\/p>\n","protected":false},"author":13,"featured_media":19564,"comment_status":"open","ping_status":"closed","sticky":false,"template":"","format":"standard","meta":{"footnotes":""},"categories":[51,6,196,935],"tags":[917,879,57,87],"class_list":["post-19563","post","type-post","status-publish","format-standard","has-post-thumbnail","hentry","category-autor","category-chiapas","category-radio-pozol","category-temas","tag-chiapas","tag-cnte","tag-educacion","tag-represion"],"_links":{"self":[{"href":"https:\/\/radiozapatista.org\/index.php?rest_route=\/wp\/v2\/posts\/19563","targetHints":{"allow":["GET"]}}],"collection":[{"href":"https:\/\/radiozapatista.org\/index.php?rest_route=\/wp\/v2\/posts"}],"about":[{"href":"https:\/\/radiozapatista.org\/index.php?rest_route=\/wp\/v2\/types\/post"}],"author":[{"embeddable":true,"href":"https:\/\/radiozapatista.org\/index.php?rest_route=\/wp\/v2\/users\/13"}],"replies":[{"embeddable":true,"href":"https:\/\/radiozapatista.org\/index.php?rest_route=%2Fwp%2Fv2%2Fcomments&post=19563"}],"version-history":[{"count":0,"href":"https:\/\/radiozapatista.org\/index.php?rest_route=\/wp\/v2\/posts\/19563\/revisions"}],"wp:featuredmedia":[{"embeddable":true,"href":"https:\/\/radiozapatista.org\/index.php?rest_route=\/wp\/v2\/media\/19564"}],"wp:attachment":[{"href":"https:\/\/radiozapatista.org\/index.php?rest_route=%2Fwp%2Fv2%2Fmedia&parent=19563"}],"wp:term":[{"taxonomy":"category","embeddable":true,"href":"https:\/\/radiozapatista.org\/index.php?rest_route=%2Fwp%2Fv2%2Fcategories&post=19563"},{"taxonomy":"post_tag","embeddable":true,"href":"https:\/\/radiozapatista.org\/index.php?rest_route=%2Fwp%2Fv2%2Ftags&post=19563"}],"curies":[{"name":"wp","href":"https:\/\/api.w.org\/{rel}","templated":true}]}}