{"id":19456,"date":"2016-11-30T10:07:43","date_gmt":"2016-11-30T16:07:43","guid":{"rendered":"https:\/\/radiozapatista.org\/?p=19456"},"modified":"2016-11-30T10:11:10","modified_gmt":"2016-11-30T16:11:10","slug":"roberto-paciencia-libre-2","status":"publish","type":"post","link":"https:\/\/radiozapatista.org\/?p=19456","title":{"rendered":"[:es]Roberto Paciencia exige castigo a sus torturadores despu\u00e9s de su liberaci\u00f3n[:]"},"content":{"rendered":"<p>[:es]<center><a href=\"https:\/\/radiozapatista.org\/wp-content\/uploads\/2016\/11\/frayba-2-660x330.jpg\"><img loading=\"lazy\" decoding=\"async\" src=\"https:\/\/radiozapatista.org\/wp-content\/uploads\/2016\/11\/frayba-2-660x330-350x175.jpg\" alt=\"frayba-2-660x330\" width=\"350\" height=\"175\" class=\"aligncenter size-medium wp-image-19457\" srcset=\"https:\/\/radiozapatista.org\/wp-content\/uploads\/2016\/11\/frayba-2-660x330-350x175.jpg 350w, https:\/\/radiozapatista.org\/wp-content\/uploads\/2016\/11\/frayba-2-660x330.jpg 660w\" sizes=\"auto, (max-width: 350px) 100vw, 350px\" \/><\/a><\/center><\/p>\n<p><strong>San Crist\u00f3bal de las Casas, Chiapas. <a href=\"http:\/\/www.pozol.org\/?p=14157\" target=\"_blank\">Pozol<\/a>. 28 de noviembre.<\/strong> Roberto Paciencia Cruz, ind\u00edgena tzotzil del municipio de Chenalh\u00f3, Chiapas y adherente a la Sexta Declaraci\u00f3n de la Selva Lacandona, quien permaneci\u00f3 3 a\u00f1os con cuatro meses injustamente preso en Centro Estatal de Reinserci\u00f3n Social para Sentenciados (CERSS) N\u00fam. 05 en San Crist\u00f3bal de las Casas, Chiapas, relata en conferencia de prensa en el Centro de Derechos Humanos Fray Bartolom\u00e9 de las Casas (Frayba), la forma en como fue detenido y torturado, as\u00ed como las violaciones a sus derechos humanos durante su estancia en prisi\u00f3n.<\/p>\n<p>Esta acci\u00f3n ilegal por parte del Estado mexicano provoc\u00f3 que Roberto Paciencia perdiera a su familia, los pocos bienes que pose\u00eda. Por la tortura que sufri\u00f3, Roberto tiene da\u00f1os en su est\u00f3mago y su vista, lo que le limitar\u00e1 en sus actividades agr\u00edcolas que realiza en su comunidad. Por todo lo anterior exige castigo a sus torturadores y a la Fiscal\u00eda Especializada Contra la Delincuencia Organizada (FECDO) porque ellos me inventaron todo esto. Me obligaron a firmar papales que no pod\u00eda yo ni leer y tampoco ellos me lo leyeron. No s\u00f3lo es mi caso, montones de compa\u00f1eros que est\u00e1n presos injustamente por culpa de estos se\u00f1ores\u201d, denunci\u00f3 Roberto. Asimismo, exige libertad para Alejandro D\u00edaz Santis quien sigue recluido injustamente en el municipio de Villa Comaltitl\u00e1n, Chiapas.<\/p>\n<p>En conferencia de prensa, Roberto Paciencia relata su detenci\u00f3n arbitraria, tortura y otras violaciones a sus derechos humanos (audio por <a href=\"http:\/\/www.regeneracionradio.org\/\" target=\"_blank\">Regeneraci\u00f3n Radio<\/a>):<br \/>\n<iframe loading=\"lazy\" width=\"100%\" height=\"100\" scrolling=\"no\" frameborder=\"no\" src=\"https:\/\/w.soundcloud.com\/player\/?url=https%3A\/\/api.soundcloud.com\/playlists\/279198228&amp;auto_play=false&amp;hide_related=false&amp;show_comments=true&amp;show_user=true&amp;show_reposts=false&amp;visual=true\"><\/iframe><\/p>\n<p>Abajo, el bolet\u00edn de prensa del <a href=\"http:\/\/www.frayba.org.mx\/archivo\/boletines\/161128_boletin_24_roberto.pdf\" target=\"_blank\">Centro de Derechos Humanos Fray Bartolom\u00e9 de Las Casas<\/a>:<br \/>\n<!--more--><\/p>\n<hr\/>\n<p style=\"text-align: right;\">San Crist\u00f3bal de Las Casas, Chiapas, M\u00e9xico.<br \/>\n28 de noviembre de 2016<\/p>\n<p style=\"text-align: right;\">Bolet\u00edn de prensa No. 24<\/p>\n<h4 style=\"text-align: center;\">Libre Roberto Paciencia<\/h4>\n<p>El 24 de noviembre del 2016, a las 17:30 horas, aproximadamente, Roberto Paciencia Cruz, obtuvo una sentencia de libertad absolutoria dictada por el Juez William Hernandez Ovando, Juez del Ramo Penal del Distrito de San Crist\u00f3bal de Las Casas, Chiapas.<\/p>\n<p>Roberto Paciencia, integrante del pueblo tsotsil, campesino, originario de la comunidad de Majompepentic, municipio de Chenalh\u00f3, Chiapas; v\u00edctima de Tortura, Tratos Crueles, Inhumanos y\/o Degradantes, Privaci\u00f3n Arbitraria de la Libertad y Violaciones al Debido Proceso, estuvo tres a\u00f1os y casi cuatro meses en injusta prisi\u00f3n en el Centro Estatal de Reinserci\u00f3n Social para Sentenciados N\u00fam. 05 (CERSS N\u00fam. 05), desde el 10 de agosto de 2013.<\/p>\n<p>Durante conferencia de prensa realizada el d\u00eda 28 de noviembre de 2016, en la ciudad de San Crist\u00f3bal de Las Casas, Chiapas, Roberto Paciencia testimoni\u00f3 la Privaci\u00f3n Arbitraria de la Libertad y otras violaciones a derechos humanos en su contra:<\/p>\n<blockquote><p><em>Les quiero relatar un poquito sobre mi detenci\u00f3n un d\u00eda 7 de agosto: Manejaba yo un carrito, fui al municipio de Pantelh\u00f3, cuando ven\u00eda de regreso me encontr\u00e9 una patrulla de polic\u00edas sectoriales o preventivos. Me acerqu\u00e9 y me dicen: sus papeles por favor. Y dijeron: es este se\u00f1or. Me llevaron a la c\u00e1rcel municipal de Pantelh\u00f3, ah\u00ed estuve tres horas, pasaron los minutos y me dijeron que me iban a llevar, me amarraron las manos y cuando veo que no vienen por Chenalh\u00f3, agarran otro caminito que sale por San Juan Cancuc, pregunt\u00e9 \u00bfd\u00f3nde me van a llevar?<\/em><\/p>\n<p><em>As\u00ed llegamos a San Crist\u00f3bal. Aqu\u00ed me amarraron los pies con unas cadenas. Llevaban armas cortas, as\u00ed me llevaron a Tuxtla. En la FECDO me empezaron a torturar. Ah\u00ed estuve tres d\u00edas y tres noches sin poder hacer una llamada, sin poder decirle a mi familia d\u00f3nde estaba. Sin orden de aprehensi\u00f3n me detuvieron.\u201d<\/em><\/p><\/blockquote>\n<p>El injusto encarcelamiento afect\u00f3 el proyecto de vida de Roberto Paciencia y su familia: Bajo custodia del Estado mexicano se perpetraron da\u00f1os a su salud como consecuencia de la Tortura efectuada por polic\u00edas y la mala atenci\u00f3n m\u00e9dica en el CERSS N\u00fam. 05; las p\u00e9rdidas materiales de sus bienes familiares para la manutenci\u00f3n de sus tres hijas e hijo en desamparo; impactos psicosociales; y ruptura con su vida comunitaria tsotsil. Adem\u00e1s de enfrentar la estigmatizaci\u00f3n desde la represi\u00f3n de un sistema carcelario. Estos da\u00f1os dejan marcas en quienes los han vivido.<\/p>\n<blockquote><p><em>Perd\u00ed mi familia, vendieron mi poquito terreno que ten\u00eda con el fin de sacarme, buscaron un abogado que s\u00f3lo rob\u00f3 la paga de mi terrenito. El tiempo que estuve sufri\u00f3 mucho mi familia, estuvieron muy solos, quien sabe c\u00f3mo le hicieron para sobrevivir. Cuando reci\u00e9n llegu\u00e9, me llegaba a visitar mi pareja, por falta de recursos hasta el momento no s\u00e9 nada de ella. Otra consecuencia son las gafas que debo usar como resultado de la tortura durante la cual me golpearon en la cabeza, de lejos no veo, no distingo.<\/em><\/p><\/blockquote>\n<p>El centro de Derechos Humanos Fray Bartolom\u00e9 de Las Casas ha documentado Tortura, Privaci\u00f3n Arbitraria de La Libertad, Riesgos a la Integridad y Seguridad Personal en distintos centros de reclusi\u00f3n en Chiapas. El caso de Roberto Paciencia fue documentado por peritos independiente desde diciembre de 2015, junto con el de otras 12 personas, hombres y mujeres v\u00edctimas de Tortura, cada uno de sus testimonios son una misma historia de violaciones sistem\u00e1ticas y estructurales a derechos humanos, tal y como se describe en el Informe La Tortura Mecanismo de Terror:<\/p>\n<blockquote><p><em>La Tortura como m\u00e9todo recurrente devela un sistema de justicia corrupto y distante a la garant\u00eda de protecci\u00f3n y seguridad jur\u00eddica. Aunque los gobiernos federal y del estado de Chiapas, realizan y publicitan reformas legislativas, pol\u00edticas p\u00fablicas y ratifican su compromiso en instancias internacionales, la realidad rebasa los l\u00edmites. La Tortura se oculta, es tolerada, permitida y ejercida desde quienes tienen la responsabilidad de la administraci\u00f3n de justicia, desde las estructuras de gobierno las violaciones a los derechos humanos son la norma.[1]<\/em><\/p><\/blockquote>\n<p>Por lo anterior este Centro de Derechos Humanos condena el uso sistem\u00e1tico de la Tortura llevada a cabo en instituciones como la Fiscal\u00eda Especializada Contra la Delincuencia Organizada (FECDO) y reitera que el Estado mexicano es responsable por acci\u00f3n y omisi\u00f3n al no sancionar a funcionarios perpetradores, manteniendo as\u00ed la impunidad. Frayba exige se investigue de manera imparcial, eficaz e inmediata la Tortura perpetrada por polic\u00edas en contra de Roberto Paciencia Cruz; y recuerda al Estado mexicano su deber de promover y proteger los derechos humanos y las libertades fundamentales universalmente reconocidas en Tratados Internacionales.[2]<\/p>\n<p>La libertad de Roberto Paciencia es fruto de su constante voz denunciando las violaciones a derechos humanos en contra de personas ind\u00edgenas injustamente presas, enfrentando corrupci\u00f3n y malas condiciones carcelarias, sin alimentaci\u00f3n adecuada ni de salud; el persistente acompa\u00f1amiento de su familia y la solidaridad de organizaciones independientes que mantuvieron la exigencia de libertad dentro y fuera de las murallas de castigo impuestas por el actual sistema que deber\u00eda procurar justicia.<\/p>\n<p><small><br \/>\n[1] La Tortura como mecanismo de terror. Junio de 2014. Disponible en: <a href=\"http:\/\/www.frayba.org.mx\/archivo\/boletines\/140625_infome_tortura_frayba.pdf\" target=\"_blank\">http:\/\/www.frayba.org.mx\/archivo\/boletines\/140625_infome_tortura_frayba.pdf<\/a><\/p>\n<p>[2] Centro de Derechos Humanos Fray Bartolom\u00e9 de Las Casas A.C.: Juez dictaminar\u00e1 sentencia a Roberto Paciencia Cruz. 10 de noviembre de 2016. Disponible en: <a href=\"http:\/\/www.frayba.org.mx\/archivo\/boletines\/161110_boletin_22_roberto_paciencia.pdf\" target=\"_blank\">http:\/\/www.frayba.org.mx\/archivo\/boletines\/161110_boletin_22_roberto_paciencia.pdf<\/a><br \/>\n<\/small>[:]<\/p>\n","protected":false},"excerpt":{"rendered":"<p>[:es] San Crist\u00f3bal de las Casas, Chiapas. Pozol. 28 de noviembre. Roberto Paciencia Cruz, ind\u00edgena tzotzil del municipio de Chenalh\u00f3, Chiapas y adherente a la Sexta Declaraci\u00f3n de la Selva Lacandona, quien permaneci\u00f3 3 a\u00f1os con cuatro meses injustamente preso en Centro Estatal de Reinserci\u00f3n Social para Sentenciados (CERSS) N\u00fam. 05 en San Crist\u00f3bal de [&hellip;]<\/p>\n","protected":false},"author":1,"featured_media":19457,"comment_status":"open","ping_status":"closed","sticky":false,"template":"","format":"standard","meta":{"footnotes":""},"categories":[1,6,826,962],"tags":[948,1084,187],"class_list":["post-19456","post","type-post","status-publish","format-standard","has-post-thumbnail","hentry","category-audio","category-chiapas","category-medios-libres-2","category-presos","tag-presos","tag-roberto-paciencia","tag-tortura"],"_links":{"self":[{"href":"https:\/\/radiozapatista.org\/index.php?rest_route=\/wp\/v2\/posts\/19456","targetHints":{"allow":["GET"]}}],"collection":[{"href":"https:\/\/radiozapatista.org\/index.php?rest_route=\/wp\/v2\/posts"}],"about":[{"href":"https:\/\/radiozapatista.org\/index.php?rest_route=\/wp\/v2\/types\/post"}],"author":[{"embeddable":true,"href":"https:\/\/radiozapatista.org\/index.php?rest_route=\/wp\/v2\/users\/1"}],"replies":[{"embeddable":true,"href":"https:\/\/radiozapatista.org\/index.php?rest_route=%2Fwp%2Fv2%2Fcomments&post=19456"}],"version-history":[{"count":0,"href":"https:\/\/radiozapatista.org\/index.php?rest_route=\/wp\/v2\/posts\/19456\/revisions"}],"wp:featuredmedia":[{"embeddable":true,"href":"https:\/\/radiozapatista.org\/index.php?rest_route=\/wp\/v2\/media\/19457"}],"wp:attachment":[{"href":"https:\/\/radiozapatista.org\/index.php?rest_route=%2Fwp%2Fv2%2Fmedia&parent=19456"}],"wp:term":[{"taxonomy":"category","embeddable":true,"href":"https:\/\/radiozapatista.org\/index.php?rest_route=%2Fwp%2Fv2%2Fcategories&post=19456"},{"taxonomy":"post_tag","embeddable":true,"href":"https:\/\/radiozapatista.org\/index.php?rest_route=%2Fwp%2Fv2%2Ftags&post=19456"}],"curies":[{"name":"wp","href":"https:\/\/api.w.org\/{rel}","templated":true}]}}