{"id":19130,"date":"2016-10-23T11:04:07","date_gmt":"2016-10-23T16:04:07","guid":{"rendered":"https:\/\/radiozapatista.org\/?p=19130"},"modified":"2016-10-23T11:04:07","modified_gmt":"2016-10-23T16:04:07","slug":"20-anos-de-crimenes-de-lesa-humanidad-en-la-zona-norte-de-chiapas","status":"publish","type":"post","link":"https:\/\/radiozapatista.org\/?p=19130","title":{"rendered":"20 a\u00f1os de cr\u00edmenes de lesa humanidad en la zona Norte de Chiapas"},"content":{"rendered":"<p><\/p>\n<p class=\"m_-4562232151114907024western\" lang=\"es-ES\" align=\"right\"><span style=\"font-family: Arial,sans-serif;\"><span style=\"font-size: medium;\">Susuclumil, Tila, Chiapas, M\u00e9xico.<\/span><\/span><\/p>\n<p class=\"m_-4562232151114907024western\" lang=\"es-ES\" align=\"right\"><span style=\"font-family: Arial,sans-serif;\"><span style=\"font-size: medium;\">21 de octubre de 2016<\/span><\/span><\/p>\n<p class=\"m_-4562232151114907024western\" lang=\"es-ES\" align=\"right\"><span style=\"font-family: Times New Roman,serif;\"><span style=\"font-size: medium;\"><span style=\"font-family: Arial,sans-serif;\"><span style=\"font-size: medium;\"><b>Bolet\u00edn de prensa No. 21<\/b><\/span><\/span><\/span><\/span><\/p>\n<p class=\"m_-4562232151114907024western\" lang=\"es-ES\" align=\"center\"><span style=\"font-family: Arial,sans-serif;\"><span style=\"font-size: large;\"><b>Sucuclumil conmemoraci\u00f3n de la memoria <\/b><\/span><\/span><\/p>\n<p class=\"m_-4562232151114907024western\" lang=\"es-ES\" align=\"center\"><span style=\"font-family: Arial,sans-serif;\"><span style=\"font-size: medium;\"><b>20 a\u00f1os de cr\u00edmenes de lesa humanidad en la zona Norte de Chiapas<\/b><\/span><\/span><\/p>\n<p class=\"m_-4562232151114907024western\" lang=\"es-ES\" align=\"right\"><span style=\"font-family: Arial,sans-serif;\"><span style=\"font-size: medium;\"><i>Desde abajo se empieza. <\/i><\/span><\/span><\/p>\n<p class=\"m_-4562232151114907024western\" lang=\"es-ES\" align=\"right\"><span style=\"font-family: Arial,sans-serif;\"><span style=\"font-size: medium;\"><i>\u00c9sta palabra es semilla, la sembramos y cuidamos <\/i><\/span><\/span><\/p>\n<p class=\"m_-4562232151114907024western\" lang=\"es-ES\" align=\"right\"><span style=\"font-family: Arial,sans-serif;\"><span style=\"font-size: medium;\"><i>porque es memoria, esperanza, justicia<\/i><\/span><\/span><\/p>\n<p><span style=\"font-family: Arial,sans-serif;\"><span style=\"font-size: medium;\">Para este Centro de Derechos Humanos los trabajos de la memoria hist\u00f3rica representan la acci\u00f3n continua, viva para el andar diario, para la creaci\u00f3n de alternativas frente a la impunidad del Estado mexicano, cuyas palabras est\u00e1n manchadas de sangre, con todo y sus instituciones.<\/span><\/span><\/p>\n<p class=\"m_-4562232151114907024western\" lang=\"es-ES\" align=\"justify\"><span style=\"font-family: Times New Roman,serif;\"><span style=\"font-size: medium;\"><span style=\"font-family: Arial,sans-serif;\"><span style=\"font-size: medium;\">Es por ello que traemos a la memoria en esta Tierra Blanca, Susuclumil, lugar de memoria, en este sitio de conciencia en donde el Tribunal Permanente de los Pueblos<\/span><\/span><sup><span style=\"font-family: Arial,sans-serif;\"><span style=\"font-size: medium;\"><a class=\"m_-4562232151114907024sdfootnoteanc\" href=\"https:\/\/mail.google.com\/mail\/u\/0\/#m_-4562232151114907024_sdfootnote1sym\" name=\"m_-4562232151114907024_sdfootnote1anc\"><sup>1<\/sup><\/a><\/span><\/span><\/sup><span style=\"font-family: Arial,sans-serif;\"><span style=\"font-size: medium;\"> escuch\u00f3 la palabra de hombres y mujeres, sobre los ca\u00eddos, v\u00edctimas y sobrevivientes de la estrategia contrainsurgente implementada por el Estado mexicano en el marco del Conflicto Armado Interno no resuelto en Chiapas.<\/span><\/span><\/span><\/span><\/p>\n<p class=\"m_-4562232151114907024western\" lang=\"es-ES\" align=\"justify\"><span style=\"font-family: Arial,sans-serif;\"><span style=\"font-size: medium;\">Aqu\u00ed se comparten un mismo camino, la palabra, La Otra Justicia, manteniendo en su lucha la esperanza de verdad y justicia frente a la impunidad.<\/span><\/span><\/p>\n<p class=\"m_-4562232151114907024western\" lang=\"es-ES\" align=\"justify\"><span style=\"font-family: Arial,sans-serif;\"><span style=\"font-size: medium;\">Recordando que con la aparici\u00f3n del Ej\u00e9rcito Zapatista de Liberaci\u00f3n Nacional (EZLN) el 1 de enero de 1994, y en medio de las negociaciones para la b\u00fasqueda de una salida pol\u00edtica al conflicto armado interno en Chiapas, la violencia en la regi\u00f3n aument\u00f3. El control militar era parte del intento de dominio de la situaci\u00f3n por parte del Estado mexicano. Con la puesta en marcha del Plan de Campa\u00f1a Chiapas 94, el Estado mexicano a trav\u00e9s del Ej\u00e9rcito mexicano, cre\u00f3 paramilitares delegando en ellos el uso de la fuerza, tolerando, permitiendo y facilitando sus operaciones y mostrando una incapacidad para combatirlos. <\/span><\/span><\/p>\n<p><!--more--><span style=\"font-family: Arial,sans-serif;\"><span style=\"font-size: medium;\">En la zona Norte de Chiapas, apareci\u00f3 el grupo paramilitar Organizaci\u00f3n Desarrollo Paz y Justicia (Paz y Justicia) quienes entre los a\u00f1os de 1995 a 1999 cometieron sistem\u00e1ticamente graves violaciones a derechos humanos, en una regi\u00f3n con presencia del Ej\u00e9rcito mexicano y la Polic\u00eda de Seguridad P\u00fablica quienes ten\u00edan sus campamentos y Bases de Operaciones Mixtas en distintas comunidades.<\/span><\/span><\/p>\n<p class=\"m_-4562232151114907024western\" lang=\"es-ES\" align=\"justify\"><span style=\"font-family: Arial,sans-serif;\"><span style=\"font-size: medium;\">Los registros dan a conocer 122 casos en la zona Norte de los cuales 37 fueron desapariciones forzadas y 85 ejecuciones extrajudiciales y m\u00e1s de 4500 personas desplazadas de manera forzada, seguida de detenciones arbitrarias, torturas, tortura sexual, hostigamiento, intimidacio\u0301n, destruccio\u0301n de propiedades, entre otras, cometidas por el grupo paramilitar Paz y Justicia. Los 122 casos se suman de los registrados en los municipios de Sabanilla 17 ejecuciones y 6 desapariciones; en Tumbal\u00e1 5 ejecuciones y 1 desaparecido; en Tila 52 ejecuciones y 26 desapariciones; Salto de Agua 11 ejecuciones y 1 desaparecido. El resto de los casos se desconoce el municipio del hecho. <\/span><\/span><\/p>\n<p class=\"m_-4562232151114907024western\" lang=\"es-ES\" align=\"justify\"><span style=\"font-family: Arial,sans-serif;\"><span style=\"font-size: medium;\">Este a\u00f1o se cumplen 20 a\u00f1os de impunidad de 52 casos (10 mujeres y 42 hombres) registrados en la zona Norte de Chiapas, siendo el mes de junio de 1996 el m\u00e1s violento con un registro de 33 casos (8 mujeres y 25 hombres). A 20 a\u00f1os, los familiares de v\u00edctimas y las v\u00edctimas sobrevivientes de la implementaci\u00f3n del Plan de Campa\u00f1a Chiapas 94 en la zona Norte de Chiapas, contin\u00faan su lucha por la verdad y la justicia. <\/span><\/span><\/p>\n<p class=\"m_-4562232151114907024western\" lang=\"es-ES\" align=\"justify\"><span style=\"font-family: Arial,sans-serif;\"><span style=\"font-size: medium;\">Son ocho casos emblem\u00e1ticos (seis ejecuciones extrajudiciales y dos desapariciones forzadas) presentados ante la Comisi\u00f3n Interamericana de Derechos Humanos, en el Caso 12.901 Rogelio Jim\u00e9nez L\u00f3pez y Otros (Zona Norte) el cual se encuentra en la etapa de estudio de Fondo. <\/span><\/span><\/p>\n<p class=\"m_-4562232151114907024western\" lang=\"es-ES\" align=\"justify\"><span style=\"font-family: Arial,sans-serif;\"><span style=\"font-size: medium;\">El Estado mexicano es responsable de los cr\u00edmenes de lesa humanidad cometidos por el grupo paramilitar Paz y Justicia, ya que este apoy\u00f3 o toler\u00f3 la violaci\u00f3n de los derechos humanos de las v\u00edctimas y sus familiares, adem\u00e1s hasta hoy, el Estado mexicano no ha identificado ni mucho menos sancionado a los autores materiales e intelectuales de tales cr\u00edmenes.<\/span><\/span><\/p>\n<p class=\"m_-4562232151114907024western\" lang=\"es-ES\" align=\"center\"><span style=\"font-family: Arial,sans-serif;\"><span style=\"font-size: medium;\">-*-<\/span><\/span><\/p>\n<div id=\"m_-4562232151114907024sdfootnote1\">\n<p class=\"m_-4562232151114907024sdfootnote-western\" lang=\"es-ES\"><a class=\"m_-4562232151114907024sdfootnotesym\" href=\"https:\/\/mail.google.com\/mail\/u\/0\/#m_-4562232151114907024_sdfootnote1anc\" name=\"m_-4562232151114907024_sdfootnote1sym\">1<\/a>Preaudiencia del Tribunal Permanente de los Pueblos, 6 y 7 de diciembre de 2013, comunidad de Susuclumil, Tila Chiapas, M\u00e9xico.<\/p>\n<\/div>\n<p><\/p>","protected":false},"excerpt":{"rendered":"<p>Susuclumil, Tila, Chiapas, M\u00e9xico. 21 de octubre de 2016 Bolet\u00edn de prensa No. 21 Sucuclumil conmemoraci\u00f3n de la memoria 20 a\u00f1os de cr\u00edmenes de lesa humanidad en la zona Norte de Chiapas Desde abajo se empieza. \u00c9sta palabra es semilla, la sembramos y cuidamos porque es memoria, esperanza, justicia Para este Centro de Derechos Humanos [&hellip;]<\/p>\n","protected":false},"author":1,"featured_media":0,"comment_status":"open","ping_status":"closed","sticky":false,"template":"","format":"standard","meta":{"footnotes":""},"categories":[6,183],"tags":[235,682,198,53,147,23,511],"class_list":["post-19130","post","type-post","status-publish","format-standard","hentry","category-chiapas","category-blog","tag-contrainsurgencia","tag-desaparicion-forzada","tag-impunidad","tag-justicia","tag-militarizacion","tag-paramilitares","tag-violencia"],"_links":{"self":[{"href":"https:\/\/radiozapatista.org\/index.php?rest_route=\/wp\/v2\/posts\/19130","targetHints":{"allow":["GET"]}}],"collection":[{"href":"https:\/\/radiozapatista.org\/index.php?rest_route=\/wp\/v2\/posts"}],"about":[{"href":"https:\/\/radiozapatista.org\/index.php?rest_route=\/wp\/v2\/types\/post"}],"author":[{"embeddable":true,"href":"https:\/\/radiozapatista.org\/index.php?rest_route=\/wp\/v2\/users\/1"}],"replies":[{"embeddable":true,"href":"https:\/\/radiozapatista.org\/index.php?rest_route=%2Fwp%2Fv2%2Fcomments&post=19130"}],"version-history":[{"count":0,"href":"https:\/\/radiozapatista.org\/index.php?rest_route=\/wp\/v2\/posts\/19130\/revisions"}],"wp:attachment":[{"href":"https:\/\/radiozapatista.org\/index.php?rest_route=%2Fwp%2Fv2%2Fmedia&parent=19130"}],"wp:term":[{"taxonomy":"category","embeddable":true,"href":"https:\/\/radiozapatista.org\/index.php?rest_route=%2Fwp%2Fv2%2Fcategories&post=19130"},{"taxonomy":"post_tag","embeddable":true,"href":"https:\/\/radiozapatista.org\/index.php?rest_route=%2Fwp%2Fv2%2Ftags&post=19130"}],"curies":[{"name":"wp","href":"https:\/\/api.w.org\/{rel}","templated":true}]}}