{"id":18899,"date":"2016-10-04T17:21:42","date_gmt":"2016-10-04T22:21:42","guid":{"rendered":"https:\/\/radiozapatista.org\/?p=18899"},"modified":"2017-10-27T09:20:50","modified_gmt":"2017-10-27T14:20:50","slug":"marcha-por-la-libertad-de-presos-politicos-de-la-crac-pc","status":"publish","type":"post","link":"https:\/\/radiozapatista.org\/?p=18899","title":{"rendered":"Marcha por la libertad de presos pol\u00edticos de la CRAC-PC"},"content":{"rendered":"<p><\/p>\n<div>\n<div><a href=\"https:\/\/radiozapatista.org\/wp-content\/uploads\/2016\/10\/marcha-web.jpg\"><img loading=\"lazy\" decoding=\"async\" class=\"alignnone wp-image-18900 size-full\" src=\"https:\/\/radiozapatista.org\/wp-content\/uploads\/2016\/10\/marcha-web.jpg\" alt=\"marcha-web\" width=\"800\" height=\"600\" srcset=\"https:\/\/radiozapatista.org\/wp-content\/uploads\/2016\/10\/marcha-web.jpg 800w, https:\/\/radiozapatista.org\/wp-content\/uploads\/2016\/10\/marcha-web-350x263.jpg 350w\" sizes=\"auto, (max-width: 800px) 100vw, 800px\" \/><\/a><\/div>\n<div><\/div>\n<div>Al pueblo de Mexico<\/div>\n<div id=\"m_7819626763080764997yui_3_16_0_1_1475611353925_21131\"><\/div>\n<div id=\"m_7819626763080764997yui_3_16_0_1_1475611353925_21107\">A pocos d\u00edas de cumplirse 3 a\u00f1os de la injusta e ilegal detenci\u00f3n de los compa\u00f1eros Gonzalo Molina, Samuel Ram\u00edrez G\u00e1lvez y Arturo Campos, y el desmantelamiento de la casa de justica del Para\u00edso, los intentos del gobierno federal por criminalizar y destruir a la CRAC-PC como instituci\u00f3n no han cesado. La captaci\u00f3n de pseudo representantes comunitarios, la infiltraci\u00f3n de gestores que en su mayor\u00eda est\u00e1n vinculados a partidos pol\u00edticos, la criminalizaci\u00f3n de la CRAC-PC y la regulaci\u00f3n de las polic\u00edas comunitarias son unos cuantos ejemplos de las intenciones del estado por destruir a la CRAC-PC.<\/div>\n<div id=\"m_7819626763080764997yui_3_16_0_1_1475611353925_21132\"><\/div>\n<div id=\"m_7819626763080764997yui_3_16_0_1_1475611353925_21108\">La CRAC-PC ha sido una alternativa de pueblos y comunidades para tomar la seguridad en sus manos ya que desde hace 21 a\u00f1os ha representado una forma de organizaci\u00f3n comunitaria. Por este motivo se ha vuelto un peligro para el gobierno, ya que deja en claro la corrupci\u00f3n y el v\u00ednculo de los gobiernos con la delincuencia organizada. Desde hace a\u00f1os el gobierno ha tratado de desmantelar a la polic\u00eda comunitaria mediante la criminalizaci\u00f3n, tach\u00e1ndola de ser un grupo violento, y con constantes ataques a las comunidades con grupos financiados por el estado para que los pueblos dejen de organizarse.<\/div>\n<div id=\"m_7819626763080764997yui_3_16_0_1_1475611353925_21134\"><\/div>\n<div id=\"m_7819626763080764997yui_3_16_0_1_1475611353925_21109\">La CRAC-PC<span id=\"m_7819626763080764997yui_3_16_0_1_1475611353925_21110\">\u00a0 <\/span>como instituci\u00f3n esta avalada por la ley 701 mediante la norma de seguridad, justicia y la educaci\u00f3n comunitaria, el art\u00edculo segundo de la constituci\u00f3n donde abala la organizaci\u00f3n de los pueblos originarios mediante sus usos y costumbres, y el Convenio 169 de la OIT<span id=\"m_7819626763080764997yui_3_16_0_1_1475611353925_21111\">\u00a0 <\/span>donde garantiza<span id=\"m_7819626763080764997yui_3_16_0_1_1475611353925_21112\">\u00a0 <\/span>de manera internacional los derechos<span id=\"m_7819626763080764997yui_3_16_0_1_1475611353925_21113\">\u00a0 <\/span>de los pueblos ind\u00edgenas pero sobre todo esta avalada por las asambleas comunitarias que es el \u00f3rgano donde se elige<span id=\"m_7819626763080764997yui_3_16_0_1_1475611353925_21114\">\u00a0 <\/span>a sus polic\u00edas, comandantes y<span id=\"m_7819626763080764997yui_3_16_0_1_1475611353925_21115\">\u00a0 <\/span>toda<span id=\"m_7819626763080764997yui_3_16_0_1_1475611353925_21116\">\u00a0 <\/span>la estructura de la CRAC-PC. Ya que la CRAC-PC<span id=\"m_7819626763080764997yui_3_16_0_1_1475611353925_21117\">\u00a0 <\/span>es una instituci\u00f3n que nace desde los pueblos.<\/div>\n<div id=\"m_7819626763080764997yui_3_16_0_1_1475611353925_21133\"><\/div>\n<div id=\"m_7819626763080764997yui_3_16_0_1_1475611353925_21118\">A pesar de los convenios internacionales del art\u00edculo segundo de la constituci\u00f3n y de las asambleas comunitarias el gobierno sigue sin reconocer a la CRAC-PC y su sistema comunitario, manteniendo compa\u00f1eros encarcelados o con procesos penales impidiendo la libre organizaci\u00f3n.<\/div>\n<div><\/div>\n<div id=\"m_7819626763080764997yui_3_16_0_1_1475611353925_21119\">Con gran alegr\u00eda damos a conocer la conformaci\u00f3n de la coordinaci\u00f3n regional que est\u00e1 integrada por la CRAC-PC de: La base del barrio del Fortin, Huamuxtitlan, Olinala, Xochihuehuetlan, Tlatlautli, Ahucotzingo, Pochutla, <span id=\"m_7819626763080764997yui_3_16_0_1_1475611353925_21120\">\u00a0<\/span>San Vicente Ayutla de los libres<span id=\"m_7819626763080764997yui_3_16_0_1_1475611353925_21121\">\u00a0 <\/span>y Teconoapa.<\/div>\n<div id=\"m_7819626763080764997yui_3_16_0_1_1475611353925_21135\"><\/div>\n<div id=\"m_7819626763080764997yui_3_16_0_1_1475611353925_21122\">As\u00ed como con la participaci\u00f3n del Comit\u00e9 Nacional Por la Libertad de los Presos Pol\u00edticos y las y los familiares de los presos pol\u00edticos de la CRAC-PC.<\/div>\n<div><\/div>\n<div id=\"m_7819626763080764997yui_3_16_0_1_1475611353925_21123\">Esta coordinaci\u00f3n se ha planteado como ejes de lucha la libertad de los presos pol\u00edticos as\u00ed como la defensa y rescate de la CRAC-PC como instituci\u00f3n comunitaria.<\/div>\n<div id=\"m_7819626763080764997yui_3_16_0_1_1475611353925_21136\"><\/div>\n<div id=\"m_7819626763080764997yui_3_16_0_1_1475611353925_21124\">Agradecemos su apoyo y esperamos contar con su participaci\u00f3n en la marcha del d\u00eda 12 de octubre que saldr\u00e1 a las 10:00 am de la alameda al Palacio de gobierno de Chilpancingo, Guerrero.<\/div>\n<div id=\"m_7819626763080764997yui_3_16_0_1_1475611353925_21137\"><\/div>\n<div id=\"m_7819626763080764997yui_3_16_0_1_1475611353925_21125\">Convocan: Coordinadora Regional, CRAC- PC de la base del barrio del Fortin, Huamuxtitlan, Olinala, Xochihuehuetlan, Tlatlautli, Ahuacotzingo, Pochutla, San Vicente, Ayutla de los libres, Teconoapa, Comit\u00e9 Nacional por la Libertad de los Presos Pol\u00edticos, Familiares de los presos pol\u00edticos de la CRAC-PC y Presos Pol\u00edticos de la CRAC-PC.<\/div>\n<div id=\"m_7819626763080764997yui_3_16_0_1_1475611353925_21126\"><\/div>\n<div id=\"m_7819626763080764997yui_3_16_0_1_1475611353925_21127\">\u00a1\u00a1El respeto a nuestros derechos, Sera justicia\u00a1\u00a1<\/div>\n<div id=\"m_7819626763080764997yui_3_16_0_1_1475611353925_21145\"><\/div>\n<div id=\"m_7819626763080764997yui_3_16_0_1_1475611353925_21128\">\u00a1\u00a1Presos Pol\u00edticos Libertad\u00a1\u00a1<\/div>\n<\/div>\n<div><\/div>\n<p>&nbsp;<\/p>","protected":false},"excerpt":{"rendered":"<p>Al pueblo de Mexico A pocos d\u00edas de cumplirse 3 a\u00f1os de la injusta e ilegal detenci\u00f3n de los compa\u00f1eros Gonzalo Molina, Samuel Ram\u00edrez G\u00e1lvez y Arturo Campos, y el desmantelamiento de la casa de justica del Para\u00edso, los intentos del gobierno federal por criminalizar y destruir a la CRAC-PC como instituci\u00f3n no han cesado. [&hellip;]<\/p>\n","protected":false},"author":13,"featured_media":0,"comment_status":"open","ping_status":"closed","sticky":false,"template":"","format":"standard","meta":{"footnotes":""},"categories":[957,954,183,962,935],"tags":[554,77,78],"class_list":["post-18899","post","type-post","status-publish","format-standard","hentry","category-autonomia","category-mexico","category-blog","category-presos","category-temas","tag-crac","tag-guerrero","tag-policia-comunitaria"],"_links":{"self":[{"href":"https:\/\/radiozapatista.org\/index.php?rest_route=\/wp\/v2\/posts\/18899","targetHints":{"allow":["GET"]}}],"collection":[{"href":"https:\/\/radiozapatista.org\/index.php?rest_route=\/wp\/v2\/posts"}],"about":[{"href":"https:\/\/radiozapatista.org\/index.php?rest_route=\/wp\/v2\/types\/post"}],"author":[{"embeddable":true,"href":"https:\/\/radiozapatista.org\/index.php?rest_route=\/wp\/v2\/users\/13"}],"replies":[{"embeddable":true,"href":"https:\/\/radiozapatista.org\/index.php?rest_route=%2Fwp%2Fv2%2Fcomments&post=18899"}],"version-history":[{"count":0,"href":"https:\/\/radiozapatista.org\/index.php?rest_route=\/wp\/v2\/posts\/18899\/revisions"}],"wp:attachment":[{"href":"https:\/\/radiozapatista.org\/index.php?rest_route=%2Fwp%2Fv2%2Fmedia&parent=18899"}],"wp:term":[{"taxonomy":"category","embeddable":true,"href":"https:\/\/radiozapatista.org\/index.php?rest_route=%2Fwp%2Fv2%2Fcategories&post=18899"},{"taxonomy":"post_tag","embeddable":true,"href":"https:\/\/radiozapatista.org\/index.php?rest_route=%2Fwp%2Fv2%2Ftags&post=18899"}],"curies":[{"name":"wp","href":"https:\/\/api.w.org\/{rel}","templated":true}]}}