{"id":18701,"date":"2016-09-15T15:43:25","date_gmt":"2016-09-15T20:43:25","guid":{"rendered":"https:\/\/radiozapatista.org\/?p=18701"},"modified":"2016-09-24T10:18:28","modified_gmt":"2016-09-24T15:18:28","slug":"comunicado-adherentes-ejido-san-sebastian-bachajon","status":"publish","type":"post","link":"https:\/\/radiozapatista.org\/?p=18701","title":{"rendered":"[:es]Comunicado adherentes Ejido San Sebasti\u00e1n Bachaj\u00f3n[:]"},"content":{"rendered":"<p>[:es]<center><a href=\"https:\/\/radiozapatista.org\/wp-content\/uploads\/2016\/09\/FOTO_sexta-bachajon.jpg\"><img loading=\"lazy\" decoding=\"async\" class=\"wp-image-18703 size-medium\" src=\"https:\/\/radiozapatista.org\/wp-content\/uploads\/2016\/09\/FOTO_sexta-bachajon-350x210.jpg\" alt=\"foto_sexta-bachajon\" width=\"350\" height=\"210\" srcset=\"https:\/\/radiozapatista.org\/wp-content\/uploads\/2016\/09\/FOTO_sexta-bachajon-350x210.jpg 350w, https:\/\/radiozapatista.org\/wp-content\/uploads\/2016\/09\/FOTO_sexta-bachajon.jpg 960w\" sizes=\"auto, (max-width: 350px) 100vw, 350px\" \/><\/a><br \/>\n<small>Foto: FB La Sexta Ejido Bachajon<\/small><\/center>Chil\u00f3n, Chiapas, 15 de septiembre. Comunicado de las y los adherentes a la Sexta del Ejido San Sebastian Bachajon, en la pasada marcha Por la exigencia de Justicia, realizada en este d\u00eda en la cabecera municipal de Chil\u00f3n, Chiapas, por organizaciones y personas de la sociedad civil.<\/p>\n<hr \/>\n<p>EN EJIDO SAN SEBASTIAN BACHAJON ADERENTES A LA SEXTA DECLARACION DE LA SELVA LACANDONA. CHIAPAS, MEXICO.\u00a0 A 15 DE SEPTIEMBRE 2016.<\/p>\n<p style=\"text-align: justify;\">A las Juntas de Buen Gobierno<br \/>\nAl Congreso Nacional Ind\u00edgena<br \/>\nA l@s compa\u00f1er@s adherentes a la Sexta Declaraci\u00f3n de la Selva Lacandona de M\u00e9xico y el Mundo<br \/>\nA los medios de comunicaci\u00f3n masivos e alternativos<br \/>\nA la Red contra la Represi\u00f3n y por la Solidaridad<br \/>\nAl Movimiento de Justicia por el Barrio de Nueva York<br \/>\nA los defensores de derechos humanos nacional e internacional<br \/>\nAl pueblo de M\u00e9xico y el mundo<\/p>\n<p style=\"text-align: justify;\">Jmololabex ants winiketik icha spatil a wotanik ta pisilik machatik nokol skoltabel te lum kinalik te yuun ta skuenta te nokol spojbel te chopol ajwalil.<\/p>\n<p style=\"text-align: justify;\">Compa\u00f1eros y compa\u00f1eras en general tengan todos ustedes un buen d\u00eda, reciban un cordial saludo de parte de los adherentes a la sexta declaraci\u00f3n del ejido san Sebasti\u00e1n Bachaj\u00f3n.<\/p>\n<p style=\"text-align: justify;\"><!--more-->En este encuentro que se est\u00e1 realizando en la cabecera municipal de Chil\u00f3n, Chiapas en contra de los actos del mal gobierno, aqu\u00ed con nuestra presencia y nuestra voz queremos compartir la lucha y la resistencia en contra de todos los actos de los malos gobernantes que buscan acabar con nuestro pueblo, que quiere imponer sus reformas a la constituci\u00f3n privatizando el petr\u00f3leo, la educaci\u00f3n, aumentando los impuestos, quitando derechos laborales y beneficiando a las empresas nacionales y extranjeras para que exploten los recursos naturales, echando de menos nuestro pasado y su historia.<\/p>\n<p style=\"text-align: justify;\">Queremos que se escuche que en esta lucha vamos a seguir con dignidad y autonom\u00eda, vamos a seguir en pie y con \u00e1nimo de conseguir la victoria, la lucha y la memoria de nuestro compa\u00f1ero ca\u00eddo Juan V\u00e1zquez Guzm\u00e1n sigue vivo y que su sangre derramada no ser\u00e1 en vano, nuestro compa\u00f1ero dio su vida por querer transformar este mundo secuestrado por la mentalidad capitalista.<\/p>\n<p style=\"text-align: justify;\">Ya que el mal gobierno es el verdadero responsable de\u00a0 todas las\u00a0 injusticias que\u00a0 d\u00eda\u00a0 a\u00a0 d\u00eda\u00a0se\u00a0 est\u00e1n\u00a0 cometiendo en\u00a0 nuestro pueblo, comprando conciencias, para\u00a0 ir\u00a0 ganando el control del territorio en cada\u00a0 pueblo y\u00a0 comunidad, para\u00a0\u00a0 manejar\u00a0 a la\u00a0 sociedad\u00a0 a su\u00a0antojo.<\/p>\n<p style=\"text-align: justify;\">San\u00a0 Sebasti\u00e1n\u00a0 Bachaj\u00f3n, un pueblo\u00a0 muy digno, donde la lucha y la memoria no se vende, las tradiciones y las costumbres vienen de nuestros\u00a0 ancestros, la creencia de nuestros abuelos mayas en la\u00a0 adoraci\u00f3n\u00a0 y el\u00a0 respeto a nuestra\u00a0 madre\u00a0 tierra.<\/p>\n<p style=\"text-align: justify;\">En esta misma v\u00eda mencionamos la lucha de los maestros en defensa de la educaci\u00f3n p\u00fablica, al movimiento magisterial de la Coordinadora Nacional de los Trabajadores de la Educaci\u00f3n para apoyar en contra de la mal llamada reforma educativa que quiere imponer el estado mexicano, ya basta de tanta injusticia, ya no m\u00e1s agresiones en contra de la sociedad, ya no mas secuestros, asesinatos, desapariciones forzadas, desalojos, violaciones a derechos humanos, otra vez nuevamente el mal gobierno mando a desalojar a los maestros en Oaxaca el d\u00eda 11 de septiembre de este a\u00f1o, quienes manten\u00edan sus tiendas de campa\u00f1a en el z\u00f3calo, el mal gobierno es el \u00fanico responsable de la represi\u00f3n en contra de la sociedad.<\/p>\n<p style=\"text-align: justify;\">Ahora\u00a0 que\u00a0 existen\u00a0 leyes\u00a0 hay mucha\u00a0 inseguridad en\u00a0 los\u00a0 pueblos y comunidades porque la\u00a0 ley\u00a0 no est\u00e1\u00a0 hecha\u00a0 para\u00a0 nosotros\u00a0 los\u00a0 pobres,\u00a0 si\u00a0 no\u00a0 para\u00a0 los\u00a0\u00a0 que tienen dinero,\u00a0 los\u00a0ricos\u00a0 latifundistas de los\u00a0 partidos\u00a0\u00a0 pol\u00edticos que \u00a0fue transformando esto con el tiempo\u00a0desintegrando el\u00a0 pueblo d\u00eda\u00a0 a d\u00eda, la invasi\u00f3n y\u00a0\u00a0 la\u00a0 ambici\u00f3n de los\u00a0\u00a0 pol\u00edticos que\u00a0 quieren\u00a0adue\u00f1arse\u00a0 de\u00a0 nuestra\u00a0 cultura y\u00a0 de nuestro pueblo y\u00a0 sus\u00a0 ciudades, pol\u00edticos\u00a0 que\u00a0 se est\u00e1n\u00a0 aferrando\u00a0 violentamente\u00a0 para\u00a0 obtener\u00a0 lo que\u00a0 quieren\u00a0 sin\u00a0 importar los\u00a0 costos\u00a0humanos que\u00a0 dejan\u00a0 durante\u00a0 su paso en\u00a0 las\u00a0 elecciones, as\u00ed es como funciona el sistema del mal gobierno.<\/p>\n<p style=\"text-align: justify;\">Vamos a seguir luchando para respirar la paz y la armon\u00eda, la revoluci\u00f3n de nuestros antepasados no se vende, porque a cambio de sus luchas y de sus trabajos se logr\u00f3 lo que nos pertenece para\u00a0\u00a0 nuestras futuras generaciones. Denunciamos al mal gobierno que mantiene el despojo de nuestras tierras para sus mega proyectos turisticos y explotaci\u00f3n de recursos naturales, despreciamos su pol\u00edtica de muerte y sometimiento mediante proyectos de gobierno para dormir la conciencia de nuestras comunidades.<\/p>\n<p style=\"text-align: justify;\">Enviamos un saludo combativo a los compa\u00f1eros y compa\u00f1eras choles del Ejido Tila en Chiapas que han tomado el control y la administraci\u00f3n de lo que el mal gobierno de Juan Sabines Guti\u00e9rrez los despoj\u00f3 de manera ilegal desde hace muchas d\u00e9cadas. Abrazamos su lucha, su esfuerzo incansable por constuir autonom\u00eda y gobierno para ind\u00edgenas y no ind\u00edgenas que viven en el pueblo de Tila. Les decimos que no estan solos y si los tocan a ustedes nos tocan a todos. Lamentamos la muerte de los dos j\u00f3venes asesinados cruelmente en tierras ejidales de nombres Carmita L\u00f3pez P\u00e9rez de 19 a\u00f1os y Rafael L\u00f3pez P\u00e9rez de 20 a\u00f1os, toda esta violencia es generada y promovida por los grupos ligados al ayuntamiento municipal de Tila que busca sembrar divisi\u00f3n y odio al pueblo organizado de Tila.<\/p>\n<p style=\"text-align: justify;\">Ya no m\u00e1s encarcelamientos injustos, Exigimos la liberaci\u00f3n inmediata de nuestros compa\u00f1eros presos injustamente Esteban G\u00f3mez Jim\u00e9nez preso en Cintalapa de Figueroa, Chiapas (amate #14) Santiago Moreno P\u00e9rez\u00a0y Emilio Jim\u00e9nez\u00a0G\u00f3mez, presos en playas de catazaja, Chiapas (ceress #17) que fueron encarcelados por tener el compromiso de luchar y defender la madre tierra y como tambi\u00e9n la libertad de otras\u00a0presas y presos pol\u00edticos de M\u00e9xico y el Mundo, que est\u00e1n siendo reprimidos y criminalizados por la defensa de la madre tierra y los bienes naturales.<\/p>\n<p style=\"text-align: justify;\">Desde la zona norte del estado de Chiapas las mujeres y hombres de san Sebasti\u00e1n enviamos saludos combativos a todos los compa\u00f1eros y compa\u00f1eras, comunidades\u00a0y pueblos de M\u00e9xico\u00a0y del mundo que est\u00e1n en resistencia.<\/p>\n<p style=\"text-align: center;\">Nunca m\u00e1s un M\u00e9xico sin nosotros<\/p>\n<p style=\"text-align: center;\">Tierra y libertad<\/p>\n<p style=\"text-align: center;\">\u00a1Zapata vive!<\/p>\n<p style=\"text-align: center;\">\u00a1Hasta la victoria siempre!<\/p>\n<p style=\"text-align: center;\">Presos pol\u00edticos \u00a1libertad!<\/p>\n<p style=\"text-align: center;\">\u00a1Juan V\u00e1zquez guzm\u00e1n vive, la lucha de Bachaj\u00f3n sigue!<\/p>\n<p style=\"text-align: center;\">\u00a1Juan Carlos G\u00f3mez Silvano vive, la lucha de Bachaj\u00f3n sigue!<\/p>\n<p style=\"text-align: center;\">\u00a1No al despojo de los territorios ind\u00edgenas!<\/p>\n<p style=\"text-align: center;\">\u00a1Fuera los polic\u00edas estatales de nuestro territorio ind\u00edgena!<\/p>\n<p style=\"text-align: center;\">\u00a1Presentaci\u00f3n inmediata a los compa\u00f1eros desaparecidos y asesinados de la Normal Ra\u00fal Isidro Burgos de Ayotzinapa!<\/p>\n<p style=\"text-align: center;\">\u00a1Viva la digna lucha de los compa\u00f1eros y compa\u00f1eras choles del ejido tila!<\/p>\n<p style=\"text-align: center;\">\u00a1Vivan los pueblos que luchan por su autonom\u00eda y libertad!<\/p>\n<p style=\"text-align: center;\">\u00a1JUSTICIA PARA NUESTRO COMPA\u00d1ERO JUAN VAZQUEZ GUZMAN, AYOTZINAPA, ACTEAL, ABC, ATENCO!<\/p>\n<p>[:]<\/p>\n","protected":false},"excerpt":{"rendered":"<p>[:es] Foto: FB La Sexta Ejido BachajonChil\u00f3n, Chiapas, 15 de septiembre. Comunicado de las y los adherentes a la Sexta del Ejido San Sebastian Bachajon, en la pasada marcha Por la exigencia de Justicia, realizada en este d\u00eda en la cabecera municipal de Chil\u00f3n, Chiapas, por organizaciones y personas de la sociedad civil. EN EJIDO [&hellip;]<\/p>\n","protected":false},"author":19,"featured_media":18703,"comment_status":"open","ping_status":"closed","sticky":false,"template":"","format":"standard","meta":{"footnotes":""},"categories":[957,51,6,826,935],"tags":[61],"class_list":["post-18701","post","type-post","status-publish","format-standard","has-post-thumbnail","hentry","category-autonomia","category-autor","category-chiapas","category-medios-libres-2","category-temas","tag-bachajon"],"_links":{"self":[{"href":"https:\/\/radiozapatista.org\/index.php?rest_route=\/wp\/v2\/posts\/18701","targetHints":{"allow":["GET"]}}],"collection":[{"href":"https:\/\/radiozapatista.org\/index.php?rest_route=\/wp\/v2\/posts"}],"about":[{"href":"https:\/\/radiozapatista.org\/index.php?rest_route=\/wp\/v2\/types\/post"}],"author":[{"embeddable":true,"href":"https:\/\/radiozapatista.org\/index.php?rest_route=\/wp\/v2\/users\/19"}],"replies":[{"embeddable":true,"href":"https:\/\/radiozapatista.org\/index.php?rest_route=%2Fwp%2Fv2%2Fcomments&post=18701"}],"version-history":[{"count":0,"href":"https:\/\/radiozapatista.org\/index.php?rest_route=\/wp\/v2\/posts\/18701\/revisions"}],"wp:featuredmedia":[{"embeddable":true,"href":"https:\/\/radiozapatista.org\/index.php?rest_route=\/wp\/v2\/media\/18703"}],"wp:attachment":[{"href":"https:\/\/radiozapatista.org\/index.php?rest_route=%2Fwp%2Fv2%2Fmedia&parent=18701"}],"wp:term":[{"taxonomy":"category","embeddable":true,"href":"https:\/\/radiozapatista.org\/index.php?rest_route=%2Fwp%2Fv2%2Fcategories&post=18701"},{"taxonomy":"post_tag","embeddable":true,"href":"https:\/\/radiozapatista.org\/index.php?rest_route=%2Fwp%2Fv2%2Ftags&post=18701"}],"curies":[{"name":"wp","href":"https:\/\/api.w.org\/{rel}","templated":true}]}}