{"id":1866,"date":"2011-03-07T15:40:08","date_gmt":"2011-03-07T21:40:08","guid":{"rendered":"https:\/\/radiozapatista.org\/?p=1866"},"modified":"2011-03-07T15:40:08","modified_gmt":"2011-03-07T21:40:08","slug":"cronica-7-de-marzo-en-paris-francia-y-fotos","status":"publish","type":"post","link":"https:\/\/radiozapatista.org\/?p=1866","title":{"rendered":"Cronica 7 de marzo en Paris, Francia y fotos"},"content":{"rendered":"<p>A nuestr@s compa\u00f1eras y compa\u00f1eros del Ejido San Sebasti\u00e1n Bachaj\u00f3n:<br \/>\nA nuestr@s compa\u00f1er@s zapatistas:<br \/>\nA nuestr@s compa\u00f1er@s de La Otra Campa\u00f1a:<br \/>\nA nuestr@s compa\u00f1er@s de la Zezta Internacional:<br \/>\nA los y las que caminan abajo y a la izquierda:<\/p>\n<p>Paris a 7 de marzo del 2011.<\/p>\n<p>[portfolio_slideshow]<br \/>\nDesde  aqu\u00ed nos unimos a la Convocatoria del D\u00eda Mundial por la Liberaci\u00f3n de los Presos de San Sebasti\u00e1n Bachaj\u00f3n y al D\u00eda Internacional en honor a las Mujeres de La Otra Campa\u00f1a.<\/p>\n<p>En el marco de la proyecci\u00f3n del documental &#8220;Viva  M\u00e9xico&#8221; en Francia, hemos dado a conocer la escalada de violencia y de represi\u00f3n en contra de las comunidades adherentes a la Otra Campa\u00f1a por parte del Estado Mexicano y<br \/>\nde sus grupos paramilitares.<\/p>\n<p>Adem\u00e1s de platicar con la gente presente sobre lo que actualmente acontece en San Sebasti\u00e1n Bachaj\u00f3n, se proyect\u00f3 un documental en el cual los mismos compas de\u00a0 Bachaj\u00f3n nos cuentan lo que sucedi\u00f3 ese 2 y 3 de febrero, donde la represi\u00f3n dejo un saldo de m\u00e1s de 100 detenidos y donde actualmente 6 compa\u00f1eros siguen presos; siguen presos por defender sustierras y territorios del despojo y la destrucci\u00f3n del gobierno y de las empresas nacionales e internacionales, quienes hambrientas de poder se aborazan sobre los recursos y riquezas naturales de esa zona; siguen<br \/>\npresos por defender la construcci\u00f3n de su autono m\u00eda.<\/p>\n<p>Ante tal contexto de represi\u00f3n y de impunidad los colectivos y  grupos presentes en este evento, seguiremos difundiendo conforme a nuestras formas y modos, los hechos de intimidaci\u00f3n y represi\u00f3n perpetrados por los tres niveles de gobierno y por sus paramilitares.<\/p>\n<p>Exigimos libertad para Mariano Demeza Silvano, Domingo P\u00e9rez \u00c1lvaro, Domingo Garc\u00eda G\u00f3mez, Juan Aguilar Guzm\u00e1n, Jer\u00f3nimo Guzm\u00e1n M\u00e9ndez\u00a0 y Pedro L\u00f3pez G\u00f3mez.<\/p>\n<p>Este pr\u00f3ximo 8 de marzo no olvidamos la lucha incansable de las mujeres de la Otra Campa\u00f1a en la construcci\u00f3n de una forma mas digna de vivir, de otro mundo, de otra forma de hacer pol\u00edtica en donde todas ellas tengan un lugar y una voz. No olvidamos a las mujeres de las comunidades zapatistas que dignamente resisten y construyen un nuevo mundo para tod@s.<\/p>\n<p>No olvidamos tampoco a todas las mujeres asesinadas impunemente, no s\u00f3lo en Ciudad Ju\u00e1rez, sino en todo M\u00e9xico, no las olvidamos!<\/p>\n<p>\u00a1Libertad a los presos y presas por  luchar!<br \/>\n\u00a1Alto a las agresiones contra adherentes de la Otra Campa\u00f1a!<br \/>\n\u00a1Que Vivan Las Mujeres de San Sebasti\u00e1n Bachaj\u00f3n!<br \/>\n\u00a1Que Vivan Las Mujeres Zapatistas!<br \/>\n\u00a1Que Vivan Las Mujeres de La Otra Campa\u00f1a!<br \/>\n\u00a1Si nos tocan a un@, nos tocan a tod@s !<\/p>\n<p>En solidaridad :<\/p>\n<p>Comit\u00e9 de Solidaridad con los Pueblos de Chiapas en Lucha (CSPCL)<br \/>\nSecretariado Internacional de la CNT, Francia<br \/>\nGrupo Les trois passants<br \/>\nTamazgha<br \/>\nGrupo de Apoyo a Leonard Peltier (LPSG-France)<br \/>\nComite de Solidaridad con los Indigenas de las Americas (CSIA-Nitassinan)<\/p>","protected":false},"excerpt":{"rendered":"<p>A nuestr@s compa\u00f1eras y compa\u00f1eros del Ejido San Sebasti\u00e1n Bachaj\u00f3n: A nuestr@s compa\u00f1er@s zapatistas: A nuestr@s compa\u00f1er@s de La Otra Campa\u00f1a: A nuestr@s compa\u00f1er@s de la Zezta Internacional: A los y las que caminan abajo y a la izquierda: Paris a 7 de marzo del 2011. [portfolio_slideshow] Desde aqu\u00ed nos unimos a la Convocatoria del [&hellip;]<\/p>\n","protected":false},"author":1,"featured_media":0,"comment_status":"open","ping_status":"open","sticky":false,"template":"","format":"standard","meta":{"footnotes":""},"categories":[183],"tags":[60,61,37],"class_list":["post-1866","post","type-post","status-publish","format-standard","hentry","category-blog","tag-agua-azul","tag-bachajon","tag-presos-politicos"],"_links":{"self":[{"href":"https:\/\/radiozapatista.org\/index.php?rest_route=\/wp\/v2\/posts\/1866","targetHints":{"allow":["GET"]}}],"collection":[{"href":"https:\/\/radiozapatista.org\/index.php?rest_route=\/wp\/v2\/posts"}],"about":[{"href":"https:\/\/radiozapatista.org\/index.php?rest_route=\/wp\/v2\/types\/post"}],"author":[{"embeddable":true,"href":"https:\/\/radiozapatista.org\/index.php?rest_route=\/wp\/v2\/users\/1"}],"replies":[{"embeddable":true,"href":"https:\/\/radiozapatista.org\/index.php?rest_route=%2Fwp%2Fv2%2Fcomments&post=1866"}],"version-history":[{"count":0,"href":"https:\/\/radiozapatista.org\/index.php?rest_route=\/wp\/v2\/posts\/1866\/revisions"}],"wp:attachment":[{"href":"https:\/\/radiozapatista.org\/index.php?rest_route=%2Fwp%2Fv2%2Fmedia&parent=1866"}],"wp:term":[{"taxonomy":"category","embeddable":true,"href":"https:\/\/radiozapatista.org\/index.php?rest_route=%2Fwp%2Fv2%2Fcategories&post=1866"},{"taxonomy":"post_tag","embeddable":true,"href":"https:\/\/radiozapatista.org\/index.php?rest_route=%2Fwp%2Fv2%2Ftags&post=1866"}],"curies":[{"name":"wp","href":"https:\/\/api.w.org\/{rel}","templated":true}]}}