{"id":18659,"date":"2016-09-09T22:45:58","date_gmt":"2016-09-10T03:45:58","guid":{"rendered":"https:\/\/radiozapatista.org\/?p=18659"},"modified":"2016-09-09T22:45:58","modified_gmt":"2016-09-10T03:45:58","slug":"ostula-anuncia-instalacion-de-reten-ante-la-reactivacion-de-templarios-y-los-intereses-mineros","status":"publish","type":"post","link":"https:\/\/radiozapatista.org\/?p=18659","title":{"rendered":"[:es]Ostula anuncia instalaci\u00f3n de ret\u00e9n ante la reactivaci\u00f3n de templarios y los intereses mineros[:]"},"content":{"rendered":"<p>[:es]<\/p>\n<h4 style=\"text-align: center;\">COMUNICADO URGENTE DE LA COMUNIDAD IND\u00cdGENA DE SANTA MAR\u00cdA OSTULA<br \/>\nA LOS PUEBLOS DE MEXICO Y DEL MUNDO.<\/h4>\n<p>La Comunidad Ind\u00edgena de Santa Mar\u00eda Ostula comunica que el d\u00eda 04 de septiembre del presente a\u00f1o realiz\u00f3 una asamblea general de comuneros en la que acord\u00f3 reactivar en forma indefinida el ret\u00e9n que est\u00e1 instalado en la carretera costera 200, con la participaci\u00f3n de los comuneros y polic\u00eda comunitaria de la totalidad de la comunidad.<\/p>\n<p>Lo anterior debido a que los ex templarios, a trav\u00e9s de lugartenientes como El Tena, El Tuco y Chuy Playas, se han estado reagrupando y tomando control de regiones enteras de la costa-sierra de Michoac\u00e1n, ante el silencio omiso de la Marina Armada de M\u00e9xico y de las dem\u00e1s corporaciones de seguridad; y ante el fracaso evidente, en todo el estado, del mando \u00fanico policial.<\/p>\n<p>Por otro lado las concesiones mineras otorgadas dentro de nuestro territorio, sobre todo a trasnacionales como la Ternium, no han sido canceladas, en tanto que dentro del juicio agrario 78\/2004, mismo que se ventila en el Tribunal Unitario Agrario N\u00famero 38 de Colima, se han realizado toda clase de trapacer\u00edas tendientes a modificar los linderos inmemoriales de nuestra comunidad con el fin de favorecer a los templarios de La Placita y a las empresas mineras interesadas en nuestras tierras<\/p>\n<div>Igualmente el estado mexicano ha sido incapaz de cumplir las elementales exigencias de justicia hechas por nuestra comunidad; por dicha raz\u00f3n invitamos nuevamente a los pueblos de M\u00e9xico y el mundo a apoyar nuestra lucha en el cumplimiento de LAS SIGUIENTES EXIGENCIAS:<\/p>\n<ul>\n<li>DESMILITARIZACI\u00d3N DE LA REGI\u00d3N DE LA COSTA-SIERRA DE MICHOAC\u00c1N, EL CASTIGO DE LOS MANDOS Y DE LOS INTEGRANTES DE LAS CORPORACIONES MILITARES Y POLICIACAS QUE ASESINARON AL NI\u00d1O HIDELBERTO REYES GARC\u00cdA, HIRIERON Y GOLPEARON A DIVERSOS COMUNEROS Y DESTRUYERON LOS BIENES DE LA COMUNIDAD DE OSTULA, AS\u00cd COMO LA REPARACI\u00d3N DE LOS DA\u00d1OS CAUSADOS A LOS BIENES DE LA COMUNIDAD DE OSTULA Y LA DEVOLUCI\u00d3N DE LOS SIGUIENTES ART\u00cdCULOS: CUATRO RADIOS DE COMUNICACI\u00d3N, EL SELLO E IDENTIFICACIONES DEL CONSEJO DE VIGILANCIA, UNA PISTOLA CON REGISTRO Y CUATRO JUEGOS DE LLAVES.<\/li>\n<\/ul>\n<ul>\n<li>APREHENSI\u00d3N DE LOS JEFES DEL CARTEL TEMPLARIO EN LA REGI\u00d3N, FEDERICO GONZALEZ MEDINA, ALIAS \u201cLICO\u201d, Y MARIO ALVAREZ L\u00d3PEZ, ALIAS \u201cEL CHACAL\u201d, Y DESARTICULACI\u00d3N VERDADERA DE DICHO CARTEL Y DE SU ESTRUCTURA POL\u00cdTICA Y ECON\u00d3MICA.<\/li>\n<\/ul>\n<ul>\n<li>EL RESPETO Y OTORGAMIENTO DE GARANT\u00cdAS PARA LA LIBERTAD DE LOS INTEGRANTES Y EL FUNCIONAMIENTO DE LA POLIC\u00cdA COMUNITARIA DE LOS MUNICIPIOS DE AQUILA, COAHUAYANA, CHINICUILA Y COALCOM\u00c1N.<\/li>\n<\/ul>\n<ul>\n<li>PRESENTACI\u00d3N CON VIDA DE LOS 6 COMUNEROS DESAPARECIDOS Y EL CASTIGO A LOS AUTORES INTELECTUALES Y MATERIALES DEL ASESINATO DE 34 COMUNEROS PERTENECIENTES LA COMUNIDAD DE OSTULA A LO LARGO DE LOS \u00daLTIMOS CUATRO A\u00d1OS.<\/li>\n<\/ul>\n<ul>\n<li>RESPETO AL TERRITORIO QUE EN FORMA INMEMORIAL CORRESPONDE A NUESTRA COMUNIDAD Y CANCELACI\u00d3N DE LAS CONCESIONES MINERAS OTORGADAS DENTRO DE DICHO TERRITORIO A PERSONAS AJENAS A NUESTRA COMUNIDAD.<\/li>\n<\/ul>\n<\/div>\n<div><\/div>\n<div style=\"text-align: center;\">Xayakalan, Michoac\u00e1n, a 06 de septiembre de 2016.<\/div>\n<div><\/div>\n<div style=\"text-align: center;\">A T E N T A M E N T E<br \/>\n\u201cNUNCA MAS, UN MEXICO SIN NOSOTROS\u201d<br \/>\nCOMUNIDAD INDIGENA DE SANTA MARIA OSTULA<\/div>\n<p>[:]<\/p>\n","protected":false},"excerpt":{"rendered":"<p>[:es] COMUNICADO URGENTE DE LA COMUNIDAD IND\u00cdGENA DE SANTA MAR\u00cdA OSTULA A LOS PUEBLOS DE MEXICO Y DEL MUNDO. La Comunidad Ind\u00edgena de Santa Mar\u00eda Ostula comunica que el d\u00eda 04 de septiembre del presente a\u00f1o realiz\u00f3 una asamblea general de comuneros en la que acord\u00f3 reactivar en forma indefinida el ret\u00e9n que est\u00e1 instalado [&hellip;]<\/p>\n","protected":false},"author":1,"featured_media":0,"comment_status":"open","ping_status":"closed","sticky":false,"template":"","format":"standard","meta":{"footnotes":""},"categories":[957,958,954,183],"tags":[79,1061,549,912,114,78],"class_list":["post-18659","post","type-post","status-publish","format-standard","hentry","category-autonomia","category-megaproyectos","category-mexico","category-blog","tag-autonomia","tag-crimen-organizado","tag-michoacan","tag-narcoestado","tag-ostula","tag-policia-comunitaria"],"_links":{"self":[{"href":"https:\/\/radiozapatista.org\/index.php?rest_route=\/wp\/v2\/posts\/18659","targetHints":{"allow":["GET"]}}],"collection":[{"href":"https:\/\/radiozapatista.org\/index.php?rest_route=\/wp\/v2\/posts"}],"about":[{"href":"https:\/\/radiozapatista.org\/index.php?rest_route=\/wp\/v2\/types\/post"}],"author":[{"embeddable":true,"href":"https:\/\/radiozapatista.org\/index.php?rest_route=\/wp\/v2\/users\/1"}],"replies":[{"embeddable":true,"href":"https:\/\/radiozapatista.org\/index.php?rest_route=%2Fwp%2Fv2%2Fcomments&post=18659"}],"version-history":[{"count":0,"href":"https:\/\/radiozapatista.org\/index.php?rest_route=\/wp\/v2\/posts\/18659\/revisions"}],"wp:attachment":[{"href":"https:\/\/radiozapatista.org\/index.php?rest_route=%2Fwp%2Fv2%2Fmedia&parent=18659"}],"wp:term":[{"taxonomy":"category","embeddable":true,"href":"https:\/\/radiozapatista.org\/index.php?rest_route=%2Fwp%2Fv2%2Fcategories&post=18659"},{"taxonomy":"post_tag","embeddable":true,"href":"https:\/\/radiozapatista.org\/index.php?rest_route=%2Fwp%2Fv2%2Ftags&post=18659"}],"curies":[{"name":"wp","href":"https:\/\/api.w.org\/{rel}","templated":true}]}}