{"id":18647,"date":"2016-09-08T11:52:48","date_gmt":"2016-09-08T16:52:48","guid":{"rendered":"https:\/\/radiozapatista.org\/?p=18647"},"modified":"2017-07-04T08:53:21","modified_gmt":"2017-07-04T13:53:21","slug":"ejido-tila-denuncia-dos-asesinatos-e-intentos-de-desestabilizar-la-autonomia","status":"publish","type":"post","link":"https:\/\/radiozapatista.org\/?p=18647","title":{"rendered":"Ejido Tila denuncia dos asesinatos e intentos de desestabilizar la autonom\u00eda"},"content":{"rendered":"<p><\/p>\n<p style=\"text-align: center;\"><a href=\"https:\/\/radiozapatista.org\/wp-content\/uploads\/2016\/09\/tila.jpg\"><img loading=\"lazy\" decoding=\"async\" class=\"aligncenter size-medium wp-image-18648\" src=\"https:\/\/radiozapatista.org\/wp-content\/uploads\/2016\/09\/tila-350x233.jpg\" alt=\"tila\" width=\"350\" height=\"233\" srcset=\"https:\/\/radiozapatista.org\/wp-content\/uploads\/2016\/09\/tila-350x233.jpg 350w, https:\/\/radiozapatista.org\/wp-content\/uploads\/2016\/09\/tila.jpg 800w\" sizes=\"auto, (max-width: 350px) 100vw, 350px\" \/><\/a><\/p>\n<p>Desde diciembre pasado, cuando los ejidatarios de Tila expulsaron al ayuntamiento enclavado ilegalmente dentro de su territorio, el Ejido Tila ha ejercido su autonom\u00eda en todos los sentidos, bajo presi\u00f3n policiaca, paramilitar y militar. Este 6 de septiembre los ejidatarios denunciaron dos asesinatos por parte de pandilleros cobijados por el antiguo ayuntamiento, as\u00ed como otras acciones para desestabilizar al ejido y su ejercicio de la autonom\u00eda.<\/p>\n<p>Abajo, el comunicado completo del Ejido Tila.<\/p>\n<p><!--more--><\/p>\n<hr \/>\n<p style=\"text-align: center;\"><strong>COMUNICADO<\/strong><\/p>\n<p style=\"text-align: right;\">Ejido Tila, Chiapas;\u00a0 M\u00e9xico a 06 de septiembre del 2016.<\/p>\n<p>A la opini\u00f3n p\u00fablica<br \/>\nAl Congreso Nacional Ind\u00edgena (CNI)<br \/>\nA los Adherentes a la sexta nacional e internacional<br \/>\nA la red contra la represi\u00f3n y por la solidaridad<br \/>\nA los medios masivos de comunicaci\u00f3n nacional e internacional<br \/>\nA las organizaciones que luchan por justicia y dignidad<br \/>\nA las y los defensores de derechos humanos no gubernamentales<br \/>\nA la lucha de M\u00e9xico y el Mundo.<\/p>\n<p>Hermanas y hermanos de las distintas geograf\u00edas que luchan por justicia y dignidad, les manifestamos nuestro gran agradecimiento de parte de los ejidatarios y ejidatarias del Ejido Tila, porque ustedes se han solidarizado con nosotros; ya que, sus palabras significan mucho para nosotros que nos fortalece para seguir luchando sin claudicar.<\/p>\n<p>Lamentablemente es triste hacerles saber que el d\u00eda s\u00e1bado 27 de agosto del 2016 al parecer por la tarde una pareja de hermanos que respond\u00edan el nombre de Carmita L\u00f3pez P\u00e9rez de 19 a\u00f1os y Rafael L\u00f3pez P\u00e9rez de 20 a\u00f1os fueron asesinados cuyas personas eran originarios de la comunidad de corta flor del Ejido Tiontiepa Benito Ju\u00e1rez, pero que los abuelos son originarios del ejido tila, estado de Chiapas. Estos dos hermanos fueron macheteados y la joven ultrajada por lo que condenamos este hecho tan lamentables.<\/p>\n<p>Acudieron al lugar los ejidatarios del ejido tila por solicitud de los familiares y porque el crimen se realizo dentro de nuestro territorio ejidal regido por autogobierno. se hizo el levantamiento de cad\u00e1ver con la asistencia del juez ejidal y ejidatarios, realisando todos los registros necesarios ya que los familiares de los occisos manifestaron por voluntad propia que no quer\u00edan la intervenci\u00f3n de otras autoridades porque nunca investigan y todo queda en la impunidad, mas aun si uno no tiene dinero, porque en los juzgados la justicia es comprada por eso piden que haga su trabajo la autonom\u00eda ejidal. Hemos de se\u00f1alar que el crimen ocurri\u00f3 a la altura del Barrio Chijtieja y la vereda que conduce hacia la comunidad de corta flor a unos 3 (tres) kil\u00f3metros lo que hizo imposible que la guardia ejidal se diera cuenta de los hechos o prestaran auxilio.<\/p>\n<p>El ejido se encuentra investigando para conocer qui\u00e9nes son los responsables donde ya hay personas se\u00f1aladas e informaci\u00f3n sobre sus antecedentes. Por ahora sabemos que es un grupo de pandilleros que han venido consumiendo drogas que ha venido prevaleciendo ante la autorizaci\u00f3n cuando estaba el ayuntamiento. as\u00ed como la violencia que ven\u00eda sucediendo de asesinatos a manos de los polic\u00edas municipales o el mismo presidente municipal asesinaba que han quedado en total impunidad. Aclaramos que lo hemos denunciado por muchos a\u00f1os que durante la estancia del ayuntamiento municipal aumentaron los pandilleros, el consumo de drogas, narcomenudeo, alcoholismo que todo este problema han dejado y que el ejido ahora tiene que limpiar toda esa basura que dejaron.<\/p>\n<p>Por eso en una asamblea extraordinaria celebrada el pasado 31 de agosto de manera urgente se convoco para tratar asuntos sobre drogadicci\u00f3n y el alcoholismo que no cabe en nuestra autonom\u00eda ejidal y es la misma asamblea que ha determinado resolver y erradicar la siembra de drogas; ya que, nuestros abuelos solicitaron las tierras para cultivar los productos de primera necesidad de nuestra vida cotidiana, pero no para la siembra de drogas que envenena los j\u00f3venes, nuestros hijos creando pandilleros, asaltantes, o convirti\u00e9ndolos en asesinos. Los promotores de la siembra y venta de drogas son esas personas que fueron contratadas para encapucharse para mantener el poder en tiempos de campa\u00f1a electoral del presidente municipal actual c. Prof. Edgar Leopoldo G\u00f3mez Guti\u00e9rrez y sus seguidores.<\/p>\n<p>Se\u00f1alamos p\u00fablicamente a un grupito de personas conflictivas que quieren desestabilizar y culpar a nuestro autogobierno ejidal de la violencia que dejo sembrada el mal gobierno del que ellos mismos formaron parte; el expresidente c. Arturo S\u00e1nchez S\u00e1nchez y su hijo c. francisco Arturo S\u00e1nchez Mart\u00ednez, as\u00ed como los llamados jolotes, do\u00f1a Mercedes Bonifaz, la doctora Adelaida Mart\u00ednez Parcero y su hermano Rodrigo. Se la pasan pidiendo la entrada de la fuerza p\u00fablica con enga\u00f1os y el regreso del gobierno invasor en nuestro territorio. Son un peque\u00f1ito grupo de personas que quieren imponer su modo de vida en el ejido tila quienes han vivido del gobierno, del despojo y la explotaci\u00f3n de nuestro pueblo y son racistas que se encargan de malinformar y criticar nuestra autonom\u00eda ejidal. pero a pesar de esto seguiremos adelante porque ya nadie lo puede parar, muchos han abierto los ojos y unos cuantos que viven manipulados.<\/p>\n<p>Queremos se\u00f1alar que son estas mismas personas que est\u00e1n generando un conflicto entre los padres de familia en el colegio de bachilleres de Chiapas plantel 14 apostando siempre la violencia en coordinaci\u00f3n con operadores del partido verde. Condenamos estos hechos que est\u00e1n sucediendo en ese plantel educativo porque podr\u00edan haber brotes de violencia que a la mera hora buscaran culpar al ejido. la escuela fue cerrada por miembros de la CNTE de la Secci\u00f3n 7 de Chiapas de forma pac\u00edfica y los padres de familia de ese plantel que est\u00e1n luchando contra la reforma educativa que es uno de tantas reformas que el ejecutivo ha venido implementando, poniendo en riesgo a todos los mexicanos afectando nuestros derechos y sobre todo nuestras culturas ind\u00edgenas que para los ricos simplemente somos basura.<\/p>\n<p>Nuestra autonom\u00eda marcha sin distinci\u00f3n; sin embargo, las personas o grupitos en contra se est\u00e1n apartando solos e informamos que el c. Vicente Ram\u00edrez Jim\u00e9nez, tomo su propia decisi\u00f3n de enterrar en otro lugar a su esposa que falleci\u00f3 el 04 de septiembre, porque se ha declarado en contra de los ejidatarios y ejidatarias como resultado de estar manipulado por personas dedicadas a vender las tierras ejidales como si fueran mercanc\u00edas.<\/p>\n<p>Nuestro pueblo contin\u00faa en alerta porque las amenazas siempre est\u00e1n presentes de que quieren acabar con nuestra autonom\u00eda ejidal. Seguiremos informando y a la vez alertamos a estar atentos y voltear a ver a los pueblos que sufren hostigamientos en sus comunidades.<\/p>\n<p style=\"text-align: center;\"><strong>ATENTAMENTE<\/strong><\/p>\n<p style=\"text-align: center;\"><strong>TIERRA Y LIBERTAD<\/strong><\/p>\n<p style=\"text-align: center;\"><strong>ORGANOS DE REPRESENTACION EJIDAL<\/strong><\/p>\n<p style=\"text-align: center;\"><strong>COMISARIADO EJIDAL\u00a0\u00a0\u00a0\u00a0\u00a0\u00a0\u00a0\u00a0\u00a0\u00a0\u00a0\u00a0\u00a0\u00a0\u00a0\u00a0\u00a0\u00a0\u00a0\u00a0\u00a0\u00a0\u00a0\u00a0\u00a0\u00a0\u00a0\u00a0\u00a0\u00a0\u00a0\u00a0\u00a0\u00a0\u00a0\u00a0\u00a0\u00a0\u00a0\u00a0\u00a0\u00a0\u00a0\u00a0\u00a0\u00a0\u00a0\u00a0\u00a0\u00a0\u00a0\u00a0\u00a0\u00a0\u00a0\u00a0\u00a0\u00a0\u00a0 CONSEJO DE VIGLANCIA<\/strong><\/p>\n<p style=\"text-align: center;\"><strong>NUNCA MAS UN MEXICO SIN NOSOTROS<\/strong><br \/>\n<strong>\u00a1\u00a1TODOS SOMOS NOCHIXTLAN OAXACA!!\u00a0<\/strong><br \/>\n<strong>\u00a1\u00a1TODOS SOMOS AYOTZINAPA!!<\/strong><br \/>\n<strong>\u00a1\u00a1VIVA LA DIGNA LUCHA DE LOS PUEBLOS ORGANIZADOS!!\u00a0<\/strong><br \/>\n<strong>\u00a1\u00a1VIVA LA AUTONOMIA DE LOS PUEBLOS!!<\/strong><\/p>\n<p style=\"text-align: left;\">Fuente: <a href=\"http:\/\/laotraejidotila.blogspot.mx\/2016\/09\/comunicado-sobre-asesinato-violento-de.html\">Ejido Tila<\/a><\/p>\n<p><\/p>","protected":false},"excerpt":{"rendered":"<p>Desde diciembre pasado, cuando los ejidatarios de Tila expulsaron al ayuntamiento enclavado ilegalmente dentro de su territorio, el Ejido Tila ha ejercido su autonom\u00eda en todos los sentidos, bajo presi\u00f3n policiaca, paramilitar y militar. Este 6 de septiembre los ejidatarios denunciaron dos asesinatos por parte de pandilleros cobijados por el antiguo ayuntamiento, as\u00ed como otras [&hellip;]<\/p>\n","protected":false},"author":1,"featured_media":18648,"comment_status":"open","ping_status":"closed","sticky":false,"template":"","format":"standard","meta":{"footnotes":""},"categories":[957,6,1024,956,190],"tags":[79,63,95],"class_list":["post-18647","post","type-post","status-publish","format-standard","has-post-thumbnail","hentry","category-autonomia","category-chiapas","category-cni-temas","category-sexta","category-radiozapatista","tag-autonomia","tag-cni","tag-tila"],"_links":{"self":[{"href":"https:\/\/radiozapatista.org\/index.php?rest_route=\/wp\/v2\/posts\/18647","targetHints":{"allow":["GET"]}}],"collection":[{"href":"https:\/\/radiozapatista.org\/index.php?rest_route=\/wp\/v2\/posts"}],"about":[{"href":"https:\/\/radiozapatista.org\/index.php?rest_route=\/wp\/v2\/types\/post"}],"author":[{"embeddable":true,"href":"https:\/\/radiozapatista.org\/index.php?rest_route=\/wp\/v2\/users\/1"}],"replies":[{"embeddable":true,"href":"https:\/\/radiozapatista.org\/index.php?rest_route=%2Fwp%2Fv2%2Fcomments&post=18647"}],"version-history":[{"count":0,"href":"https:\/\/radiozapatista.org\/index.php?rest_route=\/wp\/v2\/posts\/18647\/revisions"}],"wp:featuredmedia":[{"embeddable":true,"href":"https:\/\/radiozapatista.org\/index.php?rest_route=\/wp\/v2\/media\/18648"}],"wp:attachment":[{"href":"https:\/\/radiozapatista.org\/index.php?rest_route=%2Fwp%2Fv2%2Fmedia&parent=18647"}],"wp:term":[{"taxonomy":"category","embeddable":true,"href":"https:\/\/radiozapatista.org\/index.php?rest_route=%2Fwp%2Fv2%2Fcategories&post=18647"},{"taxonomy":"post_tag","embeddable":true,"href":"https:\/\/radiozapatista.org\/index.php?rest_route=%2Fwp%2Fv2%2Ftags&post=18647"}],"curies":[{"name":"wp","href":"https:\/\/api.w.org\/{rel}","templated":true}]}}