{"id":18558,"date":"2016-08-30T11:50:16","date_gmt":"2016-08-30T16:50:16","guid":{"rendered":"https:\/\/radiozapatista.org\/?p=18558"},"modified":"2020-01-25T07:22:17","modified_gmt":"2020-01-25T13:22:17","slug":"wilson-alves-bezerra-habla-sobre-su-libro-o-pau-do-brasil","status":"publish","type":"post","link":"https:\/\/radiozapatista.org\/?p=18558","title":{"rendered":"[:es]Wilson Alves Bezerra habla sobre su libro O Pau do Brasil[:]"},"content":{"rendered":"<p>[:es]<\/p>\n<p style=\"text-align: center;\"><a href=\"https:\/\/radiozapatista.org\/wp-content\/uploads\/2016\/08\/wilson.jpg\"><img loading=\"lazy\" decoding=\"async\" class=\"aligncenter size-full wp-image-18560\" src=\"https:\/\/radiozapatista.org\/wp-content\/uploads\/2016\/08\/wilson.jpg\" alt=\"wilson\" width=\"500\" height=\"333\" srcset=\"https:\/\/radiozapatista.org\/wp-content\/uploads\/2016\/08\/wilson.jpg 500w, https:\/\/radiozapatista.org\/wp-content\/uploads\/2016\/08\/wilson-350x233.jpg 350w\" sizes=\"auto, (max-width: 500px) 100vw, 500px\" \/><\/a><\/p>\n<p>Este mi\u00e9rcoles se llevar\u00e1 a cabo la votaci\u00f3n final para el impeachment de la presidenta de Brasil Dilma Rousseff, alejada del cargo desde mayo de este a\u00f1o, en lo que muchos califican de golpe de Estado. Mientras tanto, el gobierno derechista de Michel Temer ha dado, en pocos meses, duros golpes a la educaci\u00f3n, la salud, la cultura, los derechos laborales, abriendo el camino a la privatizaci\u00f3n y a la industria privada. Al mismo tiempo, el discurso violento de una derecha que cuenta con la complicidad de los grandes medios de comunicaci\u00f3n ha dado lugar a manifestaciones de odio, racismo, machismo y clasismo, creando una profunda divisi\u00f3n de la sociedad.<\/p>\n<p>En este contexto, el poeta, novelista, cuentista y acad\u00e9mico Wilson Alves Bezerra escribi\u00f3 en una semana el libro de poes\u00eda <em>O pau do Brasil<\/em> (El palo de Brasil), una referencia ir\u00f3nica al libro <em>Pau Brasil<\/em> del modernista Oswald de Andrade. El libro fue presentado en dos eventos del CompARTE Bah\u00eda (<a href=\"https:\/\/radiozapatista.org\/?p=17500\">Universidad Federal<\/a> y <a href=\"https:\/\/radiozapatista.org\/?p=17651\">Barrio de Calabar<\/a>).<\/p>\n<p>En entrevista a Radio Zapatista, Wilson Bezerra nos habla sobre el libro, el papel de la poes\u00eda y la situaci\u00f3n actual en Brasil.<\/p>\n<p>Escucha aqu\u00ed: [podcast]https:\/\/radiozapatista.org\/Audios\/pau_do_brasil.mp3[\/podcast]<\/p>\n<p style=\"text-align: center;\"><a href=\"https:\/\/radiozapatista.org\/wp-content\/uploads\/2016\/08\/opaudobrasil.jpg\"><img loading=\"lazy\" decoding=\"async\" class=\"aligncenter wp-image-18565 size-full\" src=\"https:\/\/radiozapatista.org\/wp-content\/uploads\/2016\/08\/opaudobrasil.jpg\" alt=\"opaudobrasil\" width=\"484\" height=\"720\" srcset=\"https:\/\/radiozapatista.org\/wp-content\/uploads\/2016\/08\/opaudobrasil.jpg 484w, https:\/\/radiozapatista.org\/wp-content\/uploads\/2016\/08\/opaudobrasil-202x300.jpg 202w\" sizes=\"auto, (max-width: 484px) 100vw, 484px\" \/><\/a><\/p>\n<p style=\"text-align: center;\">\n<p>[:]<\/p>\n","protected":false},"excerpt":{"rendered":"<p>[:es] Este mi\u00e9rcoles se llevar\u00e1 a cabo la votaci\u00f3n final para el impeachment de la presidenta de Brasil Dilma Rousseff, alejada del cargo desde mayo de este a\u00f1o, en lo que muchos califican de golpe de Estado. Mientras tanto, el gobierno derechista de Michel Temer ha dado, en pocos meses, duros golpes a la educaci\u00f3n, [&hellip;]<\/p>\n","protected":false},"author":1,"featured_media":17520,"comment_status":"open","ping_status":"closed","sticky":false,"template":"","format":"standard","meta":{"footnotes":""},"categories":[1,1284,190],"tags":[42,111,474,1052],"class_list":["post-18558","post","type-post","status-publish","format-standard","has-post-thumbnail","hentry","category-audio","category-latinoamerica","category-radiozapatista","tag-brasil","tag-ciencias-y-artes","tag-literatura","tag-poesia"],"_links":{"self":[{"href":"https:\/\/radiozapatista.org\/index.php?rest_route=\/wp\/v2\/posts\/18558","targetHints":{"allow":["GET"]}}],"collection":[{"href":"https:\/\/radiozapatista.org\/index.php?rest_route=\/wp\/v2\/posts"}],"about":[{"href":"https:\/\/radiozapatista.org\/index.php?rest_route=\/wp\/v2\/types\/post"}],"author":[{"embeddable":true,"href":"https:\/\/radiozapatista.org\/index.php?rest_route=\/wp\/v2\/users\/1"}],"replies":[{"embeddable":true,"href":"https:\/\/radiozapatista.org\/index.php?rest_route=%2Fwp%2Fv2%2Fcomments&post=18558"}],"version-history":[{"count":1,"href":"https:\/\/radiozapatista.org\/index.php?rest_route=\/wp\/v2\/posts\/18558\/revisions"}],"predecessor-version":[{"id":33794,"href":"https:\/\/radiozapatista.org\/index.php?rest_route=\/wp\/v2\/posts\/18558\/revisions\/33794"}],"wp:featuredmedia":[{"embeddable":true,"href":"https:\/\/radiozapatista.org\/index.php?rest_route=\/wp\/v2\/media\/17520"}],"wp:attachment":[{"href":"https:\/\/radiozapatista.org\/index.php?rest_route=%2Fwp%2Fv2%2Fmedia&parent=18558"}],"wp:term":[{"taxonomy":"category","embeddable":true,"href":"https:\/\/radiozapatista.org\/index.php?rest_route=%2Fwp%2Fv2%2Fcategories&post=18558"},{"taxonomy":"post_tag","embeddable":true,"href":"https:\/\/radiozapatista.org\/index.php?rest_route=%2Fwp%2Fv2%2Ftags&post=18558"}],"curies":[{"name":"wp","href":"https:\/\/api.w.org\/{rel}","templated":true}]}}