{"id":18543,"date":"2016-08-28T11:42:53","date_gmt":"2016-08-28T16:42:53","guid":{"rendered":"https:\/\/radiozapatista.org\/?p=18543"},"modified":"2016-08-28T11:42:53","modified_gmt":"2016-08-28T16:42:53","slug":"normales-rurales-incomodas-al-poder-porque-forman-mentes-criticas-cnte","status":"publish","type":"post","link":"https:\/\/radiozapatista.org\/?p=18543","title":{"rendered":"\u201cNormales Rurales, inc\u00f3modas al poder porque forman mentes cr\u00edticas\u201d, CNTE."},"content":{"rendered":"<p><div class=\"slider js_slider\">\n\t                <div class=\"frame js_frame\">\n\t                    <ul class=\"slides js_slides\"><li class=\"js_slide\"><img loading=\"lazy\" decoding=\"async\" width=\"300\" height=\"200\" src=\"https:\/\/radiozapatista.org\/wp-content\/uploads\/2016\/08\/DSC_0152-300x200.jpg\" class=\"attachment- size-\" alt=\"\" \/><\/li><li class=\"js_slide\"><img loading=\"lazy\" decoding=\"async\" width=\"300\" height=\"200\" src=\"https:\/\/radiozapatista.org\/wp-content\/uploads\/2016\/08\/DSC_0148-300x200.jpg\" class=\"attachment- size-\" alt=\"\" \/><\/li><li class=\"js_slide\"><img loading=\"lazy\" decoding=\"async\" width=\"300\" height=\"200\" src=\"https:\/\/radiozapatista.org\/wp-content\/uploads\/2016\/08\/DSC_0132-300x200.jpg\" class=\"attachment- size-\" alt=\"\" \/><\/li><li class=\"js_slide\"><img loading=\"lazy\" decoding=\"async\" width=\"300\" height=\"200\" src=\"https:\/\/radiozapatista.org\/wp-content\/uploads\/2016\/08\/DSC_0126-300x200.jpg\" class=\"attachment- size-\" alt=\"\" \/><\/li><li class=\"js_slide\"><img loading=\"lazy\" decoding=\"async\" width=\"300\" height=\"200\" src=\"https:\/\/radiozapatista.org\/wp-content\/uploads\/2016\/08\/DSC_0101-300x200.jpg\" class=\"attachment- size-\" alt=\"\" \/><\/li><li class=\"js_slide\"><img loading=\"lazy\" decoding=\"async\" width=\"300\" height=\"200\" src=\"https:\/\/radiozapatista.org\/wp-content\/uploads\/2016\/08\/DSC_0089-300x200.jpg\" class=\"attachment- size-\" alt=\"\" \/><\/li><li class=\"js_slide\"><img loading=\"lazy\" decoding=\"async\" width=\"300\" height=\"200\" src=\"https:\/\/radiozapatista.org\/wp-content\/uploads\/2016\/08\/DSC_0083-300x200.jpg\" class=\"attachment- size-\" alt=\"\" \/><\/li><li class=\"js_slide\"><img loading=\"lazy\" decoding=\"async\" width=\"660\" height=\"330\" src=\"https:\/\/radiozapatista.org\/wp-content\/uploads\/2016\/08\/20160826_191836-660x330.jpg\" class=\"attachment- size-\" alt=\"\" srcset=\"https:\/\/radiozapatista.org\/wp-content\/uploads\/2016\/08\/20160826_191836-660x330.jpg 660w, https:\/\/radiozapatista.org\/wp-content\/uploads\/2016\/08\/20160826_191836-660x330-350x175.jpg 350w\" sizes=\"auto, (max-width: 660px) 100vw, 660px\" \/><\/li><li class=\"js_slide\"><img loading=\"lazy\" decoding=\"async\" width=\"300\" height=\"225\" src=\"https:\/\/radiozapatista.org\/wp-content\/uploads\/2016\/08\/20160826_182624-300x225.jpg\" class=\"attachment- size-\" alt=\"\" \/><\/li>\t<\/ul>\n\t                <\/div>\n\t\t\t\t\t<span class=\"js_prev rz_slider_nav\"><svg xmlns='http:\/\/www.w3.org\/2000\/svg' viewBox='0 0 40 70'>\n\t<line x1='37' y1='3' x2='3' y2='36' style='stroke:white;stroke-width:5px' \/>\n\t<line x1='3' y1='34' x2='37' y2='67' style='stroke:white;stroke-width:5px' \/>\n<\/svg><\/span>\n\t\t\t\t\t<span class=\"js_next rz_slider_nav\"><svg xmlns='http:\/\/www.w3.org\/2000\/svg' viewBox='0 0 40 70'>\n\t<line x1='3' y1='3' x2='35' y2='36' style='stroke:white;stroke-width:5px' \/>\n\t<line x1='35' y1='34' x2='3' y2='67' style='stroke:white;stroke-width:5px' \/>\n<\/svg><\/span><\/div><script>\n\t'use strict';\n\n\tif(!window.slideshowCodeAlreadyRun) {\n\t\twindow.slideshowCodeAlreadyRun = true;\n\t\tdocument.addEventListener('DOMContentLoaded', function(){\n\t\t\tvar slidersMarkup = document.querySelectorAll('.js_slider'),\n\t\t\t\tsliders = [];\n\n\t        Array.prototype.slice.call(slidersMarkup).forEach(function (element, index) {\n\t            sliders.push( lory(element, {\n\t\t\t\t    \tinfinite: 1\n\t\t            })\n\t\t\t\t);\n\t\t\t\t\/\/ console.log(sliders);\n\t        });\n\n\t\t\t\/\/ reset sliders. firefox bug?\n\t\t\t\/\/ setTimeout(function () {\n\t\t\t\/\/ \tsliders.forEach(function(slider){\n\t\t\t\/\/ \t\tconsole.log(slider);\n\t\t\t\/\/ \t\tslider.reset(); \n\t\t\t\/\/ \t\t\/\/ slider.slideTo(1);\n\t\t\t\/\/ \t});\n\t\t\t\/\/ }, 100);\n\t\n\t\t}); \n\t}\n\t<\/script><\/p>\n<p>Palabras de la ENR Mactumactz\u00e1 a 23 meses de la desaparici\u00f3n forzada de los 43 normalistas de Ayotzinapa [podcast]https:\/\/radiozapatista.org\/Audios\/mactu_26082016.mp3[\/podcast]<\/p>\n<p>Palabras de la CNTE a 23 meses de la desaparici\u00f3n forzada de los 43 normalistas de Ayotzinapa [podcast]https:\/\/radiozapatista.org\/Audios\/cnte_26082016.mp3[\/podcast]<\/p>\n<p style=\"text-align: right;\">\u201cLas normales rurales nos forman como maestros rurales para regresar<br \/>\na nuestras comunidades a ense\u00f1ar lo que hemos aprendido en las aulas\u201d<br \/>\n&#8211; estudiantes normalistas.<\/p>\n<p>Tuxtla Guti\u00e9rrez, Chiapas. Pozol. 26 de agosto. A 23 meses de la desaparici\u00f3n forzada de los 43 estudiantes de Ayotzinapa, Guerrero, estudiantes de las diferentes normales del estado, maestr@s y organizaciones sociales, marcharon exigiendo la aparici\u00f3n con vida de los normalistas desaparecidos y ante la falta de seriedad en las respuestas del Estado.<\/p>\n<p>\u201cQueremos reafirmar el compromiso que tenemos en la lucha por la aparici\u00f3n con vida de nuestros 43 compa\u00f1eros. 43 familias que a\u00fan no encuentran paz y consuelo ante tan vergonzoso acto de este gobierno corrupto y opresor\u201d expresaron estudiantes de la Escuela Normal Rural Mactumactz\u00e1 durante el mitin realizado en la plaza central de la ciudad. \u201cNo vamos a descansar hasta encontrar a nuestros 43 compa\u00f1eros\u201d, enfatizaron.<\/p>\n<p><!--more-->Durante el mitin, voceros del movimiento magisterial refirieron algunos aspectos sociales del normalismo rural en M\u00e9xico. \u201cLas normales rurales surgen para darle la oportunidad de estudiar a los m\u00e1s pobres entre los pobres, ah\u00ed estudian hijos de campesinos pobres e hijos de ind\u00edgenas. Las normales rurales han sido inc\u00f3modas al poder porque ah\u00ed se forman alumnos con mentes cr\u00edticas, anal\u00edticas y reflexivas\u201d.<\/p>\n<p>La educaci\u00f3n que se imparte en las normales rurales, como la Normal Ra\u00fal Isidro Burgos en Ayotzinapa, Guerrero, se da tanto en las aulas como en las tareas productivas. \u201cSe combina el trabajo manual y el trabajo intelectual. Los normalistas rurales se van hasta los lugares m\u00e1s inh\u00f3spitos de este pa\u00eds. Por eso nos odian, por eso nos persiguen, por eso nos persiguen y por eso nos desaparecen\u201d, destacaron los docentes en paro, muchos de ellos egresados de normales rurales.<\/p>\n<p>\u201cNos queda bien claro que la desaparici\u00f3n de nuestros 43 hermanos normalistas es un golpe artero a la educaci\u00f3n p\u00fablica, con esa desaparici\u00f3n y la muerte de algunos compa\u00f1eros quer\u00edan mandar el mensaje de que los empresarios estaban decididos a privatizar la educaci\u00f3n\u201d, afirmaron voceros del movimiento magisterial chiapaneco que acompa\u00f1aron la marcha que parti\u00f3 de la Escuela Normal Rural Mactumactz\u00e1, al poniente de la capital chiapanecam hacia la plaza central donde se ubica el plant\u00f3n magisterial a m\u00e1s de 100 d\u00edas de instalado.<\/p>\n<p>Por otro lado, el movimiento magisterial denunci\u00f3 la recia campa\u00f1a medi\u00e1tica del Estado en este inicio del ciclo escolar, se\u00f1alando que el gobierno \u201camenaza a los padres de familia de que les va a suspender los apoyos sociales que les brinda si no obligan a abrir las escuelas. Sin embargo, es exigua la cantidad de padres de familia que, manipulados, han hecho caso a la estrategia del gobierno\u201d.<\/p>\n<p>En ese sentido se\u00f1alaron que cuentan con el apoyo de madres y padres de familia, as\u00ed como de las organizaciones sociales \u201cporque han entendido a cabalidad que hoy, m\u00e1s importante que iniciar el ciclo escolar es defender el derecho a la educaci\u00f3n amenazado por la amenaza que representa la reforma educativa\u201d.<\/p>\n<p>Finalmente, el movimiento magisterial dio un mensaje al gobierno ante la evidente cerraz\u00f3n y falta de seriedad en las respuestas a la exigencia del magisterio, a saber, la abrogaci\u00f3n de la \u201creforma educativa\u201d. \u201c[El gobierno] ha incursionado ya con la agresi\u00f3n, con la c\u00e1rcel, con la represi\u00f3n y con la muerte y no ha podido debilitar ni un solo \u00e1pice de este enorme movimiento en el que caminan maestros, estudiantes padres de familia y organizaciones sociales. Hoy estamos convencidos y lo hemos demostrado una y otra vez que nosotros no cesaremos en esta noble lucha a pesar de la incursi\u00f3n violenta que pueda hacer el Estado\u201d, concluyeron los educadores.<\/p>","protected":false},"excerpt":{"rendered":"<p>Palabras de la ENR Mactumactz\u00e1 a 23 meses de la desaparici\u00f3n forzada de los 43 normalistas de Ayotzinapa [podcast]https:\/\/radiozapatista.org\/Audios\/mactu_26082016.mp3[\/podcast] Palabras de la CNTE a 23 meses de la desaparici\u00f3n forzada de los 43 normalistas de Ayotzinapa [podcast]https:\/\/radiozapatista.org\/Audios\/cnte_26082016.mp3[\/podcast] \u201cLas normales rurales nos forman como maestros rurales para regresar a nuestras comunidades a ense\u00f1ar lo que hemos [&hellip;]<\/p>\n","protected":false},"author":1,"featured_media":18545,"comment_status":"open","ping_status":"closed","sticky":false,"template":"","format":"standard","meta":{"footnotes":""},"categories":[1,6,196],"tags":[929,879,57,578,1045],"class_list":["post-18543","post","type-post","status-publish","format-standard","has-post-thumbnail","hentry","category-audio","category-chiapas","category-radio-pozol","tag-ayotzinapa","tag-cnte","tag-educacion","tag-escuelas-normales-rurales","tag-reforma-educativa"],"_links":{"self":[{"href":"https:\/\/radiozapatista.org\/index.php?rest_route=\/wp\/v2\/posts\/18543","targetHints":{"allow":["GET"]}}],"collection":[{"href":"https:\/\/radiozapatista.org\/index.php?rest_route=\/wp\/v2\/posts"}],"about":[{"href":"https:\/\/radiozapatista.org\/index.php?rest_route=\/wp\/v2\/types\/post"}],"author":[{"embeddable":true,"href":"https:\/\/radiozapatista.org\/index.php?rest_route=\/wp\/v2\/users\/1"}],"replies":[{"embeddable":true,"href":"https:\/\/radiozapatista.org\/index.php?rest_route=%2Fwp%2Fv2%2Fcomments&post=18543"}],"version-history":[{"count":0,"href":"https:\/\/radiozapatista.org\/index.php?rest_route=\/wp\/v2\/posts\/18543\/revisions"}],"wp:featuredmedia":[{"embeddable":true,"href":"https:\/\/radiozapatista.org\/index.php?rest_route=\/wp\/v2\/media\/18545"}],"wp:attachment":[{"href":"https:\/\/radiozapatista.org\/index.php?rest_route=%2Fwp%2Fv2%2Fmedia&parent=18543"}],"wp:term":[{"taxonomy":"category","embeddable":true,"href":"https:\/\/radiozapatista.org\/index.php?rest_route=%2Fwp%2Fv2%2Fcategories&post=18543"},{"taxonomy":"post_tag","embeddable":true,"href":"https:\/\/radiozapatista.org\/index.php?rest_route=%2Fwp%2Fv2%2Ftags&post=18543"}],"curies":[{"name":"wp","href":"https:\/\/api.w.org\/{rel}","templated":true}]}}