{"id":1753,"date":"2011-02-28T14:54:40","date_gmt":"2011-02-28T20:54:40","guid":{"rendered":"https:\/\/radiozapatista.org\/?p=1753"},"modified":"2011-02-28T14:54:40","modified_gmt":"2011-02-28T20:54:40","slug":"denuncia-nuevos-ataques-a-companeros-de-mitziton","status":"publish","type":"post","link":"https:\/\/radiozapatista.org\/?p=1753","title":{"rendered":"<!--:es-->Denuncia: nuevos ataques a compa\u00f1eros de Mitzit\u00f3n<!--:--><!--:en-->Denunciation: new attacks against compa\u00f1eros from Mitzit\u00f3n<!--:-->"},"content":{"rendered":"<p><!--:es-->Comunidad de Mitzit\u00f3n, Chiapas. A 28 de febrero de 2011.<\/p>\n<p>A las Juntas de Buen Gobierno<br \/>\nA la Comisi\u00f3n Sexta<br \/>\nA la Zesta Internacional<br \/>\nA la Otra Campa\u00f1a<br \/>\nAl Congreso Nacional Ind\u00edgena (CNI)<br \/>\nA los Organismos Defensores de Derechos Humanos<br \/>\nA los Medios Alternativos de comunicaci\u00f3n<\/p>\n<p>Compa\u00f1eras y compa\u00f1eros:<\/p>\n<p>Antes que nada agradecemos a todas y todos sus voces de protesta y sus acciones demostrando apoyo para nosotros y los otros adherentes de Chiapas. Como pueblo organizado de Mitzit\u00f3n nos encontramos reunidos d\u00eda y noche en la casa ejidal, desde el d\u00eda 13 de febrero en que fuimos agredidos a balazos por los paramilitares de nuestra comunidad. Como medida de seguridad ante las agresiones y amenazas continuadas por parte de los integrantes de los grupos paramilitares, decidimos permanecer juntos en este espacio comunitario.<\/p>\n<p>El d\u00eda 26 de febrero aproximadamente a las 5:00 p.m. el compa\u00f1ero Clemente Jim\u00e9nez Jim\u00e9nez fue agredido a pedradas por un grupo de los agresores paramilitares, pero pensamos que s\u00f3lo eso era toda su agresi\u00f3n y como a las 7:30 p.m. tomamos el acuerdo de ir a nuestras casas a descansar por dos d\u00edas, ante el cansancio de las compa\u00f1eras y compa\u00f1eros.<\/p>\n<p>A las 8: 00 p.m. el compa\u00f1ero Juan Cresencio Gonz\u00e1lez Hern\u00e1ndez, adherente a la Otra Campa\u00f1a, llega a su casa y se encuentra con su pap\u00e1 y su mam\u00e1, Juan Gonz\u00e1lez G\u00f3mez y Micaela Hern\u00e1ndez Estrada. Sus pap\u00e1s participan en uno de los grupos agresores y en ese momento se encuentran tomando alcohol junto con Ciro Heredia Jim\u00e9nez, Gabino Gonz\u00e1lez Hern\u00e1ndez, Aurelio Jim\u00e9nez Gonz\u00e1lez y Laura Ruiz Hern\u00e1ndez. Al llegar el compa\u00f1ero Juan Cresencio, lo agarran entre Ciro, Gabino y Aurelio y lo empiezan a golpear.<\/p>\n<p>Al escuchar los gritos del compa\u00f1ero Juan Cresencio, sus primos Clemente Jim\u00e9nez Jim\u00e9nez, de 23 a\u00f1os de edad y Gerardo Jim\u00e9nez Gonz\u00e1lez de 35 a\u00f1os de edad acuden a auxiliarlo. Al tratar de rescatar a Juan Cresencio de sus agresores, el compa\u00f1ero Clemente recibe una cuchillada en la cara, partiendo su nariz en dos. Al tratar de protegerse la cara recibe otra cuchillada en la mano derecha. Ambas heridas son producidas por Ciro Heredia Jim\u00e9nez. Acto seguido el mismo sujeto Ciro hiere al compa\u00f1ero Gerardo Jim\u00e9nez Gonz\u00e1lez con la misma arma en la cara y el hombro izquierdo. Tambi\u00e9n lo tiraron al piso y le siguieron golpeando con sa\u00f1a cuando \u00e9l ya estaba herido.<\/p>\n<p>El compa\u00f1ero Juan Jim\u00e9nez Ventana, de 24 a\u00f1os de edad, tambi\u00e9n llega a auxiliar y es recibido a cachetadas por Micaela Hern\u00e1ndez Estrada, antes de ser tirado al suelo por Gabino y Ciro, quienes le amarran el cuello con el prop\u00f3sito de asfixiarlo. El compa\u00f1ero se salva porque la compa\u00f1era Guadalupe Gonz\u00e1lez G\u00f3mez que es su suegra, estaba cerca de ah\u00ed, escuch\u00f3 sus gritos de Juan y valientemente se meti\u00f3 a la casa e intervino para liberarlo. Las agresiones produjeron la p\u00e9rdida de conciencia de los dos compa\u00f1eros Gerardo y Clemente. Pero entre su mam\u00e1, su mujer y la compa\u00f1era Guadalupe, los rescataron y los sacaron de ah\u00ed. El Clemente es trasladado a la Cruz Roja por su propio pap\u00e1, en donde recibe las primeras atenciones m\u00e9dicas.<\/p>\n<p>La valoraci\u00f3n m\u00e9dica actual del compa\u00f1ero Clemente: presenta tres heridas producidas por arma blanca, dos de ellas en la nariz (una de las cuales es profunda y corta el cart\u00edlago nasal) y otra m\u00e1s en la mano derecha. Las tres heridas fueron suturadas en la Cruz Roja. El compa\u00f1ero Gerardo presenta m\u00faltiples contusiones en cara y pecho, una herida profunda en el hombro izquierdo y otra herida en la nariz, adem\u00e1s de varias erosiones superficiales en la cara. Ambos compa\u00f1eros est\u00e1n estables, pero est\u00e1n muy afectados emocionalmente por lo sucedido. Mientras fueron atendidos los heridos, los agresores permanecieron en la casa, destrozando los muebles de la cocina.<\/p>\n<p>Hoy 27 de febrero a las 9 a.m. llegaron a la casa otros miembros del mismo grupo agresor, los dirigentes Gregorio G\u00f3mez Jim\u00e9nez, Manuel Jim\u00e9nez Jim\u00e9nez y Francisco G\u00f3mez D\u00edaz a tomar fotos dentro de la cocina y se teme que ellos culpar\u00e1n falsamente a los compa\u00f1eros heridos por los da\u00f1os, porque as\u00ed es su costumbre de andarnos fabricando delitos para que el mal gobierno tenga pretexto de llevarnos a la c\u00e1rcel, y as\u00ed a ver si nos echan miedo y dejamos la lucha, pero eso no lo vamos a hacer.<\/p>\n<p>Denunciamos que las graves amenazas y agresiones de este grupo, se han aumentado desde 2009 en que decidimos luchar organizados para defender nuestro territorio del despojo que nos quieren hacer y que la violencia de su parte en nuestra contra ha ido escalando y coincide con los ataques a nuestros compa\u00f1eros adherentes de Bachaj\u00f3n y de la Costa.<\/p>\n<p>Hacemos responsable a los malos gobiernos en sus tres niveles de todas las agresiones que hemos sufrido y de lo que podamos sufrir porque contin\u00faan y se hacen m\u00e1s graves las amenazas, porque mantiene en la impunidad todo lo que nos han hecho, ha liberado hasta al asesino de nuestro compa\u00f1ero Aurelio, mientras que a nuestros compa\u00f1eros y a otros compas que su \u00fanico delito es luchar los mantiene secuestrados en sus c\u00e1rceles. Nosotras y nosotros no hemos olvidado que el mal gobierno del estado se comprometi\u00f3 desde el 5 de junio del a\u00f1o pasado a reubicar a los paramilitares.<\/p>\n<p style=\"text-align: center;\">\u00a1JUSTICIA!<br \/>\n\u00a1YA BASTA DE AMENAZAS Y AGRESIONES!<br \/>\n\u00a1REUBICACI\u00d3N INMEDIATA DE LOS AGRESORES!<\/p>\n<p style=\"text-align: center;\">Pueblo Organizado de Mitizit\u00f3n Adherente a la Otra Campa\u00f1a<\/p>\n<p><!--:--><\/p>\n","protected":false},"excerpt":{"rendered":"<p>Comunidad de Mitzit\u00f3n, Chiapas. A 28 de febrero de 2011. A las Juntas de Buen Gobierno A la Comisi\u00f3n Sexta A la Zesta Internacional A la Otra Campa\u00f1a Al Congreso Nacional Ind\u00edgena (CNI) A los Organismos Defensores de Derechos Humanos A los Medios Alternativos de comunicaci\u00f3n Compa\u00f1eras y compa\u00f1eros: Antes que nada agradecemos a todas [&hellip;]<\/p>\n","protected":false},"author":1,"featured_media":0,"comment_status":"open","ping_status":"open","sticky":false,"template":"","format":"standard","meta":{"footnotes":""},"categories":[183],"tags":[22,23],"class_list":["post-1753","post","type-post","status-publish","format-standard","hentry","category-blog","tag-mitziton","tag-paramilitares"],"_links":{"self":[{"href":"https:\/\/radiozapatista.org\/index.php?rest_route=\/wp\/v2\/posts\/1753","targetHints":{"allow":["GET"]}}],"collection":[{"href":"https:\/\/radiozapatista.org\/index.php?rest_route=\/wp\/v2\/posts"}],"about":[{"href":"https:\/\/radiozapatista.org\/index.php?rest_route=\/wp\/v2\/types\/post"}],"author":[{"embeddable":true,"href":"https:\/\/radiozapatista.org\/index.php?rest_route=\/wp\/v2\/users\/1"}],"replies":[{"embeddable":true,"href":"https:\/\/radiozapatista.org\/index.php?rest_route=%2Fwp%2Fv2%2Fcomments&post=1753"}],"version-history":[{"count":0,"href":"https:\/\/radiozapatista.org\/index.php?rest_route=\/wp\/v2\/posts\/1753\/revisions"}],"wp:attachment":[{"href":"https:\/\/radiozapatista.org\/index.php?rest_route=%2Fwp%2Fv2%2Fmedia&parent=1753"}],"wp:term":[{"taxonomy":"category","embeddable":true,"href":"https:\/\/radiozapatista.org\/index.php?rest_route=%2Fwp%2Fv2%2Fcategories&post=1753"},{"taxonomy":"post_tag","embeddable":true,"href":"https:\/\/radiozapatista.org\/index.php?rest_route=%2Fwp%2Fv2%2Ftags&post=1753"}],"curies":[{"name":"wp","href":"https:\/\/api.w.org\/{rel}","templated":true}]}}