{"id":17387,"date":"2016-07-20T16:53:16","date_gmt":"2016-07-20T21:53:16","guid":{"rendered":"https:\/\/radiozapatista.org\/?p=17387"},"modified":"2016-07-20T16:53:16","modified_gmt":"2016-07-20T21:53:16","slug":"desalojo-violento-hacia-el-planton-de-maestros-y-maestras-en-san-cristobal","status":"publish","type":"post","link":"https:\/\/radiozapatista.org\/?p=17387","title":{"rendered":"Desalojo violento hacia el plant\u00f3n de maestros y maestras en San Crist\u00f3bal"},"content":{"rendered":"<p><a href=\"https:\/\/radiozapatista.org\/wp-content\/uploads\/2016\/07\/IMG_5103.jpg\"><img loading=\"lazy\" decoding=\"async\" class=\"alignnone size-medium wp-image-17388\" src=\"https:\/\/radiozapatista.org\/wp-content\/uploads\/2016\/07\/IMG_5103-350x263.jpg\" alt=\"IMG_5103\" width=\"350\" height=\"263\" srcset=\"https:\/\/radiozapatista.org\/wp-content\/uploads\/2016\/07\/IMG_5103-350x263.jpg 350w, https:\/\/radiozapatista.org\/wp-content\/uploads\/2016\/07\/IMG_5103-1024x768.jpg 1024w, https:\/\/radiozapatista.org\/wp-content\/uploads\/2016\/07\/IMG_5103.jpg 1280w\" sizes=\"auto, (max-width: 350px) 100vw, 350px\" \/><\/a><\/p>\n<p>&nbsp;<\/p>\n<p><span style=\"font-family: DejaVu Sans,sans-serif;\"><span style=\"font-size: small;\">San Crist\u00f3bal de Las Casas, Chiapas, M\u00e9xico,<\/span><\/span><\/p>\n<p align=\"right\"><span style=\"font-family: Helvetica,Arial,sans-serif;\"><span style=\"font-size: small;\"><span style=\"font-family: DejaVu Sans,sans-serif;\"><span style=\"font-size: small;\">a 2<\/span><\/span><span style=\"font-family: DejaVu Sans,sans-serif;\"><span style=\"font-size: small;\">0<\/span><\/span><span style=\"font-family: DejaVu Sans,sans-serif;\"><span style=\"font-size: small;\"> de ju<\/span><\/span><span style=\"font-family: DejaVu Sans,sans-serif;\"><span style=\"font-size: small;\">lio<\/span><\/span><span style=\"font-family: DejaVu Sans,sans-serif;\"><span style=\"font-size: small;\"> de 2016<\/span><\/span><\/span><\/span><\/p>\n<p align=\"right\"><span style=\"font-family: Helvetica,Arial,sans-serif;\"><span style=\"font-size: small;\"><span style=\"font-family: DejaVu Sans,sans-serif;\"><span style=\"font-size: small;\">Nota Informativa<\/span><\/span><\/span><\/span><\/p>\n<p><span style=\"font-family: DejaVu Sans,sans-serif;\"><span style=\"font-size: small;\"><b>Desalojo violento hacia el plant\u00f3n de maestros y maestras en San Crist\u00f3bal<\/b><\/span><\/span><\/p>\n<p align=\"justify\"><span style=\"font-family: Times New Roman,serif;\"><span style=\"font-size: medium;\">Seg\u00fan datos con los que cuenta este Centro de Derechos Humanos, nos informan que el d\u00eda de hoy 20 de julio hacia las 12:30 hrs. se efectu\u00f3 el desalojo violento en el tramo carretero San Crist\u00f3bal \u2013 Tuxtla Guti\u00e9rrez del bloqueo de maestros\/as que la CNTE manten\u00eda como un acto de resistencia y libre expresi\u00f3n en contra de la reforma educativa. El hecho fue realizado por cerca de 100 personas encapuchadas, vestidas de camisa negra y pantal\u00f3n azul provenientes del municipio de Chamula junto con polic\u00edas municipales y estatales del gobierno de Chiapas.<\/span><\/span><\/p>\n<p align=\"justify\"><span style=\"font-family: Times New Roman,serif;\"><span style=\"font-size: medium;\">De acuerdo a la informaci\u00f3n recibida se lanzaron gases lacrim\u00f3genos y se hicieron disparos de arma de fuego; se habla por el momento, de dos personas heridas con arma de fuego, a una de ellas le dispararon en el hombro, adem\u00e1s de destruir y quemar el campamento.<\/span><\/span><\/p>\n<p align=\"justify\"><span style=\"font-family: Times New Roman,serif;\"><span style=\"font-size: medium;\">Es preciso recalcar que el bloqueo estaba conformado por maestros y maestras, padres y madres de familia, integrantes de organizaciones sociales, de representantes de barrios y colonias de la ciudad de San Crist\u00f3bal de Las Casas, as\u00ed como personas de todas las edades, con el objetivo de solidarizarse y manifestar su inconformidad en contra de la reforma educativa y las reformas estructurales que el gobierno mexicano esta implementando bajo acciones represivas. <\/span><\/span><\/p>\n<p align=\"justify\"><span style=\"font-family: Times New Roman,serif;\"><span style=\"font-size: medium;\">Despu\u00e9s de estos hechos nos reportan presencia del Ej\u00e9rcito mexicano, en una acci\u00f3n de ocupaci\u00f3n y de reforzar las acciones represivas.<\/span><\/span><\/p>\n<p align=\"justify\"><span style=\"font-family: Times New Roman,serif;\"><span style=\"font-size: medium;\">Este Centro de Derechos Humanos se pronuncia en contra de estos hechos arbitrarios que no ayudan al proceso de dialogo que se mantiene con el gobierno federal.<\/span><\/span><\/p>\n<p><\/p>","protected":false},"excerpt":{"rendered":"<p>&nbsp; San Crist\u00f3bal de Las Casas, Chiapas, M\u00e9xico, a 20 de julio de 2016 Nota Informativa Desalojo violento hacia el plant\u00f3n de maestros y maestras en San Crist\u00f3bal Seg\u00fan datos con los que cuenta este Centro de Derechos Humanos, nos informan que el d\u00eda de hoy 20 de julio hacia las 12:30 hrs. se efectu\u00f3 [&hellip;]<\/p>\n","protected":false},"author":19,"featured_media":0,"comment_status":"open","ping_status":"closed","sticky":false,"template":"","format":"standard","meta":{"footnotes":""},"categories":[55,183],"tags":[879],"class_list":["post-17387","post","type-post","status-publish","format-standard","hentry","category-frayba","category-blog","tag-cnte"],"_links":{"self":[{"href":"https:\/\/radiozapatista.org\/index.php?rest_route=\/wp\/v2\/posts\/17387","targetHints":{"allow":["GET"]}}],"collection":[{"href":"https:\/\/radiozapatista.org\/index.php?rest_route=\/wp\/v2\/posts"}],"about":[{"href":"https:\/\/radiozapatista.org\/index.php?rest_route=\/wp\/v2\/types\/post"}],"author":[{"embeddable":true,"href":"https:\/\/radiozapatista.org\/index.php?rest_route=\/wp\/v2\/users\/19"}],"replies":[{"embeddable":true,"href":"https:\/\/radiozapatista.org\/index.php?rest_route=%2Fwp%2Fv2%2Fcomments&post=17387"}],"version-history":[{"count":0,"href":"https:\/\/radiozapatista.org\/index.php?rest_route=\/wp\/v2\/posts\/17387\/revisions"}],"wp:attachment":[{"href":"https:\/\/radiozapatista.org\/index.php?rest_route=%2Fwp%2Fv2%2Fmedia&parent=17387"}],"wp:term":[{"taxonomy":"category","embeddable":true,"href":"https:\/\/radiozapatista.org\/index.php?rest_route=%2Fwp%2Fv2%2Fcategories&post=17387"},{"taxonomy":"post_tag","embeddable":true,"href":"https:\/\/radiozapatista.org\/index.php?rest_route=%2Fwp%2Fv2%2Ftags&post=17387"}],"curies":[{"name":"wp","href":"https:\/\/api.w.org\/{rel}","templated":true}]}}