{"id":17115,"date":"2016-06-24T09:56:55","date_gmt":"2016-06-24T14:56:55","guid":{"rendered":"https:\/\/radiozapatista.org\/?p=17115"},"modified":"2016-06-24T09:56:55","modified_gmt":"2016-06-24T14:56:55","slug":"desde-noruega-todo-nuestro-apoyo-para-lxs-maestrxs-en-pie-de-lucha-en-mexico","status":"publish","type":"post","link":"https:\/\/radiozapatista.org\/?p=17115","title":{"rendered":"Desde Noruega: Todo nuestro apoyo para lxs maestrxs en pie de lucha en M\u00e9xico"},"content":{"rendered":"<p>Para todxs lxs corazones rebeldes en M\u00e9xico y en el mundo<br \/>\nPara todxs lxs maestros que defienden una educaci\u00f3n p\u00fablica y emancipatoria.<br \/>\nPara todos los medios libres e independientes<br \/>\nPara La Sexta<\/p>\n<p>Todo nuestro apoyo para lxs maestrxs en pie de lucha en M\u00e9xico. 23.06.16<\/p>\n<p>Con una preocupaci\u00f3n profunda vemos como el estado mexicano de nuevo usa la fuerza bruta para reprimir a manifestaciones pac\u00edficas e legitimas en el pa\u00eds. Lxs maestrxs en M\u00e9xico han por mucho tiempo visibilizado las consecuencias de las reformas educativas del gobierno actual liderado por Enrique Pe\u00f1a Nieto. Es obvio que el deseo del gobierno de privatizar el sistema educativo no encuentra resonancia entre lxs maestrxs del pa\u00eds.<\/p>\n<p>La Coordinadora Nacional de Trabajadores de la Educaci\u00f3n (CNTE) ha estado de huelga y manifest\u00e1ndose en varios estados, principalmente en el sur como en Oaxaca y en Chiapas. No hay justificaci\u00f3n de la violencia ejercida por el estado para acabar con las protestas. Desde helic\u00f3pteros han estado tirando gas lacrim\u00f3geno, afectando a todxs, desde maestrxs, ni\u00f1xs, periodistas y gente solidaria. Han detenido y encarcelado maestrss y periodistas de forma brutal y sin explicaci\u00f3n ni justificativa. Lo que despierta la rabia y el asco hacia el gobierno es ver como la polic\u00eda anda armada en varias ciudades en Oaxaca, y hasta ahora m\u00ednimo ocho personas han perdido la vida. Fueron ejecutadas por la polic\u00eda el 19 de junio.<\/p>\n<p><!--more--><\/p>\n<p>Viernes 17 de junio el EZLN escribi\u00f3 un comunicado en apoyo a lxs maestrxs. Expresa:<\/p>\n<p>\u201cYa los golpearon, ya los gasearon, ya los encarcelaron, ya los amenazaron, ya los despidieron injustamente, ya los calumniaron, ya decretaron de facto el estado de sitio en la Ciudad de M\u00e9xico. \u00bfQu\u00e9 sigue? \u00bfQu\u00e9 los desaparezcan? \u00bfQu\u00e9 los asesinen? \u00bfEn serio? \u00bfLa reforma \u201ceducativa\u201d nacer\u00e1 sobre la sangre y cad\u00e1veres de maestras y maestros?\u201d<\/p>\n<p>El apoyo y la solidaridad con lxs maestrxs y el pueblo rebelde est\u00e1 creciendo y m\u00e1s gente se une a la lucha, por la solidaridad, pero tambi\u00e9n por la rabia de ver el actuar del estado opresor. La situaci\u00f3n se est\u00e1 cambiando constantemente, pero una cosa es segura: Diez a\u00f1os despu\u00e9s de que APPO encendi\u00f3 sus barricadas, se ve que las brasas de la digna rebeld\u00eda nunca se apagaron.<\/p>\n<p>Exigimos todxs lxs encarceladxs liberadxs! Un alto total en la represi\u00f3n del estado! Respeto y solidaridad con lxs maestrxs de M\u00e9xico!<\/p>\n<p>Chiapasgruppa, LAG Norge<\/p>","protected":false},"excerpt":{"rendered":"<p>Para todxs lxs corazones rebeldes en M\u00e9xico y en el mundo Para todxs lxs maestros que defienden una educaci\u00f3n p\u00fablica y emancipatoria. Para todos los medios libres e independientes Para La Sexta Todo nuestro apoyo para lxs maestrxs en pie de lucha en M\u00e9xico. 23.06.16 Con una preocupaci\u00f3n profunda vemos como el estado mexicano de [&hellip;]<\/p>\n","protected":false},"author":1,"featured_media":0,"comment_status":"open","ping_status":"closed","sticky":false,"template":"","format":"standard","meta":{"footnotes":""},"categories":[183],"tags":[879,920,1007,1040,531,87,27],"class_list":["post-17115","post","type-post","status-publish","format-standard","hentry","category-blog","tag-cnte","tag-europa","tag-magisterio","tag-noruega","tag-policia","tag-represion","tag-solidaridad"],"_links":{"self":[{"href":"https:\/\/radiozapatista.org\/index.php?rest_route=\/wp\/v2\/posts\/17115","targetHints":{"allow":["GET"]}}],"collection":[{"href":"https:\/\/radiozapatista.org\/index.php?rest_route=\/wp\/v2\/posts"}],"about":[{"href":"https:\/\/radiozapatista.org\/index.php?rest_route=\/wp\/v2\/types\/post"}],"author":[{"embeddable":true,"href":"https:\/\/radiozapatista.org\/index.php?rest_route=\/wp\/v2\/users\/1"}],"replies":[{"embeddable":true,"href":"https:\/\/radiozapatista.org\/index.php?rest_route=%2Fwp%2Fv2%2Fcomments&post=17115"}],"version-history":[{"count":0,"href":"https:\/\/radiozapatista.org\/index.php?rest_route=\/wp\/v2\/posts\/17115\/revisions"}],"wp:attachment":[{"href":"https:\/\/radiozapatista.org\/index.php?rest_route=%2Fwp%2Fv2%2Fmedia&parent=17115"}],"wp:term":[{"taxonomy":"category","embeddable":true,"href":"https:\/\/radiozapatista.org\/index.php?rest_route=%2Fwp%2Fv2%2Fcategories&post=17115"},{"taxonomy":"post_tag","embeddable":true,"href":"https:\/\/radiozapatista.org\/index.php?rest_route=%2Fwp%2Fv2%2Ftags&post=17115"}],"curies":[{"name":"wp","href":"https:\/\/api.w.org\/{rel}","templated":true}]}}